{"id":119260,"date":"2025-12-22T04:52:10","date_gmt":"2025-12-22T04:52:10","guid":{"rendered":"https:\/\/www.europesays.com\/no\/119260\/"},"modified":"2025-12-22T04:52:10","modified_gmt":"2025-12-22T04:52:10","slug":"tove-moe-dyrhaug-gir-seg-som-skipresident","status":"publish","type":"post","link":"https:\/\/www.europesays.com\/no\/119260\/","title":{"rendered":"Tove Moe Dyrhaug gir seg som skipresident"},"content":{"rendered":"\n<p class=\"_lead_o9xde_2 _lead_xtcu6_50 layout-component text-serif-m layout-normal text-serif-l layout-component layout-wide layout-padded _wide_17hqh_1 layout-padded\">Norges skipresident Tove Moe Dyrhaug (60) tar ikke gjenvalg til sommeren, if\u00f8lge Adresseavisen.<\/p>\n<p><img alt=\"Tove Moe Dyrhaug.  Foto: Lise \u00c5serud \/ NTB\" class=\"_image_qp4xg_65 layout-component layout-wide\" data-fullscreen- data-track-element-type=\"Article image fullscreen\" data-track-name=\"ImageFullscreen\" fetchpriority=\"high\" decoding=\"sync\" loading=\"eager\" height=\"3877\" itemprop=\"image\"  src=\"https:\/\/www.europesays.com\/no\/wp-content\/uploads\/2025\/12\/d811d9c2-5643-47db-8abf-1519721b5c72\"  style=\"object-position:0% 0%\" width=\"5815\"\/>Tove Moe Dyrhaug.  Foto: Lise \u00c5serud \/ NTB<\/p>\n<ul aria-hidden=\"true\" class=\"_images_ntbth_112\">\n<li><a class=\"_link_ntbth_117\" href=\"https:\/\/www.vg.no\/forfatter\/ntb\" style=\"z-index:1\" title=\"NTB\" rel=\"nofollow noopener\" target=\"_blank\"><img alt=\"Bilde av NTB\" class=\"_image_ntbth_93\" fetchpriority=\"low\" loading=\"lazy\" decoding=\"async\" itemprop=\"image\"  src=\"https:\/\/www.europesays.com\/no\/wp-content\/uploads\/2025\/12\/1766379130_843_c33980b0-5d07-4027-84a1-813f90a7c8d6\"  width=\"480\"\/><\/a><\/li>\n<\/ul>\n<p> Oppdatert s\u00f8ndag 21. desember kl. 22:59     <\/p>\n<p class=\"_paragraph_o9xde_4 _paragraph_xtcu6_10 layout-component text-serif-m layout-normal text-serif-m layout-padded\"> Dyrhaug har v\u00e6rt skipresident siden sommeren 2022, men skal if\u00f8lge <a href=\"https:\/\/www.adressa.no\/sport\/langrenn\/i\/3pJEPe\/gir-seg-som-skipresident\" class=\"_link_o9xde_39\" rel=\"nofollow noopener\" target=\"_blank\">avisen<\/a> ha gitt valgkomiteen beskjed om at hun ikke tar gjenvalg n\u00e5r perioden hennes er over. <\/p>\n<p class=\"_paragraph_o9xde_4 _paragraph_xtcu6_10 layout-component text-serif-m layout-normal text-serif-m layout-padded\">Adresseavisen har ikke kommet i kontakt med Dyrhaug om saken.<\/p>\n<p class=\"_paragraph_o9xde_4 _paragraph_xtcu6_10 layout-component text-serif-m layout-normal text-serif-m layout-padded\">60-\u00e5ringen jobbet i Rosenborg i 18 \u00e5r som b\u00e5de arrangementssjef og daglig leder f\u00f8r hun ble valgt inn som skipresident. Hun har ogs\u00e5 sittet i FIS-styret siden 2024 og v\u00e6rt i skistyret siden 2014. <\/p>\n<p class=\"_paragraph_o9xde_4 _paragraph_xtcu6_10 layout-component text-serif-m layout-normal text-serif-m layout-padded\">Skitinget samles i Oslo i juni neste \u00e5r. Da skal det avgj\u00f8res hvem som blir president for fire nye \u00e5r.<\/p>\n","protected":false},"excerpt":{"rendered":"Norges skipresident Tove Moe Dyrhaug (60) tar ikke gjenvalg til sommeren, if\u00f8lge Adresseavisen. Tove Moe Dyrhaug. Foto: Lise&hellip;\n","protected":false},"author":2,"featured_media":119261,"comment_status":"","ping_status":"","sticky":false,"template":"","format":"standard","meta":{"footnotes":""},"categories":[5],"tags":[20,21,24,25,15,19,22,23,17,18,13,30,28,642,29,14,16,26,27,14263],"class_list":{"0":"post-119260","1":"post","2":"type-post","3":"status-publish","4":"format-standard","5":"has-post-thumbnail","7":"category-overskrifter","8":"tag-breaking-news","9":"tag-breakingnews","10":"tag-featured-news","11":"tag-featurednews","12":"tag-headlines","13":"tag-hovedoppslag","14":"tag-latest-news","15":"tag-latestnews","16":"tag-main-news","17":"tag-mainnews","18":"tag-news","19":"tag-no","20":"tag-norge","21":"tag-norges-skiforbund","22":"tag-norway","23":"tag-nyheter","24":"tag-overskrifter","25":"tag-top-stories","26":"tag-topstories","27":"tag-tove-moe-dyrhaug"},"share_on_mastodon":{"url":"https:\/\/pubeurope.com\/@no\/115761430292611399","error":""},"_links":{"self":[{"href":"https:\/\/www.europesays.com\/no\/wp-json\/wp\/v2\/posts\/119260","targetHints":{"allow":["GET"]}}],"collection":[{"href":"https:\/\/www.europesays.com\/no\/wp-json\/wp\/v2\/posts"}],"about":[{"href":"https:\/\/www.europesays.com\/no\/wp-json\/wp\/v2\/types\/post"}],"author":[{"embeddable":true,"href":"https:\/\/www.europesays.com\/no\/wp-json\/wp\/v2\/users\/2"}],"replies":[{"embeddable":true,"href":"https:\/\/www.europesays.com\/no\/wp-json\/wp\/v2\/comments?post=119260"}],"version-history":[{"count":0,"href":"https:\/\/www.europesays.com\/no\/wp-json\/wp\/v2\/posts\/119260\/revisions"}],"wp:featuredmedia":[{"embeddable":true,"href":"https:\/\/www.europesays.com\/no\/wp-json\/wp\/v2\/media\/119261"}],"wp:attachment":[{"href":"https:\/\/www.europesays.com\/no\/wp-json\/wp\/v2\/media?parent=119260"}],"wp:term":[{"taxonomy":"category","embeddable":true,"href":"https:\/\/www.europesays.com\/no\/wp-json\/wp\/v2\/categories?post=119260"},{"taxonomy":"post_tag","embeddable":true,"href":"https:\/\/www.europesays.com\/no\/wp-json\/wp\/v2\/tags?post=119260"}],"curies":[{"name":"wp","href":"https:\/\/api.w.org\/{rel}","templated":true}]}}