{"id":119266,"date":"2025-12-22T05:15:48","date_gmt":"2025-12-22T05:15:48","guid":{"rendered":"https:\/\/www.europesays.com\/no\/119266\/"},"modified":"2025-12-22T05:15:48","modified_gmt":"2025-12-22T05:15:48","slug":"sport-fotball-haaland-passerte-ronaldo-gir-gave-til-hareides-barnebarn","status":"publish","type":"post","link":"https:\/\/www.europesays.com\/no\/119266\/","title":{"rendered":"Sport, Fotball | Haaland passerte Ronaldo \u2013 gir gave til Hareides barnebarn"},"content":{"rendered":"\n<p><a href=\"https:\/\/live.nettavisen.no\/fotball\/1\/2025-12-20\/kamp\/2636411\" rel=\"Follow nofollow noopener\" target=\"_blank\"><b>MANCHESTER CITY &#8211; WEST HAM 3-0:<\/b><\/a><\/p>\n<p>(<a href=\"https:\/\/www.nettavisen.no\/sport\/haaland-med-gave-til-hareides-barnebarn\/s\/5-95-2791661\" rel=\"Follow nofollow noopener\" target=\"_blank\">Nettavisen<\/a>) Erling Braut Haaland scoret to m\u00e5l og leverte \u00e9n m\u00e5lgivende pasning til Tijjani Reijnders da Manchester City slo West Ham 3-0 l\u00f8rdag.<\/p>\n<p>F\u00f8r kampen sto nordmannen med 102 Premier League-m\u00e5l. Ett mindre enn Cristiano Ronaldo, som noterte seg for 103 scoringer i l\u00f8pet av to perioder i Manchester United.<\/p>\n<p>Legendene hentes inn<\/p>\n<p>Haalands to scoringer gj\u00f8r alts\u00e5 at han passerer den portugisiske legenden, som spilte store deler av sin karriere utenfor England.<\/p>\n<p>Interessant er det like fullt at Haaland har n\u00e5dd 104 m\u00e5l p\u00e5 113 kamper, mens Ronaldo scoret 103 m\u00e5l p\u00e5 236 kamper.<\/p>\n<p>Haaland st\u00e5r n\u00e5 med like mange m\u00e5l som Chelsea-legenden Didier Drogba (104), og de neste som st\u00e5r i fare for \u00e5 bli innhentet er Darren Bent (106), Paul Scholes (107), Peter Crouch (108), Ryan Giggs (109) og Emile Heskey (110).<\/p>\n<p>Alan Shearer er den mestscorende Premier League-spilleren gjennom tidene med sine 260 m\u00e5l.<\/p>\n<p>Hareide-gave<\/p>\n<p>F\u00f8r kampen ble det ogs\u00e5 kjent at Haaland vil gi drakten fra l\u00f8rdagens kamp til \u00c5ge Hareides barnebarn.<\/p>\n<p>\u2013 Haaland har bestemt at drakta han bruker i dagens kamp mot West Ham skal gis til de fire barnebarna til \u00c5ge Hareide. En veldig fin gest av j\u00e6rbuen, meldte Jan \u00c5ge Fj\u00f8rtoft hos Viaplay f\u00f8r kampen mellom Manchester City og West Ham.<\/p>\n<p>Den tidligere fotballtreneren d\u00f8de denne uken 72 \u00e5r gammel.<\/p>\n<p>Bendik Hareide, \u00c5ge Hareides s\u00f8nn, bekrefter til NRK at familien har f\u00e5tt beskjed om at drakten fra l\u00f8rdagens kamp skal tilfalle Hareides barnebarn i gave.<\/p>\n<p>\u2013 Det er stolte barnebarn som synes det er veldig stas at Erling gir dem drakten, forteller s\u00f8nnen til <a href=\"https:\/\/www.nrk.no\/sport\/haaland-med-gave-til-hareides-barnebarn_-_-veldig-stas-1.17701364\" rel=\"nofollow noopener\" target=\"_blank\">NRK<\/a>.<\/p>\n<p>Hylles<\/p>\n<p>Flere tidligere kolleger, elever og lagkamerater har sendt sine kondolanser til \u00c5ge Hareide denne uken.<\/p>\n<p>Magne Hoseth, som var blant Hareides mest betrodde spillere p\u00e5 landslaget en periode, glemmer aldri tilliten han fikk.<\/p>\n<p>\u2013 Han var en fantastisk mann med et utrolig fotballhode. Han tok meg inn i landslagsvarmen og ga meg tillit, og det vil jeg v\u00e6re evig takknemlig for. Han var en mentor som jeg kunne sp\u00f8rre om absolutt alt og han hadde gode, fornuftig r\u00e5d \u00e5 gi. Rett og slett et godt menneske, sier Hoseth til Nettavisen.<\/p>\n<p>Ola By Riise, som var Hareides assistent p\u00e5 landslaget, har bare gode ord \u00e5 si om sin tidligere sjef.<\/p>\n<p>\u2013 Det er kjempetrist, det m\u00e5 jeg si. Han har jeg opplevd som en flott medspiller, motspiller og trenerkollega. Vi jobbet sammen i mange \u00e5r. Jeg har sterke f\u00f8lelser for han og synes det er fryktelig trist, sier By Riise til Nettavisen.<\/p>\n<p>\u2013 En av de st\u00f8rste<\/p>\n<p>Ogs\u00e5 landslagstrener St\u00e5le Solbakken mottok nyheten med sorg.<\/p>\n<p>\u2013 \u00c5ge var en av norsk fotballs st\u00f8rste, b\u00e5de som spiller og trener. For meg personlig satt jeg pris p\u00e5 de mange gode samtalene vi hadde da jeg var trener i FCK og han var landslagstrener for Danmark, og han kom innom treningene v\u00e5re.<\/p>\n<p>\u2013 Han var ogs\u00e5 veldig st\u00f8ttende for meg da det gikk galt i EM-kvaliken. Det er fryktelig trist at \u00c5ge har g\u00e5tt bort. V\u00e5re varmeste tanker g\u00e5r til hans n\u00e6rmeste familie, sier Solbakken.<\/p>\n<p>Ivar Koteng var styreleder i Rosenborg sist Hareide var trener i Rosenborg. Han hyller trenerens tydelighet.<\/p>\n<p>\u2013 Det var en flink trener og en flott fyr. Vi fikk en meg god relasjon, og det er trist n\u00e5r det som har skjedd har skjedd, sier den tidligere styrelederen til Nettavisen.<\/p>\n<p>\u2013 Han var en fin fyr \u00e5 jobbe med, og han var alltid tydelig. Det var ingen misforst\u00e5elser. Det er en jeg har veldig stor respekt for, fortsetter han.<\/p>\n","protected":false},"excerpt":{"rendered":"MANCHESTER CITY &#8211; WEST HAM 3-0: (Nettavisen) Erling Braut Haaland scoret to m\u00e5l og leverte \u00e9n m\u00e5lgivende pasning&hellip;\n","protected":false},"author":2,"featured_media":119267,"comment_status":"","ping_status":"","sticky":false,"template":"","format":"standard","meta":{"footnotes":""},"categories":[59],"tags":[36,810,92,30,28,29,83,82,1510],"class_list":{"0":"post-119266","1":"post","2":"type-post","3":"status-publish","4":"format-standard","5":"has-post-thumbnail","7":"category-sport","8":"tag-art","9":"tag-erling-braut-haaland","10":"tag-fotball","11":"tag-no","12":"tag-norge","13":"tag-norway","14":"tag-sport","15":"tag-sports","16":"tag-story"},"share_on_mastodon":{"url":"https:\/\/pubeurope.com\/@no\/115761524453639562","error":""},"_links":{"self":[{"href":"https:\/\/www.europesays.com\/no\/wp-json\/wp\/v2\/posts\/119266","targetHints":{"allow":["GET"]}}],"collection":[{"href":"https:\/\/www.europesays.com\/no\/wp-json\/wp\/v2\/posts"}],"about":[{"href":"https:\/\/www.europesays.com\/no\/wp-json\/wp\/v2\/types\/post"}],"author":[{"embeddable":true,"href":"https:\/\/www.europesays.com\/no\/wp-json\/wp\/v2\/users\/2"}],"replies":[{"embeddable":true,"href":"https:\/\/www.europesays.com\/no\/wp-json\/wp\/v2\/comments?post=119266"}],"version-history":[{"count":0,"href":"https:\/\/www.europesays.com\/no\/wp-json\/wp\/v2\/posts\/119266\/revisions"}],"wp:featuredmedia":[{"embeddable":true,"href":"https:\/\/www.europesays.com\/no\/wp-json\/wp\/v2\/media\/119267"}],"wp:attachment":[{"href":"https:\/\/www.europesays.com\/no\/wp-json\/wp\/v2\/media?parent=119266"}],"wp:term":[{"taxonomy":"category","embeddable":true,"href":"https:\/\/www.europesays.com\/no\/wp-json\/wp\/v2\/categories?post=119266"},{"taxonomy":"post_tag","embeddable":true,"href":"https:\/\/www.europesays.com\/no\/wp-json\/wp\/v2\/tags?post=119266"}],"curies":[{"name":"wp","href":"https:\/\/api.w.org\/{rel}","templated":true}]}}