{"id":119292,"date":"2025-12-22T06:21:08","date_gmt":"2025-12-22T06:21:08","guid":{"rendered":"https:\/\/www.europesays.com\/no\/119292\/"},"modified":"2025-12-22T06:21:08","modified_gmt":"2025-12-22T06:21:08","slug":"premier-league-rykter-alexander-isak-mandagens-premier-league-rykter","status":"publish","type":"post","link":"https:\/\/www.europesays.com\/no\/119292\/","title":{"rendered":"Premier League-rykter, Alexander Isak | Mandagens Premier League-rykter"},"content":{"rendered":"\n<p><b>Alexander Isak<\/b> p\u00e5dro seg en skade i m\u00f8tet med <b>Tottenham<\/b> og det svirrer rapporter om at det kan v\u00e6re alvorlig. Det kan tvinge de r\u00f8de ut p\u00e5 markedet i januar og et bud p\u00e5 <b>Bournemouth<\/b>-angriper <b>Antoine Semenyo<\/b> er angivelig en mulighet. Spilleren skal ha en utkj\u00f8psklausul i kontrakten, skriver The Telegraph.<\/p>\n<p><b>Wolves<\/b>-spiss <b>J\u00f8rgen Strand Larsen<\/b> kobles med <b>West Ham<\/b>. If\u00f8lge The Athletic kan londonklubben finne p\u00e5 legge inn et bud p\u00e5 nordmannen i l\u00f8pet av vintervinduet.<\/p>\n<p><b>Les ogs\u00e5: <a href=\"https:\/\/www.nettavisen.no\/sport\/keane-ber-spillerne-ta-oppgjor-med-united-stjerne\/s\/5-95-2792716\" rel=\"Follow nofollow noopener\" target=\"_blank\">Roy Keane peker ut United-stjerne: \u2013 Han gj\u00f8r ikke nok<\/a><\/b><\/p>\n<p><b>Aston Villa<\/b> skal etter sigende ha lagt merke til<b> David M\u00f8ller Wolfe<\/b> i <b>Wolves <\/b>og kan komme til \u00e5 gj\u00f8re et fors\u00f8k p\u00e5 \u00e5 overtale ulvene om et salg allerede i vinter, hevder Football Insider. Den norske backen kom til Wolves i sommer.<\/p>\n<p><b>West Ham<\/b> og <b>AC Milan<\/b> skal v\u00e6re i konkrete forhandlinger om en overgang for spissen <b>Niclas Fullkr\u00fcg<\/b>, melder Sky Sports.<\/p>\n<p><b>Chelsea<\/b> h\u00e5per \u00e5 st\u00e5 f\u00f8rst i k\u00f8en, foran andre europeiske rivaler, i kampen om signaturen til den greske midtbanespilleren <b>Konstantinos Karetsas<\/b>. 18-\u00e5ringen spiller til daglig i belgiske <b>Genk<\/b>, if\u00f8lge Teamtalk.<\/p>\n<p><b>Les ogs\u00e5: <a href=\"https:\/\/www.nettavisen.no\/sport\/frykter-alvorlig-isak-skade\/s\/5-95-2792570\" rel=\"Follow nofollow noopener\" target=\"_blank\">Frykter beinbrudd for Alexander Isak<\/a><\/b><\/p>\n<p>B\u00e5de <b>Liverpool<\/b> og <b>Manchester United <\/b>f\u00f8lger n\u00f8ye med p\u00e5 den 18 \u00e5r gamle <b>Lille<\/b>-spilleren <b>Ayyoub Bouaddi<\/b>, skriver Caught Offis.de. Han er midtbanespiller og ogs\u00e5 \u00f8nsket av en rekke andre klubber.<\/p>\n<p>Forsvarsspilleren <b>Alex Diasi<\/b> kommer til \u00e5 forlate <b>Chelsea<\/b> i januar. Flere klubber skal allerede ha forh\u00f8rt seg om en overgang for 27-\u00e5ringen, if\u00f8lge journalist Fabrizio Romano.<\/p>\n<p><b>Tottenhams <\/b>sportsdirekt\u00f8r <b>Fabio Paratici<\/b> har blitt koblet med <b>Fiorentina<\/b> i Serie A, og det har v\u00e6rt snakk om at han er n\u00e6r ved \u00e5 signere en fem\u00e5rskontrakt der, men skal vi tro Daily Mail stemmer ikke disse ryktene.<\/p>\n","protected":false},"excerpt":{"rendered":"Alexander Isak p\u00e5dro seg en skade i m\u00f8tet med Tottenham og det svirrer rapporter om at det kan&hellip;\n","protected":false},"author":2,"featured_media":119293,"comment_status":"","ping_status":"","sticky":false,"template":"","format":"standard","meta":{"footnotes":""},"categories":[59],"tags":[30,28,29,83,82],"class_list":{"0":"post-119292","1":"post","2":"type-post","3":"status-publish","4":"format-standard","5":"has-post-thumbnail","7":"category-sport","8":"tag-no","9":"tag-norge","10":"tag-norway","11":"tag-sport","12":"tag-sports"},"share_on_mastodon":{"url":"https:\/\/pubeurope.com\/@no\/115761780058143451","error":""},"_links":{"self":[{"href":"https:\/\/www.europesays.com\/no\/wp-json\/wp\/v2\/posts\/119292","targetHints":{"allow":["GET"]}}],"collection":[{"href":"https:\/\/www.europesays.com\/no\/wp-json\/wp\/v2\/posts"}],"about":[{"href":"https:\/\/www.europesays.com\/no\/wp-json\/wp\/v2\/types\/post"}],"author":[{"embeddable":true,"href":"https:\/\/www.europesays.com\/no\/wp-json\/wp\/v2\/users\/2"}],"replies":[{"embeddable":true,"href":"https:\/\/www.europesays.com\/no\/wp-json\/wp\/v2\/comments?post=119292"}],"version-history":[{"count":0,"href":"https:\/\/www.europesays.com\/no\/wp-json\/wp\/v2\/posts\/119292\/revisions"}],"wp:featuredmedia":[{"embeddable":true,"href":"https:\/\/www.europesays.com\/no\/wp-json\/wp\/v2\/media\/119293"}],"wp:attachment":[{"href":"https:\/\/www.europesays.com\/no\/wp-json\/wp\/v2\/media?parent=119292"}],"wp:term":[{"taxonomy":"category","embeddable":true,"href":"https:\/\/www.europesays.com\/no\/wp-json\/wp\/v2\/categories?post=119292"},{"taxonomy":"post_tag","embeddable":true,"href":"https:\/\/www.europesays.com\/no\/wp-json\/wp\/v2\/tags?post=119292"}],"curies":[{"name":"wp","href":"https:\/\/api.w.org\/{rel}","templated":true}]}}