{"id":119298,"date":"2025-12-22T06:29:11","date_gmt":"2025-12-22T06:29:11","guid":{"rendered":"https:\/\/www.europesays.com\/no\/119298\/"},"modified":"2025-12-22T06:29:11","modified_gmt":"2025-12-22T06:29:11","slug":"birk-ruud-og-forloveden-tonje-frigstad-flytter-til-bali-etter-ol","status":"publish","type":"post","link":"https:\/\/www.europesays.com\/no\/119298\/","title":{"rendered":"Birk Ruud og forloveden Tonje Frigstad flytter til Bali etter OL"},"content":{"rendered":"\n<p class=\"_lead_o9xde_2 _lead_xtcu6_50 layout-component text-serif-m layout-normal text-serif-l layout-component layout-wide layout-padded _wide_17hqh_1 layout-padded\">P\u00e5 veien mot OL er det \u00e9n regel som gjelder med forloveden Tonje Frigstad (25) for Birk Ruud (25). <\/p>\n<p><img alt=\"KLAR FOR OL: Birk Ruud var med i det f\u00f8rste OL-uttaket med 22 ut\u00f8vere, da det ble klart tidligere i desember.  Foto: Camilla Vesteng\/VG\" class=\"_image_qp4xg_65 layout-component layout-wide\" data-fullscreen- data-track-element-type=\"Article image fullscreen\" data-track-name=\"ImageFullscreen\" fetchpriority=\"high\" decoding=\"sync\" loading=\"eager\" height=\"3024\" itemprop=\"image\"  src=\"https:\/\/www.europesays.com\/no\/wp-content\/uploads\/2025\/12\/efc61320-6175-44de-a5b0-de9f6608d3d6\"  style=\"object-position:0% 0%\" width=\"4032\"\/>KLAR FOR OL: Birk Ruud var med i det f\u00f8rste OL-uttaket med 22 ut\u00f8vere, da det ble klart tidligere i desember.  Foto: Camilla Vesteng\/VG<\/p>\n<ul aria-hidden=\"true\" class=\"_images_ntbth_112\">\n<li><a class=\"_link_ntbth_117\" href=\"https:\/\/www.vg.no\/forfatter\/camilla-vesteng\" style=\"z-index:1\" title=\"Camilla Vesteng\" rel=\"nofollow noopener\" target=\"_blank\"><img alt=\"Bilde av Camilla Vesteng\" class=\"_image_ntbth_93\" fetchpriority=\"low\" loading=\"lazy\" decoding=\"async\" itemprop=\"image\"  src=\"https:\/\/www.europesays.com\/no\/wp-content\/uploads\/2025\/12\/1766384949_364_ab49df32-fc16-44e1-a56a-ce5ad5bd90d2\"  width=\"480\"\/><\/a><\/li>\n<\/ul>\n<p>SN\u00d8, L\u00f8renskog Oppdatert mandag 22. desember kl. 07:01    <\/p>\n<ul class=\"_list_o9xde_3 _list_64s2r_85 _unordered_o9xde_106 text-sans-m\">\n<li class=\"_item_o9xde_30\">Birk Ruud og forloveden Tonje Frigstad har en regel om \u00e5 aldri v\u00e6re fra hverandre mer enn tre uker.<\/li>\n<li class=\"_item_o9xde_30\">De skal bo et halvt \u00e5r p\u00e5 Bali neste h\u00f8st.<\/li>\n<li class=\"_item_o9xde_30\">Ruud planlegger \u00e5 overraske i OL med noe nytt og spektakul\u00e6rt.<\/li>\n<\/ul>\n<p>Vis mer <\/p>\n<p class=\"_paragraph_o9xde_4 _paragraph_xtcu6_10 layout-component text-serif-m layout-normal text-serif-m layout-padded\">25-\u00e5ringen fra B\u00e6rum har b\u00e5de VM- og OL-gull, men mest oppmerksomhet f\u00e5r han for forholdet til influenceren Tonje Frigstad. <\/p>\n<p class=\"_paragraph_o9xde_4 _paragraph_xtcu6_10 layout-component text-serif-m layout-normal text-serif-m layout-padded\">Han fridde i sommer. <\/p>\n<p class=\"_paragraph_o9xde_4 _paragraph_xtcu6_10 layout-component text-serif-m layout-normal text-serif-m layout-padded\">\u2013 Jeg skj\u00f8nner det godt. Det er ikke s\u00e5 rart, for det er mer hverdag og appellerer mer til mannen i gaten enn \u00e5 snakke om en switch triple og masse tall, sier <a href=\"https:\/\/www.vg.no\/tag\/birk-ruud?utm_source=vg-article&amp;utm_medium=auto-tagger&amp;utm_campaign=6qnbaW\" class=\"_link_o9xde_39\" rel=\"nofollow noopener\" target=\"_blank\">Birk Ruud<\/a> til VG og ler. <\/p>\n<p><img alt=\"P\u00c5 IDRETTSGALLAEN: Birk Ruud og Tonje Frigstad p\u00e5 Hamar i 2023.   Foto: Christoffer Andersen \/ NTB\" class=\"_image_qp4xg_65 layout-component layout-normal\" data-fullscreen- data-track-element-type=\"Article image fullscreen\" data-track-name=\"ImageFullscreen\" decoding=\"async\" loading=\"lazy\" height=\"2908\" itemprop=\"image\"  src=\"https:\/\/www.europesays.com\/no\/wp-content\/uploads\/2025\/12\/b9b95866-2a75-43e2-aefe-117bbcbd21e1\"  style=\"object-position:0% 0%\" width=\"3553\"\/>P\u00c5 IDRETTSGALLAEN: Birk Ruud og Tonje Frigstad p\u00e5 Hamar i 2023.   Foto: Christoffer Andersen \/ NTB<\/p>\n<p class=\"_paragraph_o9xde_4 _paragraph_xtcu6_10 layout-component text-serif-m layout-normal text-serif-m layout-padded\">Han tok OL-gull i Big Air i Kina for snart fire \u00e5r siden. Tidligere i desember ble han tatt ut i den f\u00f8rste OL-troppen til lekene i Italia. <\/p>\n<p class=\"_paragraph_o9xde_4 _paragraph_xtcu6_10 layout-component text-serif-m layout-normal text-serif-m layout-padded\">N\u00e5 er det ikke lenge igjen, OL starter i begynnelsen av februar.<\/p>\n<p class=\"_paragraph_o9xde_4 _paragraph_xtcu6_10 layout-component text-serif-m layout-normal text-serif-m layout-padded\">P\u00e5 veien mot OL og ellers i livet har han og forloveden en kj\u00e6resteregel. For de har mye p\u00e5 timeplanen begge to. I h\u00f8st har han v\u00e6rt i Australia, p\u00e5 Bali, New Zealand, \u00d8sterrike, Kina og USA for \u00e5 trene og konkurrere. <\/p>\n<p class=\"_paragraph_o9xde_4 _paragraph_xtcu6_10 layout-component text-serif-m layout-normal text-serif-m layout-padded\">\u2013 Jeg er mye p\u00e5 samling, mens Tonje har mange ting. Vi har en bra balanse og matcher bra der, sier Ruud. <\/p>\n<p><img alt=\"KOS: Tonje Frigstad og Birk Ruud i 2023.   Foto: Beate Oma Dahle \/ NTB\" class=\"_image_qp4xg_65 layout-component layout-normal\" data-fullscreen- data-track-element-type=\"Article image fullscreen\" data-track-name=\"ImageFullscreen\" decoding=\"async\" loading=\"lazy\" height=\"611\" itemprop=\"image\"  src=\"https:\/\/www.europesays.com\/no\/wp-content\/uploads\/2025\/12\/dbd44460-1b33-44e2-8077-880857b5c20d\"  style=\"object-position:0% 0%\" width=\"733\"\/>KOS: Tonje Frigstad og Birk Ruud i 2023.   Foto: Beate Oma Dahle \/ NTB<\/p>\n<p class=\"_paragraph_o9xde_4 _paragraph_xtcu6_10 layout-component text-serif-m layout-normal text-serif-m layout-padded\"><strong class=\"_strong_o9xde_25\">Derfor har de en kj\u00e6resteregel. <\/strong><\/p>\n<p class=\"_paragraph_o9xde_4 _paragraph_xtcu6_10 layout-component text-serif-m layout-normal text-serif-m layout-padded\">\u2013 Tonje og jeg g\u00e5r aldri mer enn tre uker uten et m\u00f8tepunkt, sier Ruud. <\/p>\n<p class=\"_paragraph_o9xde_4 _paragraph_xtcu6_10 layout-component text-serif-m layout-normal text-serif-m layout-padded\"> Da de ble kj\u00e6rester i 2023 var det \u00ablidelse\u00bb \u00e5 v\u00e6re borte fra hverandre en uke, men n\u00e5 funker det med tre uker. <\/p>\n<p class=\"_paragraph_o9xde_4 _paragraph_xtcu6_10 layout-component text-serif-m layout-normal text-serif-m layout-padded\">\u2013 Det er veldig hyggelig \u00e5 v\u00e6re p\u00e5 tur sammen n\u00e5r vi har mulighet til det. Tonje syns det er g\u00f8y \u00e5 v\u00e6re med p\u00e5 tur, og hun digger \u00e5 st\u00e5 p\u00e5 snowboard, det er koselig, sier Ruud. <\/p>\n<p class=\"_paragraph_o9xde_4 _paragraph_xtcu6_10 layout-component text-serif-m layout-normal text-serif-m layout-padded\">Og mer tur skal det bli, i august neste \u00e5r flytter paret til Bali, en tropisk \u00f8y i Indonesia. Der skal de bo ett halvt \u00e5r. Leve bohemlivet. Det er forloveden som ytret et sterkt \u00f8nske om \u00e5 bo en periode i utlandet, fortalte OL-h\u00e5pet da VG m\u00f8tte ham p\u00e5 SN\u00d8 i L\u00f8renskog.<\/p>\n<p class=\"_paragraph_o9xde_4 _paragraph_xtcu6_10 layout-component text-serif-m layout-normal text-serif-m layout-padded\">\u2013 Der blir det surfing, jobb og kos. Det blir spennende \u00e5 ha base der. Jeg tar med meg skiene. Jeg tenker \u00e5 bygge plastikkrails av plastr\u00f8r. Jeg kan trene teknikk og visualisere triks i hodet, sier Ruud. <\/p>\n<p><img alt=\"I NORGE: I oktober var Birk Ruud en tur hjemme i Norge, her p\u00e5 SN\u00d8 i L\u00f8renskog.   Foto: Camilla Vesteng\/VG\" class=\"_image_qp4xg_65 layout-component layout-normal\" data-fullscreen- data-track-element-type=\"Article image fullscreen\" data-track-name=\"ImageFullscreen\" decoding=\"async\" loading=\"lazy\" height=\"3024\" itemprop=\"image\"  src=\"https:\/\/www.europesays.com\/no\/wp-content\/uploads\/2025\/12\/63fbc048-9b14-4cf0-8ef7-160bf91c5825\"  style=\"object-position:0% 0%\" width=\"4032\"\/>I NORGE: I oktober var Birk Ruud en tur hjemme i Norge, her p\u00e5 SN\u00d8 i L\u00f8renskog.   Foto: Camilla Vesteng\/VG<\/p>\n<p class=\"_paragraph_o9xde_4 _paragraph_xtcu6_10 layout-component text-serif-m layout-normal text-serif-m layout-padded\">Men det er flere grunner til \u00e5 ta et halvt \u00e5r p\u00e5 Bali. <\/p>\n<p class=\"_paragraph_o9xde_4 _paragraph_xtcu6_10 layout-component text-serif-m layout-normal text-serif-m layout-padded\">\u2013 Hva er livet uten ski? Hva har jeg lyst til \u00e5 drive med n\u00e5r jeg ikke st\u00e5r p\u00e5 ski? Blir jeg rastl\u00f8s? Det blir en liten mental reise, hvordan ser livet ut uten ski? For jeg kan ikke st\u00e5 p\u00e5 ski for alltid, sier Birk Ruud. <\/p>\n<p><img alt=\"OL-GULL: Birk Ruud vant Big Air i Kina i 2022.   Foto: Christine Olsson\/TT \/ NTB\" class=\"_image_qp4xg_65 layout-component layout-normal\" data-fullscreen- data-track-element-type=\"Article image fullscreen\" data-track-name=\"ImageFullscreen\" decoding=\"async\" loading=\"lazy\" height=\"2230\" itemprop=\"image\"  src=\"https:\/\/www.europesays.com\/no\/wp-content\/uploads\/2025\/12\/449b7094-a79b-402b-b686-f4aca99e8ebb\"  style=\"object-position:0% 0%\" width=\"3351\"\/>OL-GULL: Birk Ruud vant Big Air i Kina i 2022.   Foto: Christine Olsson\/TT \/ NTB<\/p>\n<p class=\"_paragraph_o9xde_4 _paragraph_xtcu6_10 layout-component text-serif-m layout-normal text-serif-m layout-padded\">Men f\u00f8rst er det OL. Han ble nummer ni i Big Air i verdenscuprennet i Kina i desember. Sportssjef for freeskiut\u00f8verne Christoffer Schach forteller at rennet var viktig l\u00e6ring p\u00e5 vei mot OL.<\/p>\n<p><img decoding=\"async\" alt=\"Bilde av Sportssjef for freeski-ut\u00f8verne gleder seg til OL\" class=\"_image_ygndg_42\" height=\"27\" itemprop=\"image\" loading=\"lazy\"  src=\"https:\/\/www.europesays.com\/no\/wp-content\/uploads\/2025\/12\/cb1e202a-8f47-467e-a309-29c4fa6ad814\"  width=\"40\"\/><strong class=\"_name_ygndg_51 title-serif-xs\">Sportssjef for freeski-ut\u00f8verne gleder seg til OL<\/strong><\/p>\n<p class=\"_paragraph_o9xde_4 text-sans-m _description_ygndg_56\">Christoffer Schach<\/p>\n<p class=\"_paragraph_o9xde_4 _paragraph_xtcu6_10 layout-component text-serif-m layout-normal text-serif-m layout-padded\">\u2013 Det l\u00f8nner seg ikke \u00e5 vise alt for dommerne f\u00f8r det gjelder. Noe det er noe du ikke har sett f\u00f8r, s\u00e5 er veldig kult. Det er det ikke alt som skal luftes f\u00f8r OL. Det er formtopping i slutten av januar og begynnelsen februar, sier Schach hemmelighetsfullt til VG. <\/p>\n<p class=\"_paragraph_o9xde_4 _paragraph_xtcu6_10 layout-component text-serif-m layout-normal text-serif-m layout-padded\">For Birk Ruud planlegger noe verden ikke har sett til OL. <\/p>\n<p class=\"_paragraph_o9xde_4 _paragraph_xtcu6_10 layout-component text-serif-m layout-normal text-serif-m layout-padded\">\u2013 Jeg har det i hodet mitt. Det er b\u00e5de spennende og skummelt. P\u00e5 en bra dag er jeg n\u00e6re \u00e5 sette det, men jeg har litt tid fortsatt, sa Ruud til VG i oktober.<\/p>\n<p class=\"_paragraph_o9xde_4 _paragraph_xtcu6_10 layout-component text-serif-m layout-normal text-serif-m layout-padded\">Han ble verdensmester i slopestyle i mars og tok bronse i Big Air, samme resultat fikk han i VM i 2023. <\/p>\n<p class=\"_paragraph_o9xde_4 _paragraph_xtcu6_10 layout-component text-serif-m layout-normal text-serif-m layout-padded\">Men det er noe spesielt med OL. Det merket han godt da han hoppet ned til OL-gull i Big Air i Kina. 25-\u00e5ringen forteller at han fikk 40.000 nye f\u00f8lgere p\u00e5 Instagram over natten. <\/p>\n<p class=\"_paragraph_o9xde_4 _paragraph_xtcu6_10 layout-component text-serif-m layout-normal text-serif-m layout-padded\">\u2013 Det er umulig \u00e5 sp\u00e5 hva de andre drar opp i OL, men n\u00e5r Birk bygger en plan, s\u00e5 pleier han \u00e5 sjokkere sporten og produsere gode resultater. Jeg har fortsatt ikke sett Birk sette seg delm\u00e5l som ikke har v\u00e6rt bra nok, sier Schach. <\/p>\n","protected":false},"excerpt":{"rendered":"P\u00e5 veien mot OL er det \u00e9n regel som gjelder med forloveden Tonje Frigstad (25) for Birk Ruud&hellip;\n","protected":false},"author":2,"featured_media":119299,"comment_status":"","ping_status":"","sticky":false,"template":"","format":"standard","meta":{"footnotes":""},"categories":[59],"tags":[9524,30,28,29,10469,83,82,7606,399],"class_list":{"0":"post-119298","1":"post","2":"type-post","3":"status-publish","4":"format-standard","5":"has-post-thumbnail","7":"category-sport","8":"tag-birk-ruud","9":"tag-no","10":"tag-norge","11":"tag-norway","12":"tag-ol-2026","13":"tag-sport","14":"tag-sports","15":"tag-tonje-frigstad","16":"tag-vintersport"},"share_on_mastodon":{"url":"https:\/\/pubeurope.com\/@no\/115761811680363469","error":""},"_links":{"self":[{"href":"https:\/\/www.europesays.com\/no\/wp-json\/wp\/v2\/posts\/119298","targetHints":{"allow":["GET"]}}],"collection":[{"href":"https:\/\/www.europesays.com\/no\/wp-json\/wp\/v2\/posts"}],"about":[{"href":"https:\/\/www.europesays.com\/no\/wp-json\/wp\/v2\/types\/post"}],"author":[{"embeddable":true,"href":"https:\/\/www.europesays.com\/no\/wp-json\/wp\/v2\/users\/2"}],"replies":[{"embeddable":true,"href":"https:\/\/www.europesays.com\/no\/wp-json\/wp\/v2\/comments?post=119298"}],"version-history":[{"count":0,"href":"https:\/\/www.europesays.com\/no\/wp-json\/wp\/v2\/posts\/119298\/revisions"}],"wp:featuredmedia":[{"embeddable":true,"href":"https:\/\/www.europesays.com\/no\/wp-json\/wp\/v2\/media\/119299"}],"wp:attachment":[{"href":"https:\/\/www.europesays.com\/no\/wp-json\/wp\/v2\/media?parent=119298"}],"wp:term":[{"taxonomy":"category","embeddable":true,"href":"https:\/\/www.europesays.com\/no\/wp-json\/wp\/v2\/categories?post=119298"},{"taxonomy":"post_tag","embeddable":true,"href":"https:\/\/www.europesays.com\/no\/wp-json\/wp\/v2\/tags?post=119298"}],"curies":[{"name":"wp","href":"https:\/\/api.w.org\/{rel}","templated":true}]}}