{"id":119310,"date":"2025-12-22T06:42:34","date_gmt":"2025-12-22T06:42:34","guid":{"rendered":"https:\/\/www.europesays.com\/no\/119310\/"},"modified":"2025-12-22T06:42:34","modified_gmt":"2025-12-22T06:42:34","slug":"haugesund-krim-tre-voldshendelser-i-sentrum-matte-tas-hand-om-av-helsepersonell","status":"publish","type":"post","link":"https:\/\/www.europesays.com\/no\/119310\/","title":{"rendered":"Haugesund, Krim | Tre voldshendelser i sentrum: \u2013 M\u00e5tte tas h\u00e5nd om av helsepersonell"},"content":{"rendered":"\n<p><b>KRIM: <\/b>Den mest alvorlige skal ha skjedd like f\u00f8r klokka 02, der en mann i 20-\u00e5rene skal ha angrepet en mann p\u00e5 samme alder i en leilighet.<\/p>\n<p><b>\u2013 Forn\u00e6rmede m\u00e5tte tas h\u00e5nd om av helsepersonell etter \u00e5 ha p\u00e5dratt seg noen kutt, sier vaktsjef Evy Fjeldheim p\u00e5 Haugesund politistasjon.<\/b><\/p>\n<p>Den antatte gjerningsmannen er p\u00e5grepet og siktet for kroppsskade.<\/p>\n<p>Angrepet skal ha skjedd i en leilighet i Haugesund sentrum, der det var en samling av personer. Politiet er ikke kjent med hvorfor disse hadde samlet seg i boligen.<\/p>\n<p><b>Den siktede er ikke d\u00f8mt for tilsvarende forhold tidligere, men er likevel godt kjent for politiet.<\/b><\/p>\n<p>Flere personer involvert<\/p>\n<p><b>Ogs\u00e5 like over klokka 03 natt til s\u00f8ndag skal det ha blitt beg\u00e5tt vold, p\u00e5 to ulike steder i sentrum. <\/b><\/p>\n<p>Begge episodene har en litt lavere alvorsgrad, og kalles kroppskrenkelse av vaktsjefen.<\/p>\n<p><b>I ett av tilfellene skal flere personer ha angrepet \u00e9n forn\u00e6rmet, men her er det ukjent hvem som er gjerningspersoner.<\/b><\/p>\n<p>Den andre episoden hevder et par \u00e5 ha blitt sl\u00e5tt av to andre, men ogs\u00e5 her er det uvisst hvem som st\u00e5r bak volden.<\/p>\n<p>Kan vente seg bot<\/p>\n<p>Tradisjonen tro klarte flere menn i 20-\u00e5rene ogs\u00e5 denne helgen \u00e5 bli plassert i arresten p\u00e5 politistasjonen, etter \u00e5 ha nektet \u00e5 etterkomme politiets p\u00e5legg om \u00e5 holde seg unna sentrum resten av kvelden.<\/p>\n<p>Fjeldheim forteller at 13 menn hovedsakelig i 20-\u00e5rene ble bortvist fra sentrumsgatene natt til s\u00f8ndag.<\/p>\n<p><b>\u2013 Tre av dem klarte ikke \u00e5 innrette seg etter p\u00e5legget, og er blitt plassert i kjelleren v\u00e5r. Enkelte av dem kan vente seg en bot n\u00e5r de drar hjem hvis de blir anmeldt for ordensforstyrrelse i tillegg til \u00e5 ha blitt plassert i arrest, sier Fjeldheim:<\/b><\/p>\n<p>Langt de fleste av mennene kan karakteriseres som overstadig beruset.<\/p>\n","protected":false},"excerpt":{"rendered":"KRIM: Den mest alvorlige skal ha skjedd like f\u00f8r klokka 02, der en mann i 20-\u00e5rene skal ha&hellip;\n","protected":false},"author":2,"featured_media":23205,"comment_status":"","ping_status":"","sticky":false,"template":"","format":"standard","meta":{"footnotes":""},"categories":[10],"tags":[36,20,21,24,25,1337,15,983,22,23,13,30,28,29,14,16,1510,26,27,3119],"class_list":{"0":"post-119310","1":"post","2":"type-post","3":"status-publish","4":"format-standard","5":"has-post-thumbnail","7":"category-norge","8":"tag-art","9":"tag-breaking-news","10":"tag-breakingnews","11":"tag-featured-news","12":"tag-featurednews","13":"tag-haugesund","14":"tag-headlines","15":"tag-krim","16":"tag-latest-news","17":"tag-latestnews","18":"tag-news","19":"tag-no","20":"tag-norge","21":"tag-norway","22":"tag-nyheter","23":"tag-overskrifter","24":"tag-story","25":"tag-top-stories","26":"tag-topstories","27":"tag-uteliv"},"share_on_mastodon":{"url":"https:\/\/pubeurope.com\/@no\/115761862597833874","error":""},"_links":{"self":[{"href":"https:\/\/www.europesays.com\/no\/wp-json\/wp\/v2\/posts\/119310","targetHints":{"allow":["GET"]}}],"collection":[{"href":"https:\/\/www.europesays.com\/no\/wp-json\/wp\/v2\/posts"}],"about":[{"href":"https:\/\/www.europesays.com\/no\/wp-json\/wp\/v2\/types\/post"}],"author":[{"embeddable":true,"href":"https:\/\/www.europesays.com\/no\/wp-json\/wp\/v2\/users\/2"}],"replies":[{"embeddable":true,"href":"https:\/\/www.europesays.com\/no\/wp-json\/wp\/v2\/comments?post=119310"}],"version-history":[{"count":0,"href":"https:\/\/www.europesays.com\/no\/wp-json\/wp\/v2\/posts\/119310\/revisions"}],"wp:featuredmedia":[{"embeddable":true,"href":"https:\/\/www.europesays.com\/no\/wp-json\/wp\/v2\/media\/23205"}],"wp:attachment":[{"href":"https:\/\/www.europesays.com\/no\/wp-json\/wp\/v2\/media?parent=119310"}],"wp:term":[{"taxonomy":"category","embeddable":true,"href":"https:\/\/www.europesays.com\/no\/wp-json\/wp\/v2\/categories?post=119310"},{"taxonomy":"post_tag","embeddable":true,"href":"https:\/\/www.europesays.com\/no\/wp-json\/wp\/v2\/tags?post=119310"}],"curies":[{"name":"wp","href":"https:\/\/api.w.org\/{rel}","templated":true}]}}