{"id":119315,"date":"2025-12-22T07:21:10","date_gmt":"2025-12-22T07:21:10","guid":{"rendered":"https:\/\/www.europesays.com\/no\/119315\/"},"modified":"2025-12-22T07:21:10","modified_gmt":"2025-12-22T07:21:10","slug":"hopplandslaget-far-ny-trener","status":"publish","type":"post","link":"https:\/\/www.europesays.com\/no\/119315\/","title":{"rendered":"Hopplandslaget f\u00e5r ny trener"},"content":{"rendered":"\n<p class=\"_lead_o9xde_2 _lead_xtcu6_50 layout-component text-serif-m layout-normal text-serif-l layout-component layout-wide layout-padded _wide_17hqh_1 layout-padded\">St\u00f8tteapparatet til de norske hopperne forsterkes med Andreas Vilberg, melder Dagbladet.<\/p>\n<p><img alt=\"Johann Andr\u00e9 Forfang og resten av landslaget har f\u00e5tt en ny mann inn i st\u00f8tteapparatet.&#10;Foto: Terje Pedersen \/ NTB\" class=\"_image_qp4xg_65 layout-component layout-wide\" data-fullscreen- data-track-element-type=\"Article image fullscreen\" data-track-name=\"ImageFullscreen\" fetchpriority=\"high\" decoding=\"sync\" loading=\"eager\" height=\"2632\" itemprop=\"image\"  src=\"https:\/\/www.europesays.com\/no\/wp-content\/uploads\/2025\/12\/5b02351a-cb51-488b-b686-1434ecf53268\"  style=\"object-position:0% 0%\" width=\"3936\"\/>Johann Andr\u00e9 Forfang og resten av landslaget har f\u00e5tt en ny mann inn i st\u00f8tteapparatet.<br \/>\nFoto: Terje Pedersen \/ NTB<\/p>\n<ul aria-hidden=\"true\" class=\"_images_ntbth_112\">\n<li><a class=\"_link_ntbth_117\" href=\"https:\/\/www.vg.no\/forfatter\/ntb\" style=\"z-index:1\" title=\"NTB\" rel=\"nofollow noopener\" target=\"_blank\"><img alt=\"Bilde av NTB\" class=\"_image_ntbth_93\" fetchpriority=\"low\" loading=\"lazy\" decoding=\"async\" itemprop=\"image\"  src=\"https:\/\/www.europesays.com\/no\/wp-content\/uploads\/2025\/12\/1766388070_514_c33980b0-5d07-4027-84a1-813f90a7c8d6\"  width=\"480\"\/><\/a><\/li>\n<\/ul>\n<p> Oppdatert mandag 22. desember kl. 07:09     <\/p>\n<p class=\"_paragraph_o9xde_4 _paragraph_xtcu6_10 layout-component text-serif-m layout-normal text-serif-m layout-padded\"> \u2013 Han skal jobbe mest hjemmefra. Han skal jobbe med utstyr i samarbeid med Sigurd S\u00f8berg og trenerteamet, sier sportssjef Jan-Erik Aalbu til <a href=\"https:\/\/www.dagbladet.no\/sport\/ny-trener-inn\/84017938\" class=\"_link_o9xde_39\" rel=\"nofollow noopener\" target=\"_blank\">Dagbladet<\/a>.<\/p>\n<p class=\"_paragraph_o9xde_4 _paragraph_xtcu6_10 layout-component text-serif-m layout-normal text-serif-m layout-padded\">Han skal ogs\u00e5 fungere som trener n\u00e5r hopperne er i Norge mellom konkurransene. Vilberg har f\u00e5tt en 40 prosents stilling.<\/p>\n<p class=\"_paragraph_o9xde_4 _paragraph_xtcu6_10 layout-component text-serif-m layout-normal text-serif-m layout-padded\">Rune Velta er hovedtrener etter at Magnus Brevig m\u00e5tte g\u00e5 som f\u00f8lge av VM-skandalen.<\/p>\n<p class=\"_paragraph_o9xde_4 _paragraph_xtcu6_10 layout-component text-serif-m layout-normal text-serif-m layout-padded\">De norske herrehopperne har slitt denne sesongen. Kristoffer Eriksen Sundal er beste nordmann p\u00e5 14.-plass i verdenscupen sammenlagt.<\/p>\n","protected":false},"excerpt":{"rendered":"St\u00f8tteapparatet til de norske hopperne forsterkes med Andreas Vilberg, melder Dagbladet. Johann Andr\u00e9 Forfang og resten av landslaget&hellip;\n","protected":false},"author":2,"featured_media":119316,"comment_status":"","ping_status":"","sticky":false,"template":"","format":"standard","meta":{"footnotes":""},"categories":[59],"tags":[770,30,28,29,83,82,399],"class_list":{"0":"post-119315","1":"post","2":"type-post","3":"status-publish","4":"format-standard","5":"has-post-thumbnail","7":"category-sport","8":"tag-hopp","9":"tag-no","10":"tag-norge","11":"tag-norway","12":"tag-sport","13":"tag-sports","14":"tag-vintersport"},"share_on_mastodon":{"url":"https:\/\/pubeurope.com\/@no\/115762016350607771","error":""},"_links":{"self":[{"href":"https:\/\/www.europesays.com\/no\/wp-json\/wp\/v2\/posts\/119315","targetHints":{"allow":["GET"]}}],"collection":[{"href":"https:\/\/www.europesays.com\/no\/wp-json\/wp\/v2\/posts"}],"about":[{"href":"https:\/\/www.europesays.com\/no\/wp-json\/wp\/v2\/types\/post"}],"author":[{"embeddable":true,"href":"https:\/\/www.europesays.com\/no\/wp-json\/wp\/v2\/users\/2"}],"replies":[{"embeddable":true,"href":"https:\/\/www.europesays.com\/no\/wp-json\/wp\/v2\/comments?post=119315"}],"version-history":[{"count":0,"href":"https:\/\/www.europesays.com\/no\/wp-json\/wp\/v2\/posts\/119315\/revisions"}],"wp:featuredmedia":[{"embeddable":true,"href":"https:\/\/www.europesays.com\/no\/wp-json\/wp\/v2\/media\/119316"}],"wp:attachment":[{"href":"https:\/\/www.europesays.com\/no\/wp-json\/wp\/v2\/media?parent=119315"}],"wp:term":[{"taxonomy":"category","embeddable":true,"href":"https:\/\/www.europesays.com\/no\/wp-json\/wp\/v2\/categories?post=119315"},{"taxonomy":"post_tag","embeddable":true,"href":"https:\/\/www.europesays.com\/no\/wp-json\/wp\/v2\/tags?post=119315"}],"curies":[{"name":"wp","href":"https:\/\/api.w.org\/{rel}","templated":true}]}}