{"id":119317,"date":"2025-12-22T07:22:18","date_gmt":"2025-12-22T07:22:18","guid":{"rendered":"https:\/\/www.europesays.com\/no\/119317\/"},"modified":"2025-12-22T07:22:18","modified_gmt":"2025-12-22T07:22:18","slug":"katarina-flatland-om-sin-forste-jul-uten-mamma-savnet-er-stort","status":"publish","type":"post","link":"https:\/\/www.europesays.com\/no\/119317\/","title":{"rendered":"Katarina Flatland om sin f\u00f8rste jul uten mamma: Savnet er stort"},"content":{"rendered":"<p class=\"kicker \" style=\"\">F\u00f8rste jul uten mamma<\/p>\n<p>  Katarina Flatland mistet moren sin i februar \u2013 savnet gj\u00f8r fremdeles vondt.<\/p>\n<p>\n    SAVNER: Katarina Flatland forteller i en fersk podkast at hun \u00f8ver p\u00e5 \u00e5 snakke om savnet etter moren, selv om det gj\u00f8r vondt. Foto: Tor Kvello\n  <\/p>\n<p>Julen er for mange en h\u00f8ytid hvor man kommer n\u00e6rmere familien en ellers i \u00e5ret. For programleder <a href=\"https:\/\/www.seher.no\/kjendis\/foltes-uvirkelig\/83842442\" rel=\"nofollow noopener\" target=\"_blank\">Katarina Flatland<\/a> (36) blir det annerledes i \u00e5r. Dette blir nemlig den f\u00f8rste julen uten mamma Anne Lise Flatland.<\/p>\n<p> Det var i februar at Katarina og stores\u00f8steren Bettina Flatland (39) mistet moren som bare ble 68 \u00e5r gammel.<\/p>\n<p>        <img loading=\"lazy\" decoding=\"async\" src=\"https:\/\/www.europesays.com\/no\/wp-content\/uploads\/2025\/12\/83985786.webp\" width=\"686\" height=\"686\" title=\"SAMMEN. Katarina sammen med sin kj\u00e6re mamma Anne-Lise p\u00e5 Se og H\u00f8rs Kjendisgalla i 2015. Foto. Tor Lindseth\" alt=\"\" class=\"\" style=\"--aspect-ratio-image: 1.00; \"\/><\/p>\n<p>\n        SAMMEN. Katarina sammen med sin kj\u00e6re mamma Anne-Lise p\u00e5 Se og H\u00f8rs Kjendisgalla i 2015. Foto. Tor Lindseth\n    <\/p>\n<p class=\"font-weight-bold m-font-weight-bold\" data-lab-font_weight=\"font-weight-bold\">&#8211; Det er jo ingenting som kan erstatte mamma. Jeg savner henne hinsides mye. Veldig mye av hverdagen min er bare borte, sa Katarina i et intervju med magasinet KK i h\u00f8st.<\/p>\n<p>Selv om det var i februar moren gikk bort, var ogs\u00e5 forrige jul vanskelig. I 2024 m\u00e5tte nemlig Katarina feire p\u00e5 avstand, fordi hun selv ble syk.<\/p>\n<p>        <img loading=\"lazy\" decoding=\"async\" src=\"https:\/\/www.europesays.com\/no\/wp-content\/uploads\/2025\/12\/83985801.webp\" width=\"686\" height=\"954\" title=\"KJENT PAPPA: Katarina sammen med mamma Anne-Lise og programleder-pappa Hallvard Flatland (68) i 2018. Foto: Tore Skaar\" alt=\"\" class=\"\" style=\"--aspect-ratio-image: 0.72; \"\/><\/p>\n<p>\n        KJENT PAPPA: Katarina sammen med mamma Anne-Lise og programleder-pappa Hallvard Flatland (68) i 2018. Foto: Tore Skaar\n    <\/p>\n<p>\u00abJula i \u00e5r ble ikke som vi hadde tenkt. Omgangssyke p\u00e5 rundgang hos alle i familien fra lille julaften, fram til nytt\u00e5r\u00bb, fortalte Katarina p\u00e5 Instagram den gang.<\/p>\n<p>\u00abJeg hadde gledet meg veldig til en rolig jul med familien, etter et t\u00f8ft \u00e5r. Men julemiddag, kvalitetstid sammen og feiring kunne vi se langt etter\u00bb, fortsatte hun.<\/p>\n<p>        <img loading=\"lazy\" decoding=\"async\" src=\"https:\/\/www.europesays.com\/no\/wp-content\/uploads\/2025\/12\/83985807.webp\" width=\"686\" height=\"556\" title=\"STOLT: Pappa Hallvard, mamma Anne-Lise og stores\u00f8ster Bettina med store smil rundt det nyankomne vidunderet i familien: Katarina. Foto: Se og H\u00f8r\" alt=\"\" class=\"\" style=\"--aspect-ratio-image: 1.23; \"\/><\/p>\n<p>\n        STOLT: Pappa Hallvard, mamma Anne-Lise og stores\u00f8ster Bettina med store smil rundt det nyankomne vidunderet i familien: Katarina. Foto: Se og H\u00f8r\n    <\/p>\n<p>Da Katarina stilte p\u00e5 pressevisning av TV-serien \u00abBoksen\u00bb i januar, fortalte hun om hvordan julen hadde v\u00e6rt. <\/p>\n<p>&#8211; Moren min er veldig syk, og situasjonen er alvorlig. Det viktigste for oss er \u00e5 v\u00e6re sammen som familie. S\u00e5 da synes jeg det var ekstra trist at vi ikke fikk v\u00e6re sammen i jula, sa hun til Dagbladet. <\/p>\n<p>        I SORG: \u00abBoksen\u00bb-aktuelle Katarina Flatland \u00e5pner opp om sorgen etter at moren Anne-Lise gikk bort i februar, 67 \u00e5r gammel. <\/p>\n<p>&#8211; Dessverre er situasjonen slik at vi ikke kan planlegge s\u00e5 mye hyggelig akkurat n\u00e5. Men vi er jo, som familie, veldig gode p\u00e5 \u00e5 finne tid til \u00e5 v\u00e6re sammen. S\u00e5 det blir mye familie framover, og det er det viktigste, fortsatte hun.<\/p>\n<p>    <a itemprop=\"url\" href=\"https:\/\/www.seher.no\/kjendis\/mistet-mamma\/83990272\" rel=\"nofollow noopener\" target=\"_blank\"><\/p>\n<p>        <img loading=\"lazy\" decoding=\"async\" src=\"https:\/\/www.europesays.com\/no\/wp-content\/uploads\/2025\/12\/1766388133_304_83990313.webp\" width=\"147\" height=\"98\" title=\"Mistet mamma\" alt=\"\" class=\"lazyload\" style=\"--aspect-ratio-image: 1.50; \"\/><\/p>\n<p>        Mistet mamma<\/p>\n<p>    <\/a><\/p>\n<p>I november var Katarina gjest i podkasten til Ida Fladen, \u00abMed hjertet i h\u00e5nden\u00bb. Her tok hun til t\u00e5rene da hun snakket om savnet etter moren.<\/p>\n<p class=\"font-weight-bold m-font-weight-bold\" data-lab-font_weight=\"font-weight-bold\">\u2013 Jeg har behov for \u00e5 snakke om henne, men s\u00e5 gj\u00f8r det s\u00e5 vondt. Men s\u00e5 f\u00f8ler jeg at mamma var et s\u00e5 bra menneske at den smerten skal ikke stoppe meg fra \u00e5 gj\u00f8re det. Minnet etter henne m\u00e5 leve videre. Jeg m\u00e5 \u00f8ve meg p\u00e5 \u00e5 snakke om henne, sier hun der.<\/p>\n<p>        <img loading=\"lazy\" decoding=\"async\" src=\"https:\/\/www.europesays.com\/no\/wp-content\/uploads\/2025\/12\/83985820.webp\" width=\"686\" height=\"776\" title=\"SAMMEN I SORGEN:&#10;Hallvard og Katarina p\u00e5 Se og&#10;H\u00f8rs Reality Awards i h\u00f8st.&#10;De bevarer minnene om en&#10;kj\u00e6r ektefelle og mamma \u2013 og&#10;holder sammen i en t\u00f8ff tid. Foto: Espen Solli\" alt=\"\" class=\"\" style=\"--aspect-ratio-image: 0.88; \"\/><\/p>\n<p>\n        SAMMEN I SORGEN:<br \/>\nHallvard og Katarina p\u00e5 Se og<br \/>\nH\u00f8rs Reality Awards i h\u00f8st.<br \/>\nDe bevarer minnene om en<br \/>\nkj\u00e6r ektefelle og mamma \u2013 og<br \/>\nholder sammen i en t\u00f8ff tid. Foto: Espen Solli\n    <\/p>\n<p>Moren jobbet som kreftsykepleier i mange \u00e5r, og var alltid en forkjemper for \u00e5 snakke om det som var vanskelig.<\/p>\n<p>Katarina og ektemannen Harald Dobloug (35) har to s\u00f8nner, Bastian (3) og Bernard (5), som nok vil s\u00f8rger for at julen blir full av liv \u2013 selv uten mormor.<\/p>\n<p>    <a itemprop=\"url\" href=\"https:\/\/www.seher.no\/kjendis\/hun-har-ofret-mye-for-oss\/83931236\" rel=\"nofollow noopener\" target=\"_blank\"><\/p>\n<p>        <img loading=\"lazy\" decoding=\"async\" src=\"https:\/\/www.europesays.com\/no\/wp-content\/uploads\/2025\/12\/83931255.webp\" width=\"147\" height=\"98\" title=\"- Hun har ofret mye for oss\" alt=\"\" class=\"lazyload\" style=\"--aspect-ratio-image: 1.50; \"\/><\/p>\n<p>        &#8211; Hun har ofret mye for oss<\/p>\n<p>    <\/a><\/p>\n<p>Til KK har Katarina fortalt at guttene hennes lever godt i troen p\u00e5 det hun har fortalt dem \u2013 at \u00abmommo\u00bb har f\u00e5tt magiske krefter og kommet til himmelen.<\/p>\n<p>        <img loading=\"lazy\" decoding=\"async\" src=\"https:\/\/www.europesays.com\/no\/wp-content\/uploads\/2025\/12\/83985811.webp\" width=\"686\" height=\"625\" title=\"GOD ST\u00d8TTE:&#10;Etter at moren d\u00f8de,&#10;har ektemannen Harald Dobloug hjulpet&#10;til \u00e5 st\u00f8tte Katarina&#10;gjennom sorgen. Foto: Tor Kvello\" alt=\"\" class=\"\" style=\"--aspect-ratio-image: 1.10; \"\/><\/p>\n<p>\n        GOD ST\u00d8TTE:<br \/>\nEtter at moren d\u00f8de,<br \/>\nhar ektemannen Harald Dobloug hjulpet<br \/>\ntil \u00e5 st\u00f8tte Katarina<br \/>\ngjennom sorgen. Foto: Tor Kvello\n    <\/p>\n<p> T\u00e5rene renner\t<\/p>\n<p>Anne-Lise og Katarina hadde et sv\u00e6rt n\u00e6rt forhold. Moren var gjerne den f\u00f8rste Katarina ringte om morgenen, og den siste hun snakket med f\u00f8r hun la seg. <\/p>\n<p>P\u00e5 bursdagen til Anne-Lise i h\u00f8st, da hun ville fylt 69 \u00e5r hvis hun hadde f\u00e5tt leve, delte Katarina flere koselige bilder av henne p\u00e5 Instagram.<\/p>\n<p>        \u00c6RLIG OG USMINKET: Like f\u00f8r p\u00e5ske ble det kjent at Tone Damlis s\u00f8ster, Tale Damli Aaberge, hadde g\u00e5tt bort. I en video p\u00e5 Instagram delte Tone \u00e6rlig og usminket om hvordan den siste tiden hadde v\u00e6rt. VIDEO: Instagram \/ @iamtonedamli \/\/ FOTO: Olav Stubberud \/\/ Reporter: H\u00e5vard Bj\u00f8rnerem<\/p>\n<p>\u00abJeg savner deg i dag, i morgen og hver eneste dag mamma. Vi er s\u00e5 mange som savner deg. Men selv om t\u00e5rene renner n\u00e5, vil jeg ogs\u00e5 minnes de utallige fine dagene og \u00f8yeblikkene med den aller beste mammaen i verden\u00bb, skrev hun til bildene.<\/p>\n<p class=\"italic m-italic\" data-lab-italic=\"italic\">Se og H\u00f8r har tatt kontakt med Katarina Flatland i forbindelse med denne saken, men hun har ikke besvart v\u00e5r henvendelse.<\/p>\n","protected":false},"excerpt":{"rendered":"F\u00f8rste jul uten mamma Katarina Flatland mistet moren sin i februar \u2013 savnet gj\u00f8r fremdeles vondt. SAVNER: Katarina&hellip;\n","protected":false},"author":2,"featured_media":119318,"comment_status":"","ping_status":"","sticky":false,"template":"","format":"standard","meta":{"footnotes":""},"categories":[58],"tags":[7181,14270,4104,71,6553,14269,7182,479,30,28,29,72],"class_list":{"0":"post-119317","1":"post","2":"type-post","3":"status-publish","4":"format-standard","5":"has-post-thumbnail","7":"category-underholdning","8":"tag-anne-lise-flatland","9":"tag-bettina-flatland","10":"tag-eksklusivt","11":"tag-entertainment","12":"tag-hallvard-flatland","13":"tag-harald-dobloug","14":"tag-katarina-flatland","15":"tag-kjendis","16":"tag-no","17":"tag-norge","18":"tag-norway","19":"tag-underholdning"},"share_on_mastodon":{"url":"https:\/\/pubeurope.com\/@no\/115762020120564403","error":""},"_links":{"self":[{"href":"https:\/\/www.europesays.com\/no\/wp-json\/wp\/v2\/posts\/119317","targetHints":{"allow":["GET"]}}],"collection":[{"href":"https:\/\/www.europesays.com\/no\/wp-json\/wp\/v2\/posts"}],"about":[{"href":"https:\/\/www.europesays.com\/no\/wp-json\/wp\/v2\/types\/post"}],"author":[{"embeddable":true,"href":"https:\/\/www.europesays.com\/no\/wp-json\/wp\/v2\/users\/2"}],"replies":[{"embeddable":true,"href":"https:\/\/www.europesays.com\/no\/wp-json\/wp\/v2\/comments?post=119317"}],"version-history":[{"count":0,"href":"https:\/\/www.europesays.com\/no\/wp-json\/wp\/v2\/posts\/119317\/revisions"}],"wp:featuredmedia":[{"embeddable":true,"href":"https:\/\/www.europesays.com\/no\/wp-json\/wp\/v2\/media\/119318"}],"wp:attachment":[{"href":"https:\/\/www.europesays.com\/no\/wp-json\/wp\/v2\/media?parent=119317"}],"wp:term":[{"taxonomy":"category","embeddable":true,"href":"https:\/\/www.europesays.com\/no\/wp-json\/wp\/v2\/categories?post=119317"},{"taxonomy":"post_tag","embeddable":true,"href":"https:\/\/www.europesays.com\/no\/wp-json\/wp\/v2\/tags?post=119317"}],"curies":[{"name":"wp","href":"https:\/\/api.w.org\/{rel}","templated":true}]}}