{"id":119323,"date":"2025-12-22T07:35:09","date_gmt":"2025-12-22T07:35:09","guid":{"rendered":"https:\/\/www.europesays.com\/no\/119323\/"},"modified":"2025-12-22T07:35:09","modified_gmt":"2025-12-22T07:35:09","slug":"vardo-eu-krav-har-regnet-pa-eus-kloakk-krav-ma-ut-med-45-millioner-ifinnmark","status":"publish","type":"post","link":"https:\/\/www.europesays.com\/no\/119323\/","title":{"rendered":"Vard\u00f8, EU-krav | Har regnet p\u00e5 EUs kloakk-krav: \u2013 M\u00e5 ut med 45 millioner &#8211; iFinnmark"},"content":{"rendered":"<ol>\n<li><a href=\"https:\/\/news.google.com\/rss\/articles\/CBMilwFBVV95cUxNTDhLdV84WWkwb3M3V0taeVJKam1pV1Y2MVlyTXdEMmk5NVRaYkVrTFctRzNoWjVJbllaVi04QXF4RlJYYXpwdWpQWURWUXFXME90eUw1RkIwUmJFd21DaExFTnY5OEw3UG9EQzR2eHpqRGZXQ0w3amVaM2ZvRzllV0RnczF6eVE5MExWWFhvYTAzbGhyZEEw?oc=5\" target=\"_blank\" rel=\"nofollow noopener\">Vard\u00f8, EU-krav | Har regnet p\u00e5 EUs kloakk-krav: \u2013 M\u00e5 ut med 45 millioner<\/a>&nbsp;&nbsp;iFinnmark<\/li>\n<li><a href=\"https:\/\/news.google.com\/rss\/articles\/CBMiaEFVX3lxTE9aZG5wOElyUF8ySGd4cm4xYk1BRG42VDR1WFR3a0tXa1c5alBOT3BDelBFMFV3WHRrOVZPY0JaS2E3UXpTRWE5ekdJMWQ0dnVTSHJaQzR0NHE1RjhheDUyOWY2Z3ExSVY2?oc=5\" target=\"_blank\" rel=\"nofollow noopener\">&#8211; Penger ned i do<\/a>&nbsp;&nbsp;Dagbladet<\/li>\n<li><a href=\"https:\/\/news.google.com\/rss\/articles\/CBMixwFBVV95cUxPRVdFUks1eWY1SGhMTXBLMUZHTDNKenNNX0dwZkZXdXBha2RVeGZDcl9SSlZELU9qT1BzOGdsdkNBbHVWcWRTS1JkOGpueGxkc3ZNcUF1STlvV1VwZ1NGbk9ZbnRYeENlWVpNam5rZ3h2ZVM3aER1UHE1QmFyS2NldkJWSDloUnVnY0xiNVJoYlZ1RnZpQ2JvNFNwU0dPUm9Mdmk0RlNlVHVwTVo1YkdRSElBVXliUW9ZSGtfRHVaQXcteWZJeEZr?oc=5\" target=\"_blank\" rel=\"nofollow noopener\">Regjeringa vil innf\u00f8ra kontroversielle kloakk-krav fr\u00e5 EU: \u2013 Pengar ned i do, seier Frp<\/a>&nbsp;&nbsp;vikebladet.no<\/li>\n<li><a href=\"https:\/\/news.google.com\/rss\/articles\/CBMigAFBVV95cUxONDhhRm1kTF9xOVNmY201a2ZicnBjaW9WWXdMOFFiTjYwcjBzWGZsclV0b3BEaV9MZTVNYXdKUmlaM0RuTl9WYmFvek9ZNGdCaERoSERjS0ZYNGZSd3JNWlBMdFYzTC1NOGpxWlM3ZldQTmRaOVRyZkNBMjRONllscg?oc=5\" target=\"_blank\" rel=\"nofollow noopener\">Regjeringen vil gjennomf\u00f8re EUs rensekrav<\/a>&nbsp;&nbsp;Teknisk Ukeblad<\/li>\n<li><a href=\"https:\/\/news.google.com\/rss\/articles\/CBMixgFBVV95cUxPVzlzX0drSnQyRnBrUHZtd2RWbnUtUjFoQ1gtMlF6dnFEbjhhZkprVnhlV3NIOWZHQks1ZmZ5RkVFWTVjMlRYUVRTajZfUGhHZnU2RzB5NU9CUHM1eGEzWWpZQjVPam8tV1NlT2poY0VSRHh2eVQtVlczcF9jTk9paVBBc2FKY25HOHBTdC1ET2ZhanQydFcwamdnaHNteFp6WjhlNEVqRWI2dWZMd2RRWmlJdEx2NmFidVhiX2FQXy01NFBBOHc?oc=5\" target=\"_blank\" rel=\"nofollow noopener\">EUs avl\u00f8psdirektiv, Vann | Regjeringen vil gjennomf\u00f8re EU-direktiv som kan gi befolkningen regning p\u00e5 33 milliarder<\/a>&nbsp;&nbsp;Nationen<\/li>\n<\/ol>\n","protected":false},"excerpt":{"rendered":"Vard\u00f8, EU-krav | Har regnet p\u00e5 EUs kloakk-krav: \u2013 M\u00e5 ut med 45 millioner&nbsp;&nbsp;iFinnmark &#8211; Penger ned i&hellip;\n","protected":false},"author":2,"featured_media":119324,"comment_status":"","ping_status":"","sticky":false,"template":"","format":"standard","meta":{"footnotes":""},"categories":[10],"tags":[20,21,24,25,15,22,23,13,30,28,29,14,16,26,27],"class_list":{"0":"post-119323","1":"post","2":"type-post","3":"status-publish","4":"format-standard","5":"has-post-thumbnail","7":"category-norge","8":"tag-breaking-news","9":"tag-breakingnews","10":"tag-featured-news","11":"tag-featurednews","12":"tag-headlines","13":"tag-latest-news","14":"tag-latestnews","15":"tag-news","16":"tag-no","17":"tag-norge","18":"tag-norway","19":"tag-nyheter","20":"tag-overskrifter","21":"tag-top-stories","22":"tag-topstories"},"share_on_mastodon":{"url":"https:\/\/pubeurope.com\/@no\/115762071035613894","error":""},"_links":{"self":[{"href":"https:\/\/www.europesays.com\/no\/wp-json\/wp\/v2\/posts\/119323","targetHints":{"allow":["GET"]}}],"collection":[{"href":"https:\/\/www.europesays.com\/no\/wp-json\/wp\/v2\/posts"}],"about":[{"href":"https:\/\/www.europesays.com\/no\/wp-json\/wp\/v2\/types\/post"}],"author":[{"embeddable":true,"href":"https:\/\/www.europesays.com\/no\/wp-json\/wp\/v2\/users\/2"}],"replies":[{"embeddable":true,"href":"https:\/\/www.europesays.com\/no\/wp-json\/wp\/v2\/comments?post=119323"}],"version-history":[{"count":0,"href":"https:\/\/www.europesays.com\/no\/wp-json\/wp\/v2\/posts\/119323\/revisions"}],"wp:featuredmedia":[{"embeddable":true,"href":"https:\/\/www.europesays.com\/no\/wp-json\/wp\/v2\/media\/119324"}],"wp:attachment":[{"href":"https:\/\/www.europesays.com\/no\/wp-json\/wp\/v2\/media?parent=119323"}],"wp:term":[{"taxonomy":"category","embeddable":true,"href":"https:\/\/www.europesays.com\/no\/wp-json\/wp\/v2\/categories?post=119323"},{"taxonomy":"post_tag","embeddable":true,"href":"https:\/\/www.europesays.com\/no\/wp-json\/wp\/v2\/tags?post=119323"}],"curies":[{"name":"wp","href":"https:\/\/api.w.org\/{rel}","templated":true}]}}