{"id":119329,"date":"2025-12-22T07:42:13","date_gmt":"2025-12-22T07:42:13","guid":{"rendered":"https:\/\/www.europesays.com\/no\/119329\/"},"modified":"2025-12-22T07:42:13","modified_gmt":"2025-12-22T07:42:13","slug":"banke-du-byen-er-historie-politiet-friskmelder-arendal-sorlandet","status":"publish","type":"post","link":"https:\/\/www.europesays.com\/no\/119329\/","title":{"rendered":"\u00abBanke du-byen\u00bb er historie \u2013 politiet \u00abfriskmelder\u00bb Arendal \u2013 S\u00f8rlandet"},"content":{"rendered":"<p>Saken oppsummert:<\/p>\n<p>\u2022 Arendal hadde tidligere et voldspreget natteliv, spesielt p\u00e5 90-tallet og tidlig 2000-tall, med hyppige slagsm\u00e5l og alvorlige voldsepisoder.<br \/>\u2022 Politiet og utelivsbransjen har samarbeidet tett for \u00e5 redusere volden, blant annet gjennom nulltoleranse for vold og bedre kommunikasjon.<br \/>\u2022 Tidligere var det en voldelig kultur preget av alkohol, rusmidler og en machomentalitet, som blant annet ble forsterket av et milj\u00f8 rundt treningssentre.<br \/>\u2022 Byen har gjennomg\u00e5tt en kulturendring, med mer fokus p\u00e5 trygghet, urbanisering og arrangementer som Arendalsuka.<br \/>\u2022 Antallet voldsepisoder har g\u00e5tt drastisk ned, og politiet rapporterer n\u00e5 om flere helger uten voldstilfeller.<br \/>\u2022 Endringer i d\u00f8rvaktpraksis, inkludert bruk av sertifiserte vektere og en mer mangfoldig arbeidsstyrke, har bidratt til \u00e5 skape et tryggere utelivsmilj\u00f8.<\/p>\n<p>Oppsummeringen er laget av en KI-tjeneste fra OpenAI. Innholdet er kvalitetssikret av NRKs journalister f\u00f8r publisering.<\/p>\n<p><strong>\u2013 Det var skikkelige sl\u00e5sskamper hele veien utover her. Jeg m\u00e5tte kjempe meg gjennom alle, og enda var det vold vi ikke rakk \u00e5 ta h\u00e5nd om. <\/strong><\/p>\n<p>Politiavdelingsleder Torbj\u00f8rn Trommestad er tilbake p\u00e5 Langbrygga i Arendal en sein fredagskveld i desember.<\/p>\n<p>Det er rolige samtaler og behersket stemning p\u00e5 de utestedene NRK er innom.<\/p>\n<p>Et sykkeltyveri er det eneste politiet rapporterer om i politiloggen.<\/p>\n<p>Situasjonen st\u00e5r i skarp kontrast til kvelden i 1995 da Trommestad hadde sitt f\u00f8rste oppdrag som politimann.<\/p>\n<p><strong>\u2013 Noen gikk i taxik\u00f8ene og spurte hvor folk var fra. Hadde man feil dialekt, ble en like godt sl\u00e5tt rett ned, forteller han.<\/strong><\/p>\n<p><img decoding=\"async\"   src=\"data:image\/gif;base64,R0lGODlhAQABAIAAAAAAAP\/\/\/yH5BAEAAAAALAAAAAABAAEAAAIBRAA7\" loading=\"eager\" alt=\"En politiansatt st\u00e5r i regnet, if\u00f8rt en uniform med &quot;POLITI&quot; p\u00e5 brystet, i en opplyst havneomr\u00e5de. Bakgrunnen viser b\u00e5ter og bygninger med lys som reflekteres i vannet. Det er julestemning med dekorative lys i tr\u00e6rne. Omgivelsene er m\u00f8rke med fuktige overflater. (Bildebeskrivelsen er laget av en KI-tjeneste)\" title=\"Foto: Erik Wiig Andersen \/ NRK\"\/><\/p>\n<p class=\"\">Politiavdelingsleder\u00a0Torbj\u00f8rn Trommestad forteller om n\u00e6rmest lovl\u00f8se tilstander i Arendal sentrum p\u00e5 slutten av 90-tallet.<\/p>\n<p>Foto: Erik Wiig Andersen \/ NRK<\/p>\n<p>Arendal var i to ti\u00e5r preget av en unik voldsb\u00f8lge.<\/p>\n<p>Tidligere var sl\u00e5ssing og vold i sentrum i helgene var normalen, forteller han.<\/p>\n<p><strong>Hva skjedde?<\/strong><\/p>\n<p>\u2013 Veldig mye testosteron<\/p>\n<p>For \u00e5 svare p\u00e5 det m\u00e5 vi noen \u00e5r tilbake i tid.<\/p>\n<p>P\u00e5 slutten av 90-tallet og frem til 2015 brukte politiet i Arendal store ressurser p\u00e5 \u00e5 bekjempe volden i sentrum.<\/p>\n<p>I 2013 ble det registrert nesten 300 b\u00f8ter knyttet til ordensforstyrrelser i byen.<\/p>\n<p>Skien, som har litt flere innbyggere, hadde til sammenligning under 70, samme \u00e5ret.<\/p>\n<p><strong>\u2013 Det er mulig at befolkningen i Arendal oppf\u00f8rer seg mer u\u00f8nsket enn folk fra andre byer og er mer primitive. I Oslo blir Arendal ofte kalt \u00abbanke du-byen\u00bb. <\/strong><\/p>\n<p>Det sa tidligere politistasjonssjef Jan Sverre Krogstad om situasjonen, til NRK i 2012.\n<\/p>\n<p>Navnet han nevner, stammer fra det lokale uttrykket \u00abe skal banke du!\u00bb<\/p>\n<p>Det var flere alvorlige voldsepisoder.<\/p>\n<p>Vektere som havnet i fryseboksen etter basketak og d\u00f8rvakter som slo tilbake, er noen eksempler p\u00e5 hva som kunne skje.<\/p>\n<p><strong>\u2013 Forholdene i Arendal vakte oppsikt i hele landet, forteller Trommestad.<\/strong><\/p>\n<p>Han er i dag leder for forebygging og etterretning i Arendal og Froland politidistrikt.<\/p>\n<p>Ute p\u00e5 byen i Arendal er det flere som minnes tiden godt.<\/p>\n<p>    <img alt=\"En mann sitter p\u00e5 en restaurant med utsikt mot en elv, kledd i en genser og skjorte. Bakgrunnen er opplyst med lys fra bygninger og dekorasjoner. Omgivelsene er koselige, med runde bord og blomsterdekorasjoner. Stemningen tyder p\u00e5 en kveld i en livlig atmosf\u00e6re. (Bildebeskrivelsen er laget av en KI-tjeneste)\" tabindex=\"-1\" style=\"--dhhs-horizontal-object-position: max(100%, min(0px, calc(0.50 * 100% - 0.50 * 100vw + 50vw))) max(100%, min(0px, calc(0.50 * 100% - 0.50 * 100vh + 50vh))); --dhhs-vertical-object-position: max(100%, min(0px, calc(0.50 * 100% - 0.50 * 100vw + 50vw))) max(100%, min(0px, calc(0.50 * 100% - 0.50 * 100vh + 50vh)));\"  loading=\"lazy\"\/><\/p>\n<blockquote>\n<p>\u2013 Jeg husker alle som var p\u00e5 byen m\u00e5tte gjennom en politibarriere for \u00e5 sjekke om de hadde kniv med seg. Det skjer ikke n\u00e5 lengre.<\/p>\n<p>Christian S\u00f8rv\u00e6r<\/p><\/blockquote>\n<p><img alt=\"En kvinnelig vekter st\u00e5r p\u00e5 utested med byen i bakgrunnen, if\u00f8rt en m\u00f8rk jakke med merker. I bakgrunnen sees flerfargede lys og julepynt. Flere personer er synlige i n\u00e6rheten, noen ser ut til \u00e5 snakke sammen. Omgivelsene er livlige. (Bildebeskrivelsen er laget av en KI-tjeneste)\" tabindex=\"-1\" style=\"--dhhs-horizontal-object-position: max(100%, min(0px, calc(0.50 * 100% - 0.50 * 100vw + 50vw))) max(100%, min(0px, calc(0.50 * 100% - 0.50 * 100vh + 50vh))); --dhhs-vertical-object-position: max(100%, min(0px, calc(0.00 * 100% - 0.00 * 100vw + 50vw))) max(100%, min(0px, calc(0.41 * 100% - 0.41 * 100vh + 50vh)));\"  loading=\"lazy\"\/><\/p>\n<blockquote>\n<p>\u2013 Det var gjenger fra ulike deler av distriktet som barket sammen. Det var mye steroider.\u00a0 N\u00e5 henger alle sammen og det er sjelden konflikter.<\/p>\n<p>Liv Skipper, d\u00f8rvakt<\/p><\/blockquote>\n<p><img alt=\"En kvinne sitter p\u00e5 en sofa med ryggen til en stor vindus\u00e5pning. Hun har langt, m\u00f8rkt h\u00e5r og if\u00f8rt en stripete bluse. Omgivelsene er svakt opplyst, med utydelige konturer av m\u00f8bler og dekorasjoner i bakgrunnen. Bildet gir inntrykk av en uformell setting, muligens en bar eller kaf. (Bildebeskrivelsen er laget av en KI-tjeneste)\" tabindex=\"-1\" style=\"--dhhs-horizontal-object-position: max(100%, min(0px, calc(0.47 * 100% - 0.47 * 100vw + 50vw))) max(100%, min(0px, calc(0.43 * 100% - 0.43 * 100vh + 50vh))); --dhhs-vertical-object-position: max(100%, min(0px, calc(0.50 * 100% - 0.50 * 100vw + 50vw))) max(100%, min(0px, calc(0.50 * 100% - 0.50 * 100vh + 50vh)));\"  loading=\"lazy\"\/><\/p>\n<p>\u2013 Tidligere var det jo politi og sirener og overalt. Jeg husker typene som ville sl\u00e5ss. De var som bulldosere. N\u00e5 er det mye roligere her i helgene.<\/p>\n<p>\u2013 \u00d8dela kjever og tenner<\/p>\n<p>P\u00e5 Langbrygga i Arendal gj\u00f8r d\u00f8rvakt Jan Kr\u00e5kedal seg klar til \u00e5 ta h\u00e5nd om utestedets festglade gjester.<\/p>\n<p>Den erfarne vekteren har st\u00e5tt i d\u00f8ra p\u00e5 ulike utesteder siden 80-tallet og har sett mer utelivsvold enn de fleste.<\/p>\n<p><strong>\u2013 Ja, det kunne v\u00e6re veldig stygge skader. De \u00f8dela kjevene og tennene til folk. De pr\u00f8vde \u00e5 gj\u00f8re mest mulig skade, forteller Kr\u00e5kedal.<\/strong><\/p>\n<p><img decoding=\"async\"   src=\"data:image\/gif;base64,R0lGODlhAQABAIAAAAAAAP\/\/\/yH5BAEAAAAALAAAAAABAAEAAAIBRAA7\" loading=\"eager\" alt=\"En vekter st\u00e5r p\u00e5 en restaurant med juledekorasjoner. Omr\u00e5det er svakt opplyst med lysdekorasjoner og en julekrans. En kopp kaffe st\u00e5r p\u00e5 et bord foran vekteren. Det er et rolig og koselig milj\u00f8.\" title=\"Foto: H\u00e5vard Axel Kator \/ NRK\"\/><\/p>\n<p class=\"\">D\u00f8rvakt Jan Kr\u00e5kedal har v\u00e6rt d\u00f8rvakt i Arendal siden 1980-tallet. Han forteller om en voldskultur der folk fikk knust tenner og kjever uten grunn. <\/p>\n<p>Foto: H\u00e5vard Axel Kator \/ NRK<\/p>\n<p>\u2013 Hva var grunnen til den blinde volden? <\/p>\n<p>\u2013 Det var personer som dro til byen utelukkende for \u00e5 sl\u00e5ss. De satt hjemme og drakk og ble enige om \u00e5 dra til sentrum. S\u00e5 da var det bare \u00e5 \u00abfyre l\u00f8s\u00bb.<\/p>\n<p>Eier av utestedet, Sigmund Rose bekrefter forholdene.<\/p>\n<p><strong>\u2013 Det var veldig mye sl\u00e5ssing. Det var viktig \u00e5 v\u00e6re fysisk sterk og t\u00f8ff. Da fikk du de fineste jentene. Det er ikke s\u00e5nn i dag. <\/strong><\/p>\n<p><img decoding=\"async\"   src=\"data:image\/gif;base64,R0lGODlhAQABAIAAAAAAAP\/\/\/yH5BAEAAAAALAAAAAABAAEAAAIBRAA7\" loading=\"eager\" alt=\"En mann if\u00f8rt svart kokkeuniform og hvit caps st\u00e5r utend\u00f8rs om kvelden. Bakgrunnen viser opplyste bygninger og dekorasjoner i nattelys. Omr\u00e5det ser ut til \u00e5 v\u00e6re langs en vannkant. Det er uskarpe bilder av b\u00e5ter og mennesker i bakgrunnen. (Bildebeskrivelsen er laget av en KI-tjeneste)\" title=\"Foto: Erik Wiig Andersen \/ NRK\"\/><\/p>\n<p class=\"\">Sigmund Rose eier 4 utesteder og har v\u00e6rt i bransjen i over 30 \u00e5r. Han sier det tidligere var et ideal i byen \u00e5 v\u00e6re sterk og t\u00f8ff. <\/p>\n<p>Foto: Erik Wiig Andersen \/ NRK<\/p>\n<p>Rose har drevet en rekke utesteder i Arendal i over 30 \u00e5r. Han har selv opplevd \u00e5 bli sl\u00e5tt ned.<\/p>\n<p>Men i dag klarer han vitse med de til tider lovl\u00f8se tilstandene som herjet byen.\n<\/p>\n<p>\u2013 En helt annen verden<\/p>\n<p>P\u00e5 slutten av 90-tallet og flere \u00e5r p\u00e5 2010-tallet kunne det v\u00e6re 5\u20136 voldsepisoder i Arendal, hver helg.<\/p>\n<p>For \u00e5 sl\u00e5 ned p\u00e5 dette kunne politiet ha 10\u201312 polititjenestemenn ute i sentrumsgatene samtidig.<\/p>\n<p><strong>\u2013 N\u00e5 kan det g\u00e5 flere helger uten ett eneste voldstilfelle. Det er en helt annen verden, forteller Torbj\u00f8rn Trommestad i politiet.<br \/>\n<\/strong><\/p>\n<p>If\u00f8lge etaten blir ogs\u00e5 mye mer av volden anmeldt i dag.<\/p>\n<p>Det gjenspeiles ogs\u00e5 i statistikken som viser relativt f\u00e5 anmeldte tilfeller p\u00e5 denne tida.<\/p>\n<p>Situasjonen i Arendal f\u00f8rte til en rekke m\u00e5lretta tiltak i politiet, utelivsbransje og kommune.<\/p>\n<p>\u2013 <strong>Vi har endret m\u00e5ten \u00e5 jobbe p\u00e5. N\u00e5 har vi et mye tettere samarbeid med serveringsstedene, skjenkevaktene og taxin\u00e6ringen. Vi kjenner ogs\u00e5 driverne og d\u00f8rvaktene. Vi har l\u00f8pende kontakt. <\/strong><\/p>\n<p>If\u00f8lge Trommestad kunne var vekterne tidligere ofte store og veltrente.<\/p>\n<p>De kunne ogs\u00e5 gjerne tilh\u00f8re samme milj\u00f8et som voldsut\u00f8verne.<\/p>\n<p><strong>\u2013 I kontrast brukes det n\u00e5 bevisst, unge, kvinnelige d\u00f8rvakter, gjerne med utenlandsk bakgrunn. De gj\u00f8r en veldig bra jobb med \u00e5 hindre konflikter.<\/strong><\/p>\n<p>Nulltoleranse for vold<\/p>\n<p>Sigmund Rose i utelivsbransjen har samme inntrykket som politiet. Han sier forholdet til etaten er totalt endret.<\/p>\n<p><strong>\u2013 N\u00e5 er de alltid tilgjengelige, og er ofte innom oss. I tillegg er kulturen i politiet endret, med nulltoleranse p\u00e5 vold. <\/strong><\/p>\n<p>Han legger til at vekterne n\u00e5 m\u00e5 v\u00e6re sertifiserte og offentlig godkjente.<\/p>\n<p><img decoding=\"async\"   src=\"data:image\/gif;base64,R0lGODlhAQABAIAAAAAAAP\/\/\/yH5BAEAAAAALAAAAAABAAEAAAIBRAA7\" loading=\"eager\" alt=\"To personer st\u00e5r ved baren p\u00e5 Castelle restaurant. Bak baren jobber en medarbeider. Rommet er pyntet med lys. En stor diskokule henger fra taket. (Bildebeskrivelsen er laget av en KI-tjeneste)\" title=\"Foto: H\u00e5vard Axel Kator \/ NRK\"\/><\/p>\n<p class=\"\">Utestedene har jevnlig kontakt med politiet og skjenkereglene er ogs\u00e5 strammet inn de siste \u00e5rene. <\/p>\n<p>Foto: H\u00e5vard Axel Kator \/ NRK<\/p>\n<p>Og kanskje aller viktigst if\u00f8lge Rose. Det har skjedd en kulturendring i byen.<\/p>\n<p>Han viser til at byen blant annet har blitt scene for nasjonale begivenheter som Arendalsuka.<\/p>\n<p><strong>\u2013 Det har skjedd en kultivering. N\u00e5 kan folk g\u00e5 ut og spise og drikke klokka fem p\u00e5 ettermiddagen og g\u00e5 hjem tidlig. Arendal er blitt en lang triveligere by, smiler han og f\u00e5r et nikk fra gjestene p\u00e5 bordet bak.<\/strong><\/p>\n<p>Bargjest Christian S\u00f8rv\u00e6r sier mye av volden av tidligere var knyttet til trenigsmilj\u00f8ene i byen der enkeltpersoner drev med psysisk og fysisk terror.<\/p>\n<p>\u2013 Den kulturen er mer eller mindre borte. Arendal har blitt mer kontinental, mener han.<\/p>\n","protected":false},"excerpt":{"rendered":"Saken oppsummert: \u2022 Arendal hadde tidligere et voldspreget natteliv, spesielt p\u00e5 90-tallet og tidlig 2000-tall, med hyppige slagsm\u00e5l&hellip;\n","protected":false},"author":2,"featured_media":119330,"comment_status":"","ping_status":"","sticky":false,"template":"","format":"standard","meta":{"footnotes":""},"categories":[10],"tags":[20,21,24,25,15,22,23,13,30,28,29,14,16,26,27],"class_list":{"0":"post-119329","1":"post","2":"type-post","3":"status-publish","4":"format-standard","5":"has-post-thumbnail","7":"category-norge","8":"tag-breaking-news","9":"tag-breakingnews","10":"tag-featured-news","11":"tag-featurednews","12":"tag-headlines","13":"tag-latest-news","14":"tag-latestnews","15":"tag-news","16":"tag-no","17":"tag-norge","18":"tag-norway","19":"tag-nyheter","20":"tag-overskrifter","21":"tag-top-stories","22":"tag-topstories"},"share_on_mastodon":{"url":"https:\/\/pubeurope.com\/@no\/115762098521596933","error":""},"_links":{"self":[{"href":"https:\/\/www.europesays.com\/no\/wp-json\/wp\/v2\/posts\/119329","targetHints":{"allow":["GET"]}}],"collection":[{"href":"https:\/\/www.europesays.com\/no\/wp-json\/wp\/v2\/posts"}],"about":[{"href":"https:\/\/www.europesays.com\/no\/wp-json\/wp\/v2\/types\/post"}],"author":[{"embeddable":true,"href":"https:\/\/www.europesays.com\/no\/wp-json\/wp\/v2\/users\/2"}],"replies":[{"embeddable":true,"href":"https:\/\/www.europesays.com\/no\/wp-json\/wp\/v2\/comments?post=119329"}],"version-history":[{"count":0,"href":"https:\/\/www.europesays.com\/no\/wp-json\/wp\/v2\/posts\/119329\/revisions"}],"wp:featuredmedia":[{"embeddable":true,"href":"https:\/\/www.europesays.com\/no\/wp-json\/wp\/v2\/media\/119330"}],"wp:attachment":[{"href":"https:\/\/www.europesays.com\/no\/wp-json\/wp\/v2\/media?parent=119329"}],"wp:term":[{"taxonomy":"category","embeddable":true,"href":"https:\/\/www.europesays.com\/no\/wp-json\/wp\/v2\/categories?post=119329"},{"taxonomy":"post_tag","embeddable":true,"href":"https:\/\/www.europesays.com\/no\/wp-json\/wp\/v2\/tags?post=119329"}],"curies":[{"name":"wp","href":"https:\/\/api.w.org\/{rel}","templated":true}]}}