{"id":119333,"date":"2025-12-22T07:50:10","date_gmt":"2025-12-22T07:50:10","guid":{"rendered":"https:\/\/www.europesays.com\/no\/119333\/"},"modified":"2025-12-22T07:50:10","modified_gmt":"2025-12-22T07:50:10","slug":"lakseskatten-har-bare-gitt-en-brokdel-av-ventede-inntekter","status":"publish","type":"post","link":"https:\/\/www.europesays.com\/no\/119333\/","title":{"rendered":"Lakseskatten har bare gitt en br\u00f8kdel av ventede inntekter"},"content":{"rendered":"<p data-testid=\"textWithMarkup-text\" data-v-81d7dc2b=\"\" data-v-62d58f52=\"\">If\u00f8lge avisen betalte 77 av 102 selskaper ikke lakseskatt. Store selskaper som Mowi, Salmar og Grieg Seafood har enn\u00e5 ikke betalt noe i slik skatt, skriver Aftenposten.<\/p>\n<p data-testid=\"textWithMarkup-text\" data-v-81d7dc2b=\"\" data-v-62d58f52=\"\">\u2013 Grunnrenteskatten medf\u00f8rte endringer i selskapsstruktur og flytting av biomasse. Dette gjelder mange selskaper, skriver kommunikasjonsdirekt\u00f8r Ola Helge Hjetland i Mowi i en epost.<\/p>\n<p data-testid=\"textWithMarkup-markup\" data-v-62d58f52=\"\"> Grunnrenteskatten p\u00e5 havbruk, bedre kjent som lakseskatten, var omdiskutert da den ble innf\u00f8rt i 2023. I det opprinnelige <a href=\"https:\/\/www.regjeringen.no\/no\/aktuelt\/grunnrenteskatt-pa-havbruk\/id2929113\/\" rel=\"noopener nofollow\" target=\"_blank\">forslaget<\/a> \u00e5ret f\u00f8r anslo regjeringen mellom 3,65 og 3,8 milliarder kroner i \u00e5rlige inntekter. De la opp til at rundt halvparten skulle g\u00e5 til kommunesektoren.<\/p>\n<p data-testid=\"textWithMarkup-text\" data-v-81d7dc2b=\"\" data-v-62d58f52=\"\">Finansdepartementet vil ikke svare p\u00e5 om de er forn\u00f8yd med resultatene fra lakseskatten.<\/p>\n<p data-testid=\"textWithMarkup-text\" data-v-81d7dc2b=\"\" data-v-62d58f52=\"\">\u2013 Med en ny skatt kan det i tillegg v\u00e6re uenighet om tolking av regelverket, skriver statssekret\u00e6r Ellen Reitan (Ap) i en epost til Aftenposten.<\/p>\n<p data-testid=\"textWithMarkup-text\" data-v-81d7dc2b=\"\" data-v-62d58f52=\"\">Skatteetaten opplyser at de har taushetsplikt og ikke kommenterer enkeltsaker. Etaten vil heller ikke kommentere om den tror inntektene vil \u00f8ke i \u00e5rene som kommer.<\/p>\n","protected":false},"excerpt":{"rendered":"If\u00f8lge avisen betalte 77 av 102 selskaper ikke lakseskatt. Store selskaper som Mowi, Salmar og Grieg Seafood har&hellip;\n","protected":false},"author":2,"featured_media":119334,"comment_status":"","ping_status":"","sticky":false,"template":"","format":"standard","meta":{"footnotes":""},"categories":[10],"tags":[20,21,24,25,15,22,23,13,30,28,29,14,16,26,27],"class_list":{"0":"post-119333","1":"post","2":"type-post","3":"status-publish","4":"format-standard","5":"has-post-thumbnail","7":"category-norge","8":"tag-breaking-news","9":"tag-breakingnews","10":"tag-featured-news","11":"tag-featurednews","12":"tag-headlines","13":"tag-latest-news","14":"tag-latestnews","15":"tag-news","16":"tag-no","17":"tag-norge","18":"tag-norway","19":"tag-nyheter","20":"tag-overskrifter","21":"tag-top-stories","22":"tag-topstories"},"share_on_mastodon":{"url":"https:\/\/pubeurope.com\/@no\/115762130008493968","error":""},"_links":{"self":[{"href":"https:\/\/www.europesays.com\/no\/wp-json\/wp\/v2\/posts\/119333","targetHints":{"allow":["GET"]}}],"collection":[{"href":"https:\/\/www.europesays.com\/no\/wp-json\/wp\/v2\/posts"}],"about":[{"href":"https:\/\/www.europesays.com\/no\/wp-json\/wp\/v2\/types\/post"}],"author":[{"embeddable":true,"href":"https:\/\/www.europesays.com\/no\/wp-json\/wp\/v2\/users\/2"}],"replies":[{"embeddable":true,"href":"https:\/\/www.europesays.com\/no\/wp-json\/wp\/v2\/comments?post=119333"}],"version-history":[{"count":0,"href":"https:\/\/www.europesays.com\/no\/wp-json\/wp\/v2\/posts\/119333\/revisions"}],"wp:featuredmedia":[{"embeddable":true,"href":"https:\/\/www.europesays.com\/no\/wp-json\/wp\/v2\/media\/119334"}],"wp:attachment":[{"href":"https:\/\/www.europesays.com\/no\/wp-json\/wp\/v2\/media?parent=119333"}],"wp:term":[{"taxonomy":"category","embeddable":true,"href":"https:\/\/www.europesays.com\/no\/wp-json\/wp\/v2\/categories?post=119333"},{"taxonomy":"post_tag","embeddable":true,"href":"https:\/\/www.europesays.com\/no\/wp-json\/wp\/v2\/tags?post=119333"}],"curies":[{"name":"wp","href":"https:\/\/api.w.org\/{rel}","templated":true}]}}