{"id":119344,"date":"2025-12-22T08:12:12","date_gmt":"2025-12-22T08:12:12","guid":{"rendered":"https:\/\/www.europesays.com\/no\/119344\/"},"modified":"2025-12-22T08:12:12","modified_gmt":"2025-12-22T08:12:12","slug":"trumps-spesialutsending-vil-gjore-gronland-til-en-del-av-usa","status":"publish","type":"post","link":"https:\/\/www.europesays.com\/no\/119344\/","title":{"rendered":"Trumps spesialutsending vil gj\u00f8re Gr\u00f8nland til en del av USA"},"content":{"rendered":"<p class=\"extendedContent hyperion-css-eyn926\" data-test-tag=\"lead-text\">USAs president har utnevnt Louisiana-guvern\u00f8r Jeff Landry til landets spesialutsending til Gr\u00f8nland. Landry varsler at han skal gj\u00f8re \u00f8ya til en del av USA.<\/p>\n<p>Louisiana-guvern\u00f8r Jeff Landry fotografert tidligere i \u00e5r.<\/p>\n<p>1 av 2Foto: Gerald Herbert \/ AP \/ NTB<\/p>\n<p class=\"paywall hyperion-css-1j42uic\"> \u00abJeff forst\u00e5r hvor avgj\u00f8rende Gr\u00f8nland er for v\u00e5r nasjonale sikkerhet, og vil sterkt fremme v\u00e5rt lands interesser for sikkerheten, tryggheten og eksistensen til v\u00e5re allierte, og faktisk hele verden\u00bb, skriver Trump p\u00e5 <a aria-label=\"Truth Social\" class=\"breaking-short hyperion-css-1raymq9\" href=\"https:\/\/truthsocial.com\/@realDonaldTrump\/posts\/115760829286615399\" target=\"_blank\" rel=\"noopener nofollow noreferrer\" data-test-tag=\"external-link\">Truth Social<\/a>.<\/p>\n<p class=\"paywall hyperion-css-1j42uic\">Trump har gjentatte ganger det siste \u00e5ret gitt uttrykk for at han \u00f8nsker Gr\u00f8nland l\u00f8srevet fra Danmark og innlemmet i USA.<\/p>\n<p class=\"paywall hyperion-css-1j42uic\">Dette er blitt m\u00f8tt med sterk motstand b\u00e5de i Danmark, p\u00e5 Gr\u00f8nland og i EU.<\/p>\n<p>\u2013 En del av USA<\/p>\n<p class=\"paywall hyperion-css-1j42uic\"> I en melding p\u00e5 <a aria-label=\"X\" class=\"breaking-short hyperion-css-1raymq9\" href=\"https:\/\/x.com\/LAGovJeffLandry\/status\/2002950029494124986\" target=\"_blank\" rel=\"noopener nofollow noreferrer\" data-test-tag=\"external-link\">X<\/a> takker guvern\u00f8ren Trump for utnevnelsen. <\/p>\n<p class=\"paywall hyperion-css-1j42uic\">\u00abDet er en \u00e6re \u00e5 tjene deg i denne ul\u00f8nnede stillingen for \u00e5 gj\u00f8re Gr\u00f8nland til en del av USA\u00bb, skriver han.<\/p>\n<p class=\"paywall hyperion-css-1j42uic\">Landry legger til at utnevnelsen ikke p\u00e5virker ham i vervet som guvern\u00f8r i Louisiana.<\/p>\n<p>Dansk sjokk: &#8211; Gr\u00f8nland en del av Danmark. <\/p>\n<p class=\"paywall hyperion-css-1j42uic\">Trumps utnevnelse og uttalelsene til Landry kom som julekvelden p\u00e5 kjerringa i Danmark. \u00abDanmark fikk en stygg overraskelse i natt\u00bb, skriver <a aria-label=\"Berlingske\" class=\"breaking-short hyperion-css-1raymq9\" href=\"https:\/\/www.berlingske.dk\/internationalt\/saa-er-freden-forbi-trump-optrapper-krisen-om-groenland\" target=\"_blank\" rel=\"noopener nofollow noreferrer\" data-test-tag=\"external-link\">Berlingske<\/a>. Avisen skriver at Trump n\u00e5 opptrapper krisen rundt Gr\u00f8nland. <\/p>\n<p class=\"paywall hyperion-css-1j42uic\">\u00abUSA skal vise respekt for at Gr\u00f8nland er en del av Danmark og selv bestemmer sin fremtid\u00bb, skriver utenriksminister Lars L\u00f8kke Rasmussen i en kommenterer til det danske nyhetsbyr\u00e5et Ritzau. <\/p>\n<p class=\"paywall hyperion-css-1j42uic\">\u00abUtnevnelsen bekrefter at den amerikanske interessen Gr\u00f8nland best\u00e5r. Vi st\u00e5r imidlertid fast p\u00e5 at alle \u2013 ogs\u00e5 USA \u2013 skal vise respekt for kongerikets territoriale integritet\u00bb, heter det i en skriftlig kommentar fra den danske regjeringen. <\/p>\n<p><img decoding=\"async\" class=\"image-asset hyperion-css-u06ts1\" data-test-tag=\"image-asset\" src=\"https:\/\/www.europesays.com\/no\/wp-content\/uploads\/2025\/12\/f6904ab3-450c-47ed-aaac-73f1b49d8beb\"  alt=\"\u2013 USA m\u00e5 vise respekt for Danmarks grenser, uttaler Danmarks utenriksminister Lars L\u00f8kke Rasmussen. \"  loading=\"eager\" fetchpriority=\"high\" style=\"aspect-ratio:2048 \/ 1374\"\/>\u2013 USA m\u00e5 vise respekt for Danmarks grenser, uttaler Danmarks utenriksminister Lars L\u00f8kke Rasmussen. Foto: Jens Buettner \/ AP \/NTBEgen Trump-vakt i dansk UD<\/p>\n<p class=\"paywall hyperion-css-1j42uic\">Tidligere i desember var USAs Danmark-ambassad\u00f8r p\u00e5 bes\u00f8k i Nuuk, Gr\u00f8nlands hovedstad. Der hadde ambassad\u00f8r Ken Howery m\u00f8ter med Gr\u00f8nlands minister, Vivian Motzfeldt. Men hverken dansk eller utenlandsk presse fikk stille USA-ambassad\u00f8ren sp\u00f8rsm\u00e5l under <a aria-label=\"bes\u00f8ket\" class=\"breaking-short hyperion-css-1raymq9\" href=\"https:\/\/politiken.dk\/internationalt\/art10651618\/USAs-ambassad\u00f8r-dukker-sig-for-pressen-under-bes\u00f8g-i-Gr\u00f8nland\" target=\"_blank\" rel=\"noopener nofollow noreferrer\" data-test-tag=\"external-link\">bes\u00f8ket<\/a>. <\/p>\n<p class=\"paywall hyperion-css-1j42uic\">Dette var et tegn p\u00e5 at noe var p\u00e5 gang, og at Trump ikke hadde glemt sine Gr\u00f8nland-ambisjoner, <a aria-label=\"mener \" class=\"breaking-short hyperion-css-1raymq9\" href=\"https:\/\/politiken.dk\/internationalt\/art10245039\/Hvis-nogen-troede-Trump-havde-glemt-Gr\u00f8nland-kan-de-godt-tro-om\" target=\"_blank\" rel=\"noopener nofollow noreferrer\" data-test-tag=\"external-link\">mener <\/a>Politikens Norden-korrespondent, Claus Blok. \u00abUtnevnelsen er muligens en fortsatt p\u00e5minnelse om at det amerikanske presset p\u00e5 Gr\u00f8nland og Danmark ikke er redusert\u00bb, skriver han. <\/p>\n<p class=\"paywall hyperion-css-1j42uic\">Tidligere i \u00e5r oppjusterte det danske utenriksministeriet sin beredskap og bemanning knyttet til USA og Gr\u00f8nland kraftig. Antallet kommunikasjonsansatte ved Washington-ambassaden er doblet, kunne <a aria-label=\"Politiken avsl\u00f8re i november\" class=\"breaking-short hyperion-css-1raymq9\" href=\"https:\/\/politiken.dk\/internationalt\/art10617201\/I-Udenrigsministeriet-sidder-der-hver-nat-en-vagt-og-holder-\u00f8je-med-Trump\" target=\"_blank\" rel=\"noopener nofollow noreferrer\" data-test-tag=\"external-link\">Politiken avsl\u00f8re i november<\/a>. I tillegg er det opprettet en egen vakt i dansk UD som f\u00f8lger med p\u00e5 Donald Trumps utspill igjennom natten, dansk tid. Denne s\u00e5kalte AC-vakten, skal hver dag klokken 07 rapportere om den amerikanske presidentens aktivitet i sosiale medier. <\/p>\n<p>S\u00f8nnen p\u00e5 bes\u00f8k<\/p>\n<p class=\"paywall hyperion-css-1j42uic\">7. januar i \u00e5r, rett f\u00f8r Trump tok fatt p\u00e5 sin andre presidentperiode, ankom s\u00f8nnen Donald Trump jr. Gr\u00f8nland med farens eget fly. S\u00f8nnen sa at han bes\u00f8kte \u00f8ya som turist, og bes\u00f8ket varte i et par timer. <\/p>\n<p class=\"paywall hyperion-css-1j42uic\">Mens s\u00f8nnen var p\u00e5 Gr\u00f8nland, la den p\u00e5troppende presidenten ut en melding p\u00e5 Truth Social om Gr\u00f8nland og s\u00f8nnens bes\u00f8k, der det het at \u00abdette er en avtale som m\u00e5 skje\u00bb, uten \u00e5 fortelle konkret hvilken avtale han henviste til.<\/p>\n<p>Utelukker ikke milit\u00e6roperasjon<\/p>\n<p class=\"paywall hyperion-css-1j42uic\">Trump har nektet \u00e5 utelukke bruk av en milit\u00e6roperasjon for at USA skal f\u00e5 kontroll over \u00f8ya, som i stor grad er selvstyrt, men som h\u00f8rer inn under kongeriket Danmark.<\/p>\n<p class=\"paywall hyperion-css-1j42uic\">\u2013 Gr\u00f8nland er et vidunderlig sted. Vi trenger det for internasjonal sikkerhet. Jeg er sikker p\u00e5 at Danmark vil g\u00e5 med p\u00e5 dette, sa Trump til fremm\u00f8tt presse i Det hvite hus dagen etter innsettelsen.<\/p>\n<p class=\"paywall hyperion-css-1j42uic\">Gr\u00f8nland er verdens st\u00f8rste \u00f8y, med et areal p\u00e5 2.166.086 kvadratkilometer. 80 prosent av \u00f8ya er dekket av innlandsis og breer. <\/p>\n<p>Tidligere riksadvokat<\/p>\n<p class=\"paywall hyperion-css-1j42uic\">Landry er utdannet jurist og har v\u00e6rt riksadvokat for delstaten Louisiana i \u00e5tte \u00e5r fra 2016 til 2024. F\u00f8r dette representerte han delstaten Louisiana i Representantenes hus. Siden 2024 har han v\u00e6rt guvern\u00f8r for delstaten.<\/p>\n<p class=\"paywall hyperion-css-1j42uic\">Han omtales av amerikanske medier som en konservativ republikaner som er popul\u00e6r i den konservative Tea Party-fl\u00f8yen av partiet. <\/p>\n<p class=\"paywall hyperion-css-1j42uic\">Han blant annet er kraftig motstander av abort og har tatt til orde for \u00e5 fjerne LGBT-fag fra Universitetet i Louisiana. Det siste f\u00f8rte til at han fikk \u00e5pen <a aria-label=\"kritikk fra sin homofile bror\" class=\"breaking-short hyperion-css-1raymq9\" href=\"https:\/\/www.theadvocate.com\/gambit\/new_orleans\/news\/the_latest\/rep-jeff-landrys-stand-on-lgbt-issues-criticized-by-his-brother\/article_4dd440fe-1806-5f96-a28d-30083551c23d.html\" target=\"_blank\" rel=\"noopener nofollow noreferrer\" data-test-tag=\"external-link\">kritikk fra sin homofile bror<\/a>. <\/p>\n<p class=\"paywall hyperion-css-1j42uic\">Han har ogs\u00e5 markert seg som en forkjemper for at republikanere og demokrater <a aria-label=\"m\u00e5 samarbeide for \u00e5 bryte opp tek-monopoler\" class=\"breaking-short hyperion-css-1raymq9\" href=\"https:\/\/www.newsweek.com\/both-parties-must-work-together-take-tech-monopolies-opinion-1637595\" target=\"_blank\" rel=\"noopener nofollow noreferrer\" data-test-tag=\"external-link\">m\u00e5 samarbeide for \u00e5 bryte opp tek-monopoler<\/a> som Google, Facebook og Amazon.<\/p>\n<p>Var norsk<\/p>\n<p class=\"paywall hyperion-css-1j42uic\">Gr\u00f8nland har snaut 57.000 innbyggere. 88 prosent av disse er gr\u00f8nlendere, som er av inuittisk herkomst. Resten er hovedsakelig dansker.<\/p>\n<p class=\"paywall hyperion-css-1j42uic\">I middelalderen var Gr\u00f8nland underlagt Norge, som senere ble underlagt Danmark. Da Norge ble skilt fra Danmark i 1814, beholdt danskene Gr\u00f8nland.<\/p>\n<p class=\"paywall hyperion-css-1j42uic\">I 1946 foreslo USA \u00e5 kj\u00f8pe Gr\u00f8nland, men den danske regjeringen avviste forslaget.<\/p>\n","protected":false},"excerpt":{"rendered":"USAs president har utnevnt Louisiana-guvern\u00f8r Jeff Landry til landets spesialutsending til Gr\u00f8nland. Landry varsler at han skal gj\u00f8re&hellip;\n","protected":false},"author":2,"featured_media":119345,"comment_status":"","ping_status":"","sticky":false,"template":"","format":"standard","meta":{"footnotes":""},"categories":[12],"tags":[20,21,24,25,15,22,23,13,30,28,29,14,16,26,27,42,43,44,45],"class_list":{"0":"post-119344","1":"post","2":"type-post","3":"status-publish","4":"format-standard","5":"has-post-thumbnail","7":"category-verden","8":"tag-breaking-news","9":"tag-breakingnews","10":"tag-featured-news","11":"tag-featurednews","12":"tag-headlines","13":"tag-latest-news","14":"tag-latestnews","15":"tag-news","16":"tag-no","17":"tag-norge","18":"tag-norway","19":"tag-nyheter","20":"tag-overskrifter","21":"tag-top-stories","22":"tag-topstories","23":"tag-verden","24":"tag-world","25":"tag-world-news","26":"tag-worldnews"},"share_on_mastodon":{"url":"https:\/\/pubeurope.com\/@no\/115762216921373369","error":""},"_links":{"self":[{"href":"https:\/\/www.europesays.com\/no\/wp-json\/wp\/v2\/posts\/119344","targetHints":{"allow":["GET"]}}],"collection":[{"href":"https:\/\/www.europesays.com\/no\/wp-json\/wp\/v2\/posts"}],"about":[{"href":"https:\/\/www.europesays.com\/no\/wp-json\/wp\/v2\/types\/post"}],"author":[{"embeddable":true,"href":"https:\/\/www.europesays.com\/no\/wp-json\/wp\/v2\/users\/2"}],"replies":[{"embeddable":true,"href":"https:\/\/www.europesays.com\/no\/wp-json\/wp\/v2\/comments?post=119344"}],"version-history":[{"count":0,"href":"https:\/\/www.europesays.com\/no\/wp-json\/wp\/v2\/posts\/119344\/revisions"}],"wp:featuredmedia":[{"embeddable":true,"href":"https:\/\/www.europesays.com\/no\/wp-json\/wp\/v2\/media\/119345"}],"wp:attachment":[{"href":"https:\/\/www.europesays.com\/no\/wp-json\/wp\/v2\/media?parent=119344"}],"wp:term":[{"taxonomy":"category","embeddable":true,"href":"https:\/\/www.europesays.com\/no\/wp-json\/wp\/v2\/categories?post=119344"},{"taxonomy":"post_tag","embeddable":true,"href":"https:\/\/www.europesays.com\/no\/wp-json\/wp\/v2\/tags?post=119344"}],"curies":[{"name":"wp","href":"https:\/\/api.w.org\/{rel}","templated":true}]}}