{"id":119350,"date":"2025-12-22T08:15:11","date_gmt":"2025-12-22T08:15:11","guid":{"rendered":"https:\/\/www.europesays.com\/no\/119350\/"},"modified":"2025-12-22T08:15:11","modified_gmt":"2025-12-22T08:15:11","slug":"ikke-var-beste-dag","status":"publish","type":"post","link":"https:\/\/www.europesays.com\/no\/119350\/","title":{"rendered":"\u2013 Ikke v\u00e5r beste dag"},"content":{"rendered":"\n<p class=\"_lead_o9xde_2 _lead_xtcu6_50 layout-component text-serif-m layout-normal text-serif-l layout-component layout-wide layout-padded _wide_17hqh_1 layout-padded\">Colorado Avalanche viste hvorfor de er sesongens beste lag s\u00e5 langt i NHL med 5-1-seier over Minnesota Wild. Mats Zuccarello fikk omtrent 20 minutter p\u00e5 isen.<\/p>\n<p><img alt=\"Nathan MacKinnon satte inn det femte m\u00e5let til Colorado Avalanche p\u00e5 \u00e5pent m\u00e5l.  Foto: Bailey Hillesheim \/ AP \/ NTB\" class=\"_image_qp4xg_65 layout-component layout-wide\" data-fullscreen- data-track-element-type=\"Article image fullscreen\" data-track-name=\"ImageFullscreen\" fetchpriority=\"high\" decoding=\"sync\" loading=\"eager\" height=\"3943\" itemprop=\"image\"  src=\"https:\/\/www.europesays.com\/no\/wp-content\/uploads\/2025\/12\/30dfe5ad-5ff4-4b9c-a08a-1b3608af4e91\"  style=\"object-position:0% 0%\" width=\"5912\"\/>Nathan MacKinnon satte inn det femte m\u00e5let til Colorado Avalanche p\u00e5 \u00e5pent m\u00e5l.  Foto: Bailey Hillesheim \/ AP \/ NTB<\/p>\n<ul aria-hidden=\"true\" class=\"_images_ntbth_112\">\n<li><a class=\"_link_ntbth_117\" href=\"https:\/\/www.vg.no\/forfatter\/ntb\" style=\"z-index:1\" title=\"NTB\" rel=\"nofollow noopener\" target=\"_blank\"><img alt=\"Bilde av NTB\" class=\"_image_ntbth_93\" fetchpriority=\"low\" loading=\"lazy\" decoding=\"async\" itemprop=\"image\"  src=\"https:\/\/www.europesays.com\/no\/wp-content\/uploads\/2025\/12\/1766391311_389_c33980b0-5d07-4027-84a1-813f90a7c8d6\"  width=\"480\"\/><\/a><\/li>\n<\/ul>\n<p> Oppdatert mandag 22. desember kl. 07:28     <\/p>\n<p class=\"_paragraph_o9xde_4 _paragraph_xtcu6_10 layout-component text-serif-m layout-normal text-serif-m layout-padded\">Nordmannen havnet ikke i m\u00e5lprotokollen i kampen, som ble spilt p\u00e5 Wilds hjemmeis s\u00f8ndag kveld.<\/p>\n<p class=\"_paragraph_o9xde_4 _paragraph_xtcu6_10 layout-component text-serif-m layout-normal text-serif-m layout-padded\"> \u2013 Vi viste dem litt for mye respekt, synes jeg, sa <a href=\"https:\/\/www.nhl.com\/news\/colorado-avalanche-minnesota-wild-game-recap-december-21-2025\" class=\"_link_o9xde_39\" rel=\"nofollow noopener\" target=\"_blank\">Zuccarello<\/a>.<\/p>\n<p class=\"_paragraph_o9xde_4 _paragraph_xtcu6_10 layout-component text-serif-m layout-normal text-serif-m layout-padded\">\u2013 Vi hadde ikke v\u00e5r beste dag, og da vinner man ikke slike kamper, la han til.<\/p>\n<p><img decoding=\"async\" alt=\"Bilde av Mats Zuccarello\" class=\"_image_ygndg_42\" height=\"27\" itemprop=\"image\" loading=\"lazy\"  src=\"https:\/\/www.europesays.com\/no\/wp-content\/uploads\/2025\/12\/aacf5ca1-6621-422d-ab36-b144b9b08726\"  width=\"40\"\/><strong class=\"_name_ygndg_51 title-serif-xs\">Mats Zuccarello<\/strong><\/p>\n<p class=\"_paragraph_o9xde_4 _paragraph_xtcu6_10 layout-component text-serif-m layout-normal text-serif-m layout-padded\">Nathan MacKinnon scoret to av gjestenes m\u00e5l, mens Martin Necas, Cale Makar og Brock Nelson sto for ett hver. Ryan Hartman scoret hjemmelagets ene m\u00e5l.<\/p>\n<p class=\"_paragraph_o9xde_4 _paragraph_xtcu6_10 layout-component text-serif-m layout-normal text-serif-m layout-padded\">Colorado Avalanche leder Central-divisjonen og har tatt flere poeng enn noen av de andre lagene, uansett avdeling. <\/p>\n<p class=\"_paragraph_o9xde_4 _paragraph_xtcu6_10 layout-component text-serif-m layout-normal text-serif-m layout-padded\"><a href=\"https:\/\/www.vg.no\/tag\/minnesota-wild?utm_source=vg-article&amp;utm_medium=auto-tagger&amp;utm_campaign=Okpo9V\" class=\"_link_o9xde_39\" rel=\"nofollow noopener\" target=\"_blank\">Minnesota Wild<\/a> er nummer tre i divisjonen, og laget har ogs\u00e5 den tredje h\u00f8yeste poengsummen s\u00e5 langt av alle lagene. Laget hadde vunnet syv kamper p\u00e5 rad f\u00f8r s\u00f8ndagens tap.<\/p>\n<p class=\"_paragraph_o9xde_4 _paragraph_xtcu6_10 layout-component text-serif-m layout-normal text-serif-m layout-padded\">Zuccarello kom tilbake fra skade til Wilds forrige kamp. Det var hans andre skadeavbrekk denne sesongen, og nordmannen har v\u00e6rt p\u00e5 isen i 16 kamper.<\/p>\n","protected":false},"excerpt":{"rendered":"Colorado Avalanche viste hvorfor de er sesongens beste lag s\u00e5 langt i NHL med 5-1-seier over Minnesota Wild.&hellip;\n","protected":false},"author":2,"featured_media":119351,"comment_status":"","ping_status":"","sticky":false,"template":"","format":"standard","meta":{"footnotes":""},"categories":[59],"tags":[14275,690,688,689,30,28,29,83,82],"class_list":{"0":"post-119350","1":"post","2":"type-post","3":"status-publish","4":"format-standard","5":"has-post-thumbnail","7":"category-sport","8":"tag-colorado-avalanche","9":"tag-mats-zuccarello","10":"tag-minnesota-wild","11":"tag-nhl","12":"tag-no","13":"tag-norge","14":"tag-norway","15":"tag-sport","16":"tag-sports"},"share_on_mastodon":{"url":"https:\/\/pubeurope.com\/@no\/115762228473628825","error":""},"_links":{"self":[{"href":"https:\/\/www.europesays.com\/no\/wp-json\/wp\/v2\/posts\/119350","targetHints":{"allow":["GET"]}}],"collection":[{"href":"https:\/\/www.europesays.com\/no\/wp-json\/wp\/v2\/posts"}],"about":[{"href":"https:\/\/www.europesays.com\/no\/wp-json\/wp\/v2\/types\/post"}],"author":[{"embeddable":true,"href":"https:\/\/www.europesays.com\/no\/wp-json\/wp\/v2\/users\/2"}],"replies":[{"embeddable":true,"href":"https:\/\/www.europesays.com\/no\/wp-json\/wp\/v2\/comments?post=119350"}],"version-history":[{"count":0,"href":"https:\/\/www.europesays.com\/no\/wp-json\/wp\/v2\/posts\/119350\/revisions"}],"wp:featuredmedia":[{"embeddable":true,"href":"https:\/\/www.europesays.com\/no\/wp-json\/wp\/v2\/media\/119351"}],"wp:attachment":[{"href":"https:\/\/www.europesays.com\/no\/wp-json\/wp\/v2\/media?parent=119350"}],"wp:term":[{"taxonomy":"category","embeddable":true,"href":"https:\/\/www.europesays.com\/no\/wp-json\/wp\/v2\/categories?post=119350"},{"taxonomy":"post_tag","embeddable":true,"href":"https:\/\/www.europesays.com\/no\/wp-json\/wp\/v2\/tags?post=119350"}],"curies":[{"name":"wp","href":"https:\/\/api.w.org\/{rel}","templated":true}]}}