{"id":119364,"date":"2025-12-22T08:34:42","date_gmt":"2025-12-22T08:34:42","guid":{"rendered":"https:\/\/www.europesays.com\/no\/119364\/"},"modified":"2025-12-22T08:34:42","modified_gmt":"2025-12-22T08:34:42","slug":"kronprinsfamilien-deler-sot-julehilsen-til-folket","status":"publish","type":"post","link":"https:\/\/www.europesays.com\/no\/119364\/","title":{"rendered":"Kronprinsfamilien deler s\u00f8t julehilsen til folket"},"content":{"rendered":"<p class=\"kicker \" style=\"\">Kronprinsfamilien overrasker<\/p>\n<p>  Kronprinsfamilien deler en hyggelig julehilsen til folket siste s\u00f8ndag i advent.\u00a0<\/p>\n<p>\n    JULESTEMNING: Kronprinsfamilien tok med folket inn p\u00e5 Skaugum for \u00e5 f\u00e5 et glimt av at de pyntet juletreet. Foto: Skjermbilde: @detnorskekongehus \/ Instagram\n  <\/p>\n<p> Hvert \u00e5r deler den norske kongefamilien nye bilder i forkant av julefeiringen, og l\u00f8rdag <a href=\"https:\/\/www.seher.no\/kjendis\/innrommet-at-ingen-liker-den\/83999125\" rel=\"nofollow noopener\" target=\"_blank\">fikk man endelig se \u00e5rets offisielle bilder<\/a> som i tradisjonen tro viste familien i den r\u00f8de salongen p\u00e5 Slottet.<\/p>\n<p class=\"italic m-italic\" data-lab-italic=\"italic\">Se alle bildene her:<\/p>\n<p>    <a itemprop=\"url\" href=\"https:\/\/www.seher.no\/kjendis\/innrommet-at-ingen-liker-den\/83999125\" rel=\"nofollow noopener\" target=\"_blank\"><\/p>\n<p>        <img loading=\"lazy\" decoding=\"async\" src=\"https:\/\/www.europesays.com\/no\/wp-content\/uploads\/2025\/12\/84013353.webp\" width=\"147\" height=\"98\" title=\"- Innr\u00f8mmet at ingen liker den\" alt=\"\" class=\"lazyload\" style=\"--aspect-ratio-image: 1.50; \"\/><\/p>\n<p>        &#8211; Innr\u00f8mmet at ingen liker den<\/p>\n<p>    <\/a><\/p>\n<p>Samme dag ble det kjent hvordan de kongelige skal feire julen i \u00e5r.\u00a0<\/p>\n<p>&#8211; Kongeparet skal feire jul p\u00e5 Kongsseteren. Kronprinsfamilien tilbringer julen p\u00e5 kronprinsparets hytte i Uvdal. 1. juledag deltar kongeparet p\u00e5 h\u00f8ytidsgudstjeneste i Holmenkollen kapell, opplyste Slottet til NTB.<\/p>\n<p>        <img loading=\"lazy\" decoding=\"async\" src=\"https:\/\/www.europesays.com\/no\/wp-content\/uploads\/2025\/12\/84016890.webp\" width=\"686\" height=\"981\" title=\"JULEN ER HER: Kongefamilien er sv\u00e6rt glad i julen. Her smiler prinsesse Ingrid Alexandra og kong Harald til kamera u nder den offisielle julefotograferingen i 2025. Foto: Lise \u00c5serud \/ NTB\" alt=\"\" class=\"\" style=\"--aspect-ratio-image: 0.70; \"\/><\/p>\n<p>\n        JULEN ER HER: Kongefamilien er sv\u00e6rt glad i julen. Her smiler prinsesse Ingrid Alexandra og kong Harald til kamera u nder den offisielle julefotograferingen i 2025. Foto: Lise \u00c5serud \/ NTB\n    <\/p>\n<p>Klar oppfordring\t<\/p>\n<p>De svenske kongelige har ogs\u00e5 delt en julehilsen med folket, og f\u00f8lgerne deres har f\u00e5tt se flere private jule\u00f8yeblikk i form av mindre videosnutter delt i sosiale medier.\u00a0\u00a0<\/p>\n<p>Det samme har danskene, som blant annet delte en video der de pyntet juletreet og pepperkaker.\u00a0<\/p>\n<p>        ANDRE PLANER: I \u00e5r blir julefeiringen annerledes for den danske kongefamilien. Reporter: Caroline Vagle. Video: Kine Falch \/ Instagram\/@detdanskekongehus<\/p>\n<p>Tidligere denne uken kom derfor Se og H\u00f8rs kongehusekspert, Caroline Vagle, med <a href=\"https:\/\/www.seher.no\/video\/ikke-sa-vanskelig\/wDMCa4e4\" rel=\"nofollow noopener\" target=\"_blank\">en oppfordring til kongefamilien her hjemme i Norge:<\/a><\/p>\n<p class=\"font-weight-bold m-font-weight-bold\" data-lab-font_weight=\"font-weight-bold\">&#8211; Gj\u00f8r det samme! De legger ut mye uten at kongefamilien er involvert. Kan vi ikke f\u00e5 se mer av prins Sverre Magnus og prinsesse Ingrid Alexandra?<\/p>\n<p>        TIPS: Kongehusekspert Caroline Vagle oppfordrer den norske kongefamilien \u00e5 la seg inspirere av naboene. Reporter: Caroline Vagle. Video: Instagram\/@prinseparet \/ Kine Falch.<\/p>\n<p>&#8211; Selv om det er blitt store, s\u00e5 hadde det v\u00e6rt hyggelig \u00e5 se at de baker pepperkakehus, slik som de gjorde da de var sm\u00e5, la hun til.\u00a0<\/p>\n<p>        <img loading=\"lazy\" decoding=\"async\" src=\"https:\/\/www.europesays.com\/no\/wp-content\/uploads\/2025\/12\/84016859.webp\" width=\"667\" height=\"901\" title=\"2015: Ogs\u00e5 Skaugum m\u00e5 pyntes til jul. Her er lille prinsesse Ingrid Alexandra og prins Sverre Magnus i 2015, hvor de pyntet juletreet med pepperkakehjerter. Foto: Lise \u00c5serud \/ NTB\" alt=\"\" class=\"\" style=\"--aspect-ratio-image: 0.74; \"\/><\/p>\n<p>\n        2015: Ogs\u00e5 Skaugum m\u00e5 pyntes til jul. Her er lille prinsesse Ingrid Alexandra og prins Sverre Magnus i 2015, hvor de pyntet juletreet med pepperkakehjerter. Foto: Lise \u00c5serud \/ NTB\n    <\/p>\n<p>        <img loading=\"lazy\" decoding=\"async\" src=\"https:\/\/www.europesays.com\/no\/wp-content\/uploads\/2025\/12\/84016899.webp\" width=\"686\" height=\"405\" title=\"PEPPERKAKEBAKING: I 2007 var kronprinsfamilien og kongeparet p\u00e5 Kongsseteren og bakte pepperkaker. Foto: Lise \u00c5serud \/ NTB\" alt=\"\" class=\"\" style=\"--aspect-ratio-image: 1.69; \"\/><\/p>\n<p>\n        PEPPERKAKEBAKING: I 2007 var kronprinsfamilien og kongeparet p\u00e5 Kongsseteren og bakte pepperkaker. Foto: Lise \u00c5serud \/ NTB\n    <\/p>\n<p>&#8211; Akkurat det jeg \u00f8nsket meg til jul\u00a0\t<\/p>\n<p>I en ny video, delt p\u00e5 det norske kongehusets offisielle Instagram, kan det se ut til at kongehusekspertens b\u00f8nner har blitt h\u00f8rt.\u00a0<\/p>\n<p class=\"font-weight-bold m-font-weight-bold\" data-lab-font_weight=\"font-weight-bold\">Her har nemlig kronprinsfamiliens tobente og firbente medlemmer samlet seg for \u00e5 pynte juletreet hjemme i stuen p\u00e5 Skaugum.\u00a0<\/p>\n<p>&#8211;\u00a0\u00a0Se der ja, jeg fikk jo akkurat det jeg \u00f8nsket meg til jul! Veldig koselig \u00e5 f\u00e5 et glimt av familien i mer private omgivelser hjemme p\u00e5 Skaugum, sier Se og H\u00f8rs kongehusekspert Caroline Vagle om julevideoen, og legger til:\u00a0<\/p>\n<p>&#8211; Sjarmerende og innbydende. Og den slags blir folk veldig glad av, s\u00e5 dette gj\u00f8r kongehuset lurt i \u00e5 dele! <\/p>\n<p>Det er tydelig at den rojale fansen ogs\u00e5 setter pris p\u00e5 julehilsenen fra kronprinsfamilien. I kommentarfeltet flommer det over av hyggelige ord.\u00a0<\/p>\n<p>\u00abGod jul, og tusen takk for at dere st\u00e5r p\u00e5 for Norge\u00bb, skriver en.\u00a0<\/p>\n<p>    <a itemprop=\"url\" href=\"https:\/\/www.seher.no\/kongelig\/i-bestemors-fotspor\/83992500\" rel=\"nofollow noopener\" target=\"_blank\"><\/p>\n<p>        <img loading=\"lazy\" decoding=\"async\" src=\"https:\/\/www.europesays.com\/no\/wp-content\/uploads\/2025\/12\/84001767.webp\" width=\"147\" height=\"98\" title=\"I bestemors fotspor\" alt=\"\" class=\"lazyload\" style=\"--aspect-ratio-image: 1.50; \"\/><\/p>\n<p>        I bestemors fotspor<\/p>\n<p>    <\/a><\/p>\n<p class=\"font-weight-bold m-font-weight-bold\" data-lab-font_weight=\"font-weight-bold\">\u00abFlott, herlig, inkluderende og folkelig kongefamilie. God jul og riktig godt nytt \u00e5r\u00bb, skriver en annen, mens en tredje f\u00f8lger opp:<\/p>\n<p>\u00abS\u00e5 koselig \u00e5 f\u00e5 v\u00e6re med p\u00e5 litt juleglede hos dere. Kj\u00e6re kongen v\u00e5r, dronningen, kronprinsen, kronprinsessen, prinsessen og prinsen v\u00e5r &#8211; tusen takk for den gode og flotte jobben dere gj\u00f8r for landet v\u00e5rt. Er s\u00e5 stolt av at dere er kongefamilien v\u00e5r. Heier p\u00e5 dere og \u00f8nsker fortsatt konged\u00f8mme for landet v\u00e5rt\u00bb.\u00a0<\/p>\n<p>        OVERRASKET: Da kongefamilien inviterte til biskopmiddag p\u00e5 Slottet, var det \u00e9n detalj som skilte seg ut. Reporter: Caroline Vagle. Video: Kine Falch<\/p>\n<p>Krevende periode\u00a0\t<\/p>\n<p>Den norske familien g\u00e5r trolig en litt tyngre jul i m\u00f8te etter at det 19. desember ble kjent at kronprinsesse Mette-Marit n\u00e5 forberedes for en lungetransplantasjon.<\/p>\n<p>De yngste medlemmene i familien har ogs\u00e5 tatt noen store steg inn i voksenlivet det siste \u00e5ret.\u00a0<\/p>\n<p>        <img loading=\"lazy\" decoding=\"async\" src=\"https:\/\/www.europesays.com\/no\/wp-content\/uploads\/2025\/12\/84016893.webp\" width=\"667\" height=\"494\" title=\"TUNG BESKJED: Fredag ble det kjent at Mette-Marits lungefibrose har blitt dramatisk forverret i l\u00f8pet av h\u00f8sten. Situasjonen er s\u00e5 alvorlig at legene har begynt \u00e5 forberede henne p\u00e5 lungetransplantasjon, syv \u00e5r etter at sykdommen ble oppdaget. Foto: Lise \u00c5serud \/ NTB\" alt=\"\" class=\"\" style=\"--aspect-ratio-image: 1.35; \"\/><\/p>\n<p>\n        TUNG BESKJED: Fredag ble det kjent at Mette-Marits lungefibrose har blitt dramatisk forverret i l\u00f8pet av h\u00f8sten. Situasjonen er s\u00e5 alvorlig at legene har begynt \u00e5 forberede henne p\u00e5 lungetransplantasjon, syv \u00e5r etter at sykdommen ble oppdaget. Foto: Lise \u00c5serud \/ NTB\n    <\/p>\n<p>Prinsesse Ingrid Alexandra er hjemme fra studieoppholdet i Australia, som hun p\u00e5begynte denne sommeren, og prins Sverre Magnus flyttet hjem fra Italia for litt siden.\u00a0<\/p>\n<p>    <a itemprop=\"url\" href=\"https:\/\/www.seher.no\/kongelig\/en-utfordrende-balansegang\/83989699\" rel=\"nofollow noopener\" target=\"_blank\"><\/p>\n<p>        <img loading=\"lazy\" decoding=\"async\" src=\"https:\/\/www.europesays.com\/no\/wp-content\/uploads\/2025\/12\/1766392482_46_83990727.webp\" width=\"980\" height=\"441\" title=\"- En utfordrende balansegang\" alt=\"\" class=\"lazyload\" style=\"--aspect-ratio-image: 2.22; \"\/><\/p>\n<p>        &#8211; En utfordrende balansegang<\/p>\n<p>    <\/a><\/p>\n<p class=\"font-weight-bold m-font-weight-bold\" data-lab-font_weight=\"font-weight-bold\">&#8211; Det m\u00e5 v\u00e6re veldig godt for gjengen p\u00e5 Skaugum \u00e5 v\u00e6re i samlet flokk igjen. De to yngste har jo bodd utenlands de siste m\u00e5nedene, og det i en spesielt krevende periode for familien, sier Se og H\u00f8rs kongehusekspert.<\/p>\n<p>&#8211; De st\u00e5r i s\u00e5 mye vondt for tiden at jeg tror det m\u00e5 v\u00e6re ekstra krevende \u00e5 v\u00e6re s\u00e5 langt fra hverandre. Men n\u00e5 er de alts\u00e5 endelig sammen, og det er nok trygt og godt for de alle. M\u00e5tte de f\u00e5 en fin og fredelig jul!\u00a0<\/p>\n","protected":false},"excerpt":{"rendered":"Kronprinsfamilien overrasker Kronprinsfamilien deler en hyggelig julehilsen til folket siste s\u00f8ndag i advent.\u00a0 JULESTEMNING: Kronprinsfamilien tok med folket&hellip;\n","protected":false},"author":2,"featured_media":119365,"comment_status":"","ping_status":"","sticky":false,"template":"","format":"standard","meta":{"footnotes":""},"categories":[10],"tags":[20,21,3990,24,25,15,2543,76,1764,2293,22,23,13,30,28,29,14,16,291,26,27],"class_list":{"0":"post-119364","1":"post","2":"type-post","3":"status-publish","4":"format-standard","5":"has-post-thumbnail","7":"category-norge","8":"tag-breaking-news","9":"tag-breakingnews","10":"tag-det-norske-kongehuset","11":"tag-featured-news","12":"tag-featurednews","13":"tag-headlines","14":"tag-kjendisdesken","15":"tag-kongelig","16":"tag-kronprins-haakon","17":"tag-kronprinsesse-mette-marit","18":"tag-latest-news","19":"tag-latestnews","20":"tag-news","21":"tag-no","22":"tag-norge","23":"tag-norway","24":"tag-nyheter","25":"tag-overskrifter","26":"tag-prinsesse-ingrid-alexandra","27":"tag-top-stories","28":"tag-topstories"},"share_on_mastodon":{"url":"https:\/\/pubeurope.com\/@no\/115762303485664970","error":""},"_links":{"self":[{"href":"https:\/\/www.europesays.com\/no\/wp-json\/wp\/v2\/posts\/119364","targetHints":{"allow":["GET"]}}],"collection":[{"href":"https:\/\/www.europesays.com\/no\/wp-json\/wp\/v2\/posts"}],"about":[{"href":"https:\/\/www.europesays.com\/no\/wp-json\/wp\/v2\/types\/post"}],"author":[{"embeddable":true,"href":"https:\/\/www.europesays.com\/no\/wp-json\/wp\/v2\/users\/2"}],"replies":[{"embeddable":true,"href":"https:\/\/www.europesays.com\/no\/wp-json\/wp\/v2\/comments?post=119364"}],"version-history":[{"count":0,"href":"https:\/\/www.europesays.com\/no\/wp-json\/wp\/v2\/posts\/119364\/revisions"}],"wp:featuredmedia":[{"embeddable":true,"href":"https:\/\/www.europesays.com\/no\/wp-json\/wp\/v2\/media\/119365"}],"wp:attachment":[{"href":"https:\/\/www.europesays.com\/no\/wp-json\/wp\/v2\/media?parent=119364"}],"wp:term":[{"taxonomy":"category","embeddable":true,"href":"https:\/\/www.europesays.com\/no\/wp-json\/wp\/v2\/categories?post=119364"},{"taxonomy":"post_tag","embeddable":true,"href":"https:\/\/www.europesays.com\/no\/wp-json\/wp\/v2\/tags?post=119364"}],"curies":[{"name":"wp","href":"https:\/\/api.w.org\/{rel}","templated":true}]}}