{"id":119370,"date":"2025-12-22T08:53:09","date_gmt":"2025-12-22T08:53:09","guid":{"rendered":"https:\/\/www.europesays.com\/no\/119370\/"},"modified":"2025-12-22T08:53:09","modified_gmt":"2025-12-22T08:53:09","slug":"fremdrift-i-samtalene-mellom-roma-og-united","status":"publish","type":"post","link":"https:\/\/www.europesays.com\/no\/119370\/","title":{"rendered":"Fremdrift i samtalene mellom Roma og United"},"content":{"rendered":"<p>        Ash Donelon\n    <\/p>\n<p class=\"kicker font-weight-bold m-font-weight-bold tertiary color_mobile_tertiary\" style=\"\">FABRIZIO ROMANO:<\/p>\n<p class=\"font-weight-bold m-font-weight-bold\" data-lab-font_weight=\"font-weight-bold\">I flere m\u00e5neder har det v\u00e6rt rykter og rapporter om Romas jakt p\u00e5 Joshua Zirkzee. N\u00e5 har det v\u00e6rt fremdrift i samtalene mellom den italienske hovedstadsklubben og United-spissen.<\/p>\n<p class=\"font-weight-bold m-font-weight-bold\" data-lab-font_weight=\"font-weight-bold\">Det melder overgangsjournalisten Fabrizio Romano i en <a href=\"https:\/\/www.youtube.com\/watch?v=sjrmp_aMkqQ\" target=\"_blank\" rel=\"nofollow noopener\">YouTube-video<\/a>\u00a0publisert sent s\u00f8ndag kveld.<\/p>\n<p>Zirkzee har slitt med \u00e5 komme ordentlig i gang siden overgangen fra Bologna til United i fjor og denne sesongen har han bare startet tre kamper.\u00a0<\/p>\n<p>Nederlenderen st\u00e5r med \u00e5tte scoringer og tre assists p\u00e5 60 United-kamper og har, til tross for bedre perioder her og der, ikke klart \u00e5 gjenskape formen han hadde i Bologna.\u00a0<\/p>\n<p>Der noterte han seg for 14 scoringer og ni m\u00e5lgivende p\u00e5 58 kamper.\u00a0<\/p>\n<p>                <img decoding=\"async\" src=\"https:\/\/www.europesays.com\/no\/wp-content\/uploads\/2025\/12\/1410323.webp\" width=\"480\" height=\"274\" title=\"S\u00f8ndag ble det et nytt innhopp for Joshua Zirkzee. Han fikk 17 minutter mot Villa. Mot Wolves fikk han seks minutter og mot Bournemouth enda mindre enn det.\" alt=\"\" loading=\"lazy\" style=\"\"\/><\/p>\n<p>\n            S\u00f8ndag ble det et nytt innhopp for Joshua Zirkzee. Han fikk 17 minutter mot Villa. Mot Wolves fikk han seks minutter og mot Bournemouth enda mindre enn det.<br \/>\n            Ash Donelon\n        <\/p>\n<p>De siste m\u00e5nedene har Roma jobbet aktivt med \u00e5 hente Zirkzee tilbake til det st\u00f8velformede landet og de siste dagene har det v\u00e6rt fremgang i samtalene mellom Giallorossi og Zirkzees representanter, forteller Romano.<\/p>\n<p class=\"font-weight-bold m-font-weight-bold\" data-lab-font_weight=\"font-weight-bold\">Journalisten forteller at Roma lokker med en sentral rolle i Gian Piero Gasperinis prosjekt, regelmessig spilletid, spill i Europa og muligheten til \u00e5 bli en folkehelt i Roma.\u00a0<\/p>\n<p class=\"font-weight-bold m-font-weight-bold\" data-lab-font_weight=\"font-weight-bold\">Tidligere i h\u00f8st har det v\u00e6rt ulike rapporter om hva Zirkzee \u00f8nsker, men if\u00f8lge Romano er han \u00e5pen for \u00e5 dra til Roma.\u00a0<\/p>\n<p class=\"font-weight-bold m-font-weight-bold\" data-lab-font_weight=\"font-weight-bold\">Den italienske hovedstadsklubben \u00f8nsker \u00e5 hente ham p\u00e5 en l\u00e5n ut sesongen med en kj\u00f8psopsjon som blir obligatorisk dersom visse kriterier oppfylles.\u00a0<\/p>\n<p>N\u00e5 ser det alts\u00e5 ut til \u00e5 v\u00e6re opp til United.<\/p>\n<p>Romano understreker at de r\u00f8de djevlene ikke har gitt noe gr\u00f8nt lys til en overgang og at United i utgangspunktet ikke \u00f8nsker \u00e5 slippe Zirkzee i januar ettersom man allerede er ganske tynt besatt p\u00e5 topp.\u00a0<\/p>\n<p>Benjamin Sesko er, utenom Zirkzee, troppens eneste rene spiss, og frav\u00e6ret av Afrikamesterskap-trioen og skader p\u00e5 spillere som Bruno Fernandes og Kobbie Mainoo hjelper ikke p\u00e5 situasjonen.\u00a0<\/p>\n<p class=\"font-weight-bold m-font-weight-bold\" data-lab-font_weight=\"font-weight-bold\">Samtalene og forhandlingene kommer trolig til \u00e5 fortsette og United har ikke utelukket \u00e5 forsterke troppen i januar, noe som ogs\u00e5 kan \u00e5pne d\u00f8rene for at Zirkzee Old Trafford-opphold ikke varer mer enn halvannet \u00e5r.\u00a0<\/p>\n<p>        <a itemprop=\"url\" class=\"\" href=\"https:\/\/www.united.no\/nyheter\/mainoo-apen-for-permanent-overgang-forholdet-til-amorim-pa-bristepunktet\/1409774\" data-k5a-url=\"https:\/\/www.united.no\/a\/1409774\" rel=\"nofollow noopener\" target=\"_blank\"><\/p>\n<p>\nUNITED-JOURNALIST:\n<\/p>\n<p>            &#8211; Mainoo \u00e5pen for permanent overgang: Forholdet til Amorim p\u00e5 bristepunktet<\/p>\n<p>        <\/a><\/p>\n","protected":false},"excerpt":{"rendered":"Ash Donelon FABRIZIO ROMANO: I flere m\u00e5neder har det v\u00e6rt rykter og rapporter om Romas jakt p\u00e5 Joshua&hellip;\n","protected":false},"author":2,"featured_media":119371,"comment_status":"","ping_status":"","sticky":false,"template":"","format":"standard","meta":{"footnotes":""},"categories":[59],"tags":[30,28,29,83,82],"class_list":{"0":"post-119370","1":"post","2":"type-post","3":"status-publish","4":"format-standard","5":"has-post-thumbnail","7":"category-sport","8":"tag-no","9":"tag-norge","10":"tag-norway","11":"tag-sport","12":"tag-sports"},"share_on_mastodon":{"url":"https:\/\/pubeurope.com\/@no\/115762377806257383","error":""},"_links":{"self":[{"href":"https:\/\/www.europesays.com\/no\/wp-json\/wp\/v2\/posts\/119370","targetHints":{"allow":["GET"]}}],"collection":[{"href":"https:\/\/www.europesays.com\/no\/wp-json\/wp\/v2\/posts"}],"about":[{"href":"https:\/\/www.europesays.com\/no\/wp-json\/wp\/v2\/types\/post"}],"author":[{"embeddable":true,"href":"https:\/\/www.europesays.com\/no\/wp-json\/wp\/v2\/users\/2"}],"replies":[{"embeddable":true,"href":"https:\/\/www.europesays.com\/no\/wp-json\/wp\/v2\/comments?post=119370"}],"version-history":[{"count":0,"href":"https:\/\/www.europesays.com\/no\/wp-json\/wp\/v2\/posts\/119370\/revisions"}],"wp:featuredmedia":[{"embeddable":true,"href":"https:\/\/www.europesays.com\/no\/wp-json\/wp\/v2\/media\/119371"}],"wp:attachment":[{"href":"https:\/\/www.europesays.com\/no\/wp-json\/wp\/v2\/media?parent=119370"}],"wp:term":[{"taxonomy":"category","embeddable":true,"href":"https:\/\/www.europesays.com\/no\/wp-json\/wp\/v2\/categories?post=119370"},{"taxonomy":"post_tag","embeddable":true,"href":"https:\/\/www.europesays.com\/no\/wp-json\/wp\/v2\/tags?post=119370"}],"curies":[{"name":"wp","href":"https:\/\/api.w.org\/{rel}","templated":true}]}}