{"id":119380,"date":"2025-12-22T09:09:12","date_gmt":"2025-12-22T09:09:12","guid":{"rendered":"https:\/\/www.europesays.com\/no\/119380\/"},"modified":"2025-12-22T09:09:12","modified_gmt":"2025-12-22T09:09:12","slug":"longyearbyen-pa-varme-toppen","status":"publish","type":"post","link":"https:\/\/www.europesays.com\/no\/119380\/","title":{"rendered":"Longyearbyen p\u00e5 varme-toppen"},"content":{"rendered":"\n<p class=\"_lead_o9xde_2 _lead_xtcu6_50 layout-component text-serif-m layout-normal text-serif-l layout-component layout-wide layout-padded _wide_17hqh_1 layout-padded\">Mandag morgen er det varmere p\u00e5 Svalbard enn i Sevilla.<\/p>\n<p><img alt=\"Mandag morgen er Svalbard p\u00e5 varmetoppen i Norge. Dette bildet er fra vinteren 2022.  Foto: Ole Berg-Rusten \/ NTB\" class=\"_image_qp4xg_65 layout-component layout-wide\" data-fullscreen- data-track-element-type=\"Article image fullscreen\" data-track-name=\"ImageFullscreen\" fetchpriority=\"high\" decoding=\"sync\" loading=\"eager\" height=\"4540\" itemprop=\"image\"  src=\"https:\/\/www.europesays.com\/no\/wp-content\/uploads\/2025\/12\/b33fc84d-c1ef-499c-8846-71635df80b8a\"  style=\"object-position:0% 0%\" width=\"7227\"\/>Mandag morgen er Svalbard p\u00e5 varmetoppen i Norge. Dette bildet er fra vinteren 2022.  Foto: Ole Berg-Rusten \/ NTB<\/p>\n<ul aria-hidden=\"true\" class=\"_images_ntbth_112\">\n<li><a class=\"_link_ntbth_117\" href=\"https:\/\/www.vg.no\/forfatter\/bendik-hansen\" style=\"z-index:1\" title=\"Bendik Hansen\" rel=\"nofollow noopener\" target=\"_blank\"><img alt=\"Bilde av Bendik Hansen\" class=\"_image_ntbth_93\" fetchpriority=\"low\" loading=\"lazy\" decoding=\"async\" itemprop=\"image\"  src=\"https:\/\/www.europesays.com\/no\/wp-content\/uploads\/2025\/12\/1766394550_25_236bc5a3-2236-4046-b957-81f29d024aa6\"  width=\"480\"\/><\/a><\/li>\n<\/ul>\n<p> Oppdatert mandag 22. desember kl. 09:46     <\/p>\n<p class=\"_paragraph_o9xde_4 _paragraph_xtcu6_10 layout-component text-serif-m layout-normal text-serif-m layout-padded\">\u00abLongyearbyen er blant de varmeste stedene i Norge.\u00bb<\/p>\n<p class=\"_paragraph_o9xde_4 _paragraph_xtcu6_10 layout-component text-serif-m layout-normal text-serif-m layout-padded\">Det skriver meteorologene p\u00e5 <a href=\"https:\/\/www.yr.no\/nb\/meteorologene\/94444d61-19b1-4339-9809-ddc54dc6b224\" class=\"_link_o9xde_39\" rel=\"nofollow noopener\" target=\"_blank\">Yr.no<\/a>, mandag morgen. <\/p>\n<p class=\"_paragraph_o9xde_4 _paragraph_xtcu6_10 layout-component text-serif-m layout-normal text-serif-m layout-padded\"><strong class=\"_strong_o9xde_25\">\u00abJa, du leste riktig. N\u00e5 p\u00e5 morgenkvisten ble det m\u00e5lt +4 grader, som er blant de h\u00f8yeste temperaturene n\u00e5\u00bb, opplyser meteorologene.<\/strong><\/p>\n<p class=\"_paragraph_o9xde_4 _paragraph_xtcu6_10 layout-component text-serif-m layout-normal text-serif-m layout-padded\">Det er varmere enn b\u00e5de Ankara i Tyrkia (+1) og Sevilla i Spania (+3).<\/p>\n<p class=\"_paragraph_o9xde_4 _paragraph_xtcu6_10 layout-component text-serif-m layout-normal text-serif-m layout-padded\">\u2013 Det er et skikkelig blaff med varmluft over Svalbard, sier vakthavende meteorolog, Magnus Ovhed, til VG. <\/p>\n<p class=\"_paragraph_o9xde_4 _paragraph_xtcu6_10 layout-component text-serif-m layout-normal text-serif-m layout-padded\">Han sier at det ligger et lavtrykk over S\u00f8r-Norge og at dette hjelper med \u00e5 skyve mild luft \u00abveldig langt nord\u00bb. <\/p>\n<p class=\"_paragraph_o9xde_4 _paragraph_xtcu6_10 layout-component text-serif-m layout-normal text-serif-m layout-padded\">\u2013 Det skjer av og til, og s\u00e6rlig de siste ti \u00e5rene. P\u00e5 90-tallet var det oftest rimelig kaldt, men n\u00e5 skjer det titt og ofte at det blir mildt i en periode. Svalbard er det stedet man har merket st\u00f8rste temperaturendringer de siste 20\u201330 \u00e5rene, sier han. <\/p>\n<p class=\"_paragraph_o9xde_4 _paragraph_xtcu6_10 layout-component text-serif-m layout-normal text-serif-m layout-padded\">Meteorologen sier at det snart kommer til \u00e5 bli kaldere, f\u00f8r v\u00e6ret vil svinge litt fram og tilbake i julehelgen. <\/p>\n<p class=\"_paragraph_o9xde_4 _paragraph_xtcu6_10 layout-component text-serif-m layout-normal text-serif-m layout-padded\"><strong class=\"_strong_o9xde_25\">\u2013 Mot nytt\u00e5r blir det ganske kaldt, sier han. <\/strong><\/p>\n<p><img alt=\"Mandag morgen er det varmere p\u00e5 Svalbard enn de fleste andre steder i Norge.   Foto: Meteorologisk institutt\" class=\"_image_qp4xg_65 layout-component layout-normal\" data-fullscreen- data-track-element-type=\"Article image fullscreen\" data-track-name=\"ImageFullscreen\" decoding=\"async\" loading=\"lazy\" height=\"1046\" itemprop=\"image\"  src=\"https:\/\/www.europesays.com\/no\/wp-content\/uploads\/2025\/12\/8a56c66c-cc72-471d-b430-099a62bb3af5\"  style=\"object-position:0% 0%\" width=\"894\"\/>Mandag morgen er det varmere p\u00e5 Svalbard enn de fleste andre steder i Norge.   Foto: Meteorologisk institutt    <img decoding=\"async\" alt=\"Tips oss illustrasjon\" src=\"https:\/\/www.europesays.com\/no\/wp-content\/uploads\/2025\/10\/pssst-small.webp.webp\"\/>    <\/p>\n<p class=\"title-serif-s\">Har du tips?<\/p>\n<p class=\"text-sans-m\">Send oss informasjon, bilder eller video.<\/p>\n<p>  <a href=\"https:\/\/www.vg.no\/tips-oss\" rel=\"nofollow noopener\" target=\"_blank\"> Tips oss <\/a>      <\/p>\n","protected":false},"excerpt":{"rendered":"Mandag morgen er det varmere p\u00e5 Svalbard enn i Sevilla. Mandag morgen er Svalbard p\u00e5 varmetoppen i Norge.&hellip;\n","protected":false},"author":2,"featured_media":119381,"comment_status":"","ping_status":"","sticky":false,"template":"","format":"standard","meta":{"footnotes":""},"categories":[12],"tags":[20,21,24,25,15,22,23,13,30,28,29,14,16,26,27,42,43,44,45],"class_list":{"0":"post-119380","1":"post","2":"type-post","3":"status-publish","4":"format-standard","5":"has-post-thumbnail","7":"category-verden","8":"tag-breaking-news","9":"tag-breakingnews","10":"tag-featured-news","11":"tag-featurednews","12":"tag-headlines","13":"tag-latest-news","14":"tag-latestnews","15":"tag-news","16":"tag-no","17":"tag-norge","18":"tag-norway","19":"tag-nyheter","20":"tag-overskrifter","21":"tag-top-stories","22":"tag-topstories","23":"tag-verden","24":"tag-world","25":"tag-world-news","26":"tag-worldnews"},"share_on_mastodon":{"url":"https:\/\/pubeurope.com\/@no\/115762441189102316","error":""},"_links":{"self":[{"href":"https:\/\/www.europesays.com\/no\/wp-json\/wp\/v2\/posts\/119380","targetHints":{"allow":["GET"]}}],"collection":[{"href":"https:\/\/www.europesays.com\/no\/wp-json\/wp\/v2\/posts"}],"about":[{"href":"https:\/\/www.europesays.com\/no\/wp-json\/wp\/v2\/types\/post"}],"author":[{"embeddable":true,"href":"https:\/\/www.europesays.com\/no\/wp-json\/wp\/v2\/users\/2"}],"replies":[{"embeddable":true,"href":"https:\/\/www.europesays.com\/no\/wp-json\/wp\/v2\/comments?post=119380"}],"version-history":[{"count":0,"href":"https:\/\/www.europesays.com\/no\/wp-json\/wp\/v2\/posts\/119380\/revisions"}],"wp:featuredmedia":[{"embeddable":true,"href":"https:\/\/www.europesays.com\/no\/wp-json\/wp\/v2\/media\/119381"}],"wp:attachment":[{"href":"https:\/\/www.europesays.com\/no\/wp-json\/wp\/v2\/media?parent=119380"}],"wp:term":[{"taxonomy":"category","embeddable":true,"href":"https:\/\/www.europesays.com\/no\/wp-json\/wp\/v2\/categories?post=119380"},{"taxonomy":"post_tag","embeddable":true,"href":"https:\/\/www.europesays.com\/no\/wp-json\/wp\/v2\/tags?post=119380"}],"curies":[{"name":"wp","href":"https:\/\/api.w.org\/{rel}","templated":true}]}}