{"id":119393,"date":"2025-12-22T09:33:18","date_gmt":"2025-12-22T09:33:18","guid":{"rendered":"https:\/\/www.europesays.com\/no\/119393\/"},"modified":"2025-12-22T09:33:18","modified_gmt":"2025-12-22T09:33:18","slug":"general-drept-i-bileksplosjon-i-moskva-siste-nytt-nrk","status":"publish","type":"post","link":"https:\/\/www.europesays.com\/no\/119393\/","title":{"rendered":"General drept i bileksplosjon i Moskva \u2013 Siste nytt \u2013\u00a0NRK"},"content":{"rendered":"<p>Det sier den russiske etterforskningskomiteen.<\/p>\n<p>Det skal v\u00e6re den russiske generall\u00f8ytnanten Fanil Sarvarov, som leder opptrening av russiske styrker, som er drept.<\/p>\n<p>Etterforskningskomiteen har publisert en video som viser den \u00f8delagte bilen med blod p\u00e5 f\u00f8rersetet, skriver NTB. Eksplosjonen skal ha skjedd da Sarvarov forlot en parkeringsplass like f\u00f8r klokka sju mandag morgen.<\/p>\n<p>En bombe var plassert under bilen, if\u00f8lge komiteen.<\/p>\n","protected":false},"excerpt":{"rendered":"Det sier den russiske etterforskningskomiteen. Det skal v\u00e6re den russiske generall\u00f8ytnanten Fanil Sarvarov, som leder opptrening av russiske&hellip;\n","protected":false},"author":2,"featured_media":119394,"comment_status":"","ping_status":"","sticky":false,"template":"","format":"standard","meta":{"footnotes":""},"categories":[12],"tags":[20,21,24,25,15,22,23,13,30,28,29,14,16,26,27,42,43,44,45],"class_list":{"0":"post-119393","1":"post","2":"type-post","3":"status-publish","4":"format-standard","5":"has-post-thumbnail","7":"category-verden","8":"tag-breaking-news","9":"tag-breakingnews","10":"tag-featured-news","11":"tag-featurednews","12":"tag-headlines","13":"tag-latest-news","14":"tag-latestnews","15":"tag-news","16":"tag-no","17":"tag-norge","18":"tag-norway","19":"tag-nyheter","20":"tag-overskrifter","21":"tag-top-stories","22":"tag-topstories","23":"tag-verden","24":"tag-world","25":"tag-world-news","26":"tag-worldnews"},"share_on_mastodon":{"url":"https:\/\/pubeurope.com\/@no\/115762535141208741","error":""},"_links":{"self":[{"href":"https:\/\/www.europesays.com\/no\/wp-json\/wp\/v2\/posts\/119393","targetHints":{"allow":["GET"]}}],"collection":[{"href":"https:\/\/www.europesays.com\/no\/wp-json\/wp\/v2\/posts"}],"about":[{"href":"https:\/\/www.europesays.com\/no\/wp-json\/wp\/v2\/types\/post"}],"author":[{"embeddable":true,"href":"https:\/\/www.europesays.com\/no\/wp-json\/wp\/v2\/users\/2"}],"replies":[{"embeddable":true,"href":"https:\/\/www.europesays.com\/no\/wp-json\/wp\/v2\/comments?post=119393"}],"version-history":[{"count":0,"href":"https:\/\/www.europesays.com\/no\/wp-json\/wp\/v2\/posts\/119393\/revisions"}],"wp:featuredmedia":[{"embeddable":true,"href":"https:\/\/www.europesays.com\/no\/wp-json\/wp\/v2\/media\/119394"}],"wp:attachment":[{"href":"https:\/\/www.europesays.com\/no\/wp-json\/wp\/v2\/media?parent=119393"}],"wp:term":[{"taxonomy":"category","embeddable":true,"href":"https:\/\/www.europesays.com\/no\/wp-json\/wp\/v2\/categories?post=119393"},{"taxonomy":"post_tag","embeddable":true,"href":"https:\/\/www.europesays.com\/no\/wp-json\/wp\/v2\/tags?post=119393"}],"curies":[{"name":"wp","href":"https:\/\/api.w.org\/{rel}","templated":true}]}}