{"id":119398,"date":"2025-12-22T09:42:13","date_gmt":"2025-12-22T09:42:13","guid":{"rendered":"https:\/\/www.europesays.com\/no\/119398\/"},"modified":"2025-12-22T09:42:13","modified_gmt":"2025-12-22T09:42:13","slug":"slik-var-2025-for-kongefamilien","status":"publish","type":"post","link":"https:\/\/www.europesays.com\/no\/119398\/","title":{"rendered":"Slik var 2025 for kongefamilien"},"content":{"rendered":"\n<ul class=\"_list_o9xde_3 _list_64s2r_85 _unordered_o9xde_106 text-sans-m\">\n<li class=\"_item_o9xde_30\">2025 har v\u00e6rt utfordrende for kongefamilien med blant annet tiltale mot Marius Borg H\u00f8iby.<\/li>\n<li class=\"_item_o9xde_30\">Kronprinsesse Mette-Marit forberedes p\u00e5 lungetransplantasjon.<\/li>\n<li class=\"_item_o9xde_30\">Dokumentar om M\u00e4rtha Louise og Durek Verrett skapte debatt.<\/li>\n<li class=\"_item_o9xde_30\">Kong Harald og dronning Sonja har hatt biroller, men dronningen har hatt helseutfordringer.<\/li>\n<li class=\"_item_o9xde_30\">Prinsesse Ingrid Alexandra studerer i Australia, mens prins Sverre Magnus har startet film- og fotoproduksjonsselskap.<\/li>\n<\/ul>\n<p>Vis mer <\/p>\n<p class=\"_paragraph_o9xde_4 _paragraph_xtcu6_10 layout-component text-serif-m layout-normal text-serif-m layout-padded\">Saken som preget <a href=\"https:\/\/www.vg.no\/tag\/kongefamilien?utm_source=vg-article&amp;utm_medium=auto-tagger&amp;utm_campaign=oEp3gj\" class=\"_link_o9xde_39\" rel=\"nofollow noopener\" target=\"_blank\">kongefamilien<\/a> mest i fjor, har holdt f\u00f8lge med dem ogs\u00e5 gjennom 2025. <\/p>\n<p class=\"_paragraph_o9xde_4 _paragraph_xtcu6_10 layout-component text-serif-m layout-normal text-serif-m layout-padded\">I august ble <a href=\"https:\/\/www.vg.no\/rampelys\/i\/wgWo1o\/hoeiby-saken-innkalling-til-presseorientering-om-avgjoerelse-av-tiltalespoersmaal\" data-track-element-type=\"Link\" data-track-id=\"link:wgWo1o\" class=\"_link_o9xde_39\" rel=\"nofollow noopener\" target=\"_blank\">tiltalen mot Marius Borg H\u00f8iby<\/a>, kronprinsesse Mette-Marits s\u00f8nn, klar. Den omfatter 32 punkter, deriblant sovevoldtekt, mishandling i n\u00e6re relasjoner og grov kroppskrenkelse. H\u00f8iby har erkjent delvis straffskyld for forholdene som gjelder \u00e9n av de forn\u00e6rmede, i tillegg til forholdene som gjelder brudd p\u00e5 vegtrafikkloven, men nekter straffskyld for resten av tiltalen. <\/p>\n<p class=\"_paragraph_o9xde_4 _paragraph_xtcu6_10 layout-component text-serif-m layout-normal text-serif-m layout-padded\">Rettssaken starter i februar. Til tross for den massive medieoppmerksomheten, har resten av familien v\u00e6rt ordknappe om saken mot H\u00f8iby. <\/p>\n<p>   \u2013 Utfordrende og vanskelig<\/p>\n<p class=\"_paragraph_o9xde_4 _paragraph_xtcu6_10 layout-component text-serif-m layout-normal text-serif-m layout-padded\">Dagen etter den ble kjent, sa imidlertid kronprins Haakon: <\/p>\n<p class=\"_paragraph_o9xde_4 _paragraph_xtcu6_10 layout-component text-serif-m layout-normal text-serif-m layout-padded\">\u2013 N\u00e5 er det avklart hva tiltalen blir. N\u00e5 skal dette g\u00e5 videre i domstolen, som skal avgj\u00f8re hvordan dette blir til slutt.<\/p>\n<p class=\"_paragraph_o9xde_4 _paragraph_xtcu6_10 layout-component text-serif-m layout-normal text-serif-m layout-padded\">N\u00e5r han ble spurt om hvordan det hele har p\u00e5virket kronprinsfamilien, svarte han:<\/p>\n<p class=\"_paragraph_o9xde_4 _paragraph_xtcu6_10 layout-component text-serif-m layout-normal text-serif-m layout-padded\">\u2013 Vi fortsetter \u00e5 l\u00f8se de oppgavene som vi har, p\u00e5 best mulig m\u00e5te. Det er det vi har fokus p\u00e5. Alle de involverte i den saken her synes nok dette er utfordrende og vanskelig, sa han.<\/p>\n<p class=\"_paragraph_o9xde_4 _paragraph_xtcu6_10 layout-component text-serif-m layout-normal text-serif-m layout-padded\">Kronprinsessen har gjennom \u00e5ret ikke villet si noe om saken mot H\u00f8iby.<\/p>\n<p>   Lungerehabilitering og -transplantasjon<\/p>\n<p class=\"_paragraph_o9xde_4 _paragraph_xtcu6_10 layout-component text-serif-m layout-normal text-serif-m layout-padded\">Kronprinsesse Mette-Marit har ogs\u00e5 hatt sitt eget \u00e5 stri med i \u00e5r: I september ble det kjent at hun skulle gjennomf\u00f8re en m\u00e5neds lungerehabilitering i oktober, og derfor ikke skulle utf\u00f8re noen offisielle oppdrag. <\/p>\n<p class=\"_paragraph_o9xde_4 _paragraph_xtcu6_10 layout-component text-serif-m layout-normal text-serif-m layout-padded\">Mette-Marit lider av en sjelden variant av kronisk lungefibrose. Og rett f\u00f8r jul kom en enda mer dramatisk beskjed: Kronprinsessen <a href=\"https:\/\/www.vg.no\/rampelys\/i\/L4A07Q\/kronprinsesse-mette-marit-maa-operere\" data-track-element-type=\"Link\" data-track-id=\"link:L4A07Q\" class=\"_link_o9xde_39\" rel=\"nofollow noopener\" target=\"_blank\">forberedes p\u00e5 lungetransplantasjon. <\/a><\/p>\n<p class=\"_paragraph_o9xde_4 _paragraph_xtcu6_10 layout-component text-serif-m layout-normal text-serif-m layout-padded\"> \u2013 Jeg har jo hele tiden h\u00e5pet at vi skulle greie \u00e5 holde sykdommen i sjakk med medisiner, og utviklingen har egentlig g\u00e5tt ganske sakte fram til n\u00e5. Men n\u00e5 har utviklingen g\u00e5tt raskere enn b\u00e5de jeg og legene hadde h\u00e5pet p\u00e5, sier kronprinsessen til <a href=\"https:\/\/www.nrk.no\/norge\/kronprinsessen-apen-om-dramatisk-forverring-av-sykdommen_-_-har-gatt-raskere-enn-jeg-hadde-hapet-1.17699020\" class=\"_link_o9xde_39\" rel=\"nofollow noopener\" target=\"_blank\">NRKs \u00ab\u00c5ret med kongefamilien\u00bb<\/a>.<\/p>\n<p class=\"_paragraph_o9xde_4 _paragraph_xtcu6_10 layout-component text-serif-m layout-normal text-serif-m layout-padded\">Hun sier hun har brukt mye av \u00e5ret p\u00e5 Jessheim eller p\u00e5 Rikshospitalet for \u00e5 ta nye tester.<\/p>\n<p class=\"_paragraph_o9xde_4 _paragraph_xtcu6_10 layout-component text-serif-m layout-normal text-serif-m layout-padded\">\u2013 Og s\u00e5 har vi hatt en del samtaler i h\u00f8st om lungetransplantasjon. Det er det som er nytt, at vi begynner \u00e5 n\u00e6rme oss det steget.<\/p>\n<p>   Dokumentar og sp\u00f8k<\/p>\n<p class=\"_paragraph_o9xde_4 _paragraph_xtcu6_10 layout-component text-serif-m layout-normal text-serif-m layout-padded\">Omtrent samtidig som nyheten om kronprinsessens rehabilitering, kom ogs\u00e5 den lenge varslede <a href=\"https:\/\/www.vg.no\/rampelys\/i\/5E1Wqe\/durek-verrett-ut-mot-kongefamilien-i-netflix-dokumentaren-rebel-royals-visste-ikke-hva-rasisme-var\" data-track-element-type=\"Link\" data-track-id=\"link:5E1Wqe\" class=\"_link_o9xde_39\" rel=\"nofollow noopener\" target=\"_blank\">dokumentaren om prinsesse M\u00e4rtha Louise og ektemannen Durek Verrett<\/a>. Den vakte sterke reaksjoner \u2013 ogs\u00e5 fra Slottet. <\/p>\n<p class=\"_paragraph_o9xde_4 _paragraph_xtcu6_10 layout-component text-serif-m layout-normal text-serif-m layout-padded\">Parets involvering i dokumentaren er et brudd p\u00e5 avtalen de har med kongehuset om \u00e5 ikke bruke prinsessetittelen i kommersiell virksomhet, var beskjeden. Prinsesse M\u00e4rtha Louise og Durek Verrett sa i en uttalelse at de s\u00e5 alvoret i situasjonen og viktigheten av \u00e5 ivareta integriteten i avtalen, men at ogs\u00e5 de har rett til \u00e5 fortelle sin historie.<\/p>\n<p class=\"_paragraph_o9xde_4 _paragraph_xtcu6_10 layout-component text-serif-m layout-normal text-serif-m layout-padded\">Igjen ble likevel hvorvidt M\u00e4rtha Louise i det hele tatt b\u00f8r ha <a href=\"https:\/\/www.vg.no\/rampelys\/i\/eM9jr9\/folket-vil-ta-fra-martha-prinsessetittelen\" data-track-element-type=\"Link\" data-track-id=\"link:eM9jr9\" class=\"_link_o9xde_39\" rel=\"nofollow noopener\" target=\"_blank\">prinsessetittelen et tema<\/a>, selv om kong Harald understreket at det ikke var det i kongehuset. <\/p>\n<p class=\"_paragraph_o9xde_4 _paragraph_xtcu6_10 layout-component text-serif-m layout-normal text-serif-m layout-padded\">Siden sp\u00f8kte kongen med dokumentaren under en tale i oktober.<\/p>\n<p class=\"_paragraph_o9xde_4 _paragraph_xtcu6_10 layout-component text-serif-m layout-normal text-serif-m layout-padded\">\u2013 Vi har registrert en viss oppmerksomhet rundt en film i h\u00f8st, innledet kongen om dokumentarfilmen \u00abRebel Royals: An Unlikely Love Story\u00bb, sa han. <\/p>\n<p class=\"_paragraph_o9xde_4 _paragraph_xtcu6_10 layout-component text-serif-m layout-normal text-serif-m layout-padded\">\u2013 Vi har vurdert en oppf\u00f8lger, og synes kanskje at \u00abKongen minutt for minutt\u00bb er den beste ideen s\u00e5 langt. Jeg kan ikke love at den blir sv\u00e6rt rebelsk, men tror likevel den kan n\u00e5 mange, siden den ogs\u00e5 kan fungere lett s\u00f8vndyssende, fortsatte han.<\/p>\n<p>   Pacemaker<\/p>\n<p class=\"_paragraph_o9xde_4 _paragraph_xtcu6_10 layout-component text-serif-m layout-normal text-serif-m layout-padded\">Med det \u00f8kte fokuset p\u00e5 de \u00abyngre\u00bb, har kong Harald og dronning Sonja hatt birollene i kongefamiliens 2025. <\/p>\n<p class=\"_paragraph_o9xde_4 _paragraph_xtcu6_10 layout-component text-serif-m layout-normal text-serif-m layout-padded\">Helt stille har det ikke v\u00e6rt: Konge\u00e5ret startet med at dronning Sonja fikk <a href=\"https:\/\/www.vg.no\/rampelys\/i\/B0d3a0\/naa-er-dronning-sonja-operert-har-faatt-pacemaker\" data-track-element-type=\"Link\" data-track-id=\"link:B0d3a0\" class=\"_link_o9xde_39\" rel=\"nofollow noopener\" target=\"_blank\">innlagt en pacemaker<\/a> som f\u00f8lge av hjerteflimmer. <\/p>\n<p class=\"_paragraph_o9xde_4 _paragraph_xtcu6_10 layout-component text-serif-m layout-normal text-serif-m layout-padded\">Inngrepet var vellykket, og dronningen var tilbake p\u00e5 jobb i begynnelsen av februar. Men andre p\u00e5skedag ble hun igjen innlagt p\u00e5 sykehus, denne gangen p\u00e5 grunn av tung pust. Innleggelsen var ikke langvarig og hun ble skrevet ut dagen etter \u2013 og en uke senere var hun igjen tilbake p\u00e5 jobb. <\/p>\n<p class=\"_paragraph_o9xde_4 _paragraph_xtcu6_10 layout-component text-serif-m layout-normal text-serif-m layout-padded\">Kongen feiret i februar for f\u00f8rste gang p\u00e5 flere \u00e5r bursdagen sin hjemme i Norge. Han ble da 88 \u00e5r, men til tross for alderen har han og dronningen hatt et tett program der de blant annet var p\u00e5 ski-VM i Trondheim.<\/p>\n<p> Tur til nord<\/p>\n<p class=\"_paragraph_o9xde_4 _paragraph_xtcu6_10 layout-component text-serif-m layout-normal text-serif-m layout-padded\">P\u00e5 starten av sommeren dro kongeparet p\u00e5 en flere dager lang tur til Svalbard, hvor de blant annet bes\u00f8kte Bj\u00f8rn\u00f8ya. <\/p>\n<p class=\"_paragraph_o9xde_4 _paragraph_xtcu6_10 layout-component text-serif-m layout-normal text-serif-m layout-padded\">\u2013 Dronningen og jeg er sv\u00e6rt glade for \u00e5 v\u00e6re i denne unike delen av Norge. For Svalbard er en viktig del av Norge, og dermed viktig for oss alle, sa kong Harald under turen.<\/p>\n<p class=\"_paragraph_o9xde_4 _paragraph_xtcu6_10 layout-component text-serif-m layout-normal text-serif-m layout-padded\">Det var aller f\u00f8rste gang noen fra dagens kongefamilie <a href=\"https:\/\/www.vg.no\/nyheter\/i\/5EdPo6\/kong-harald-og-dronning-sonja-kom-seg-i-land-paa-bjoernoeya\" data-track-element-type=\"Link\" data-track-id=\"link:5EdPo6\" class=\"_link_o9xde_39\" rel=\"nofollow noopener\" target=\"_blank\">bes\u00f8kte Bj\u00f8rn\u00f8ya<\/a>, som ligger omtrent midt mellom Spitsbergen og fastlandet, og har ni fastboende. <\/p>\n<p class=\"_paragraph_o9xde_4 _paragraph_xtcu6_10 layout-component text-serif-m layout-normal text-serif-m layout-padded\">\u2013 Dette er en del av Norge. Derfor er vi her, slo kongen fast under bes\u00f8ket.<\/p>\n<p>De yngste i utlandet<\/p>\n<p class=\"_paragraph_o9xde_4 _paragraph_xtcu6_10 layout-component text-serif-m layout-normal text-serif-m layout-padded\">For de helt yngste i kongefamilien har det v\u00e6rt et \u00e5r med store endringer. <\/p>\n<p class=\"_paragraph_o9xde_4 _paragraph_xtcu6_10 layout-component text-serif-m layout-normal text-serif-m layout-padded\">Prinsesse Ingrid Alexandra dimitterte fra f\u00f8rstegangstjenesten i april, og i august <a href=\"https:\/\/www.vg.no\/rampelys\/i\/rP0xq3\/ingrid-alexandra-til-vg-om-studentlivet-det-er-mye-mer-frihet\" data-track-element-type=\"Link\" data-track-id=\"link:rP0xq3\" class=\"_link_o9xde_39\" rel=\"nofollow noopener\" target=\"_blank\">flyttet hun til Sydney i Australia for \u00e5 studere. <\/a><\/p>\n<p class=\"_paragraph_o9xde_4 _paragraph_xtcu6_10 layout-component text-serif-m layout-normal text-serif-m layout-padded\">\u2013 Jeg f\u00f8ler meg fri som student, jeg f\u00f8ler absolutt at jeg kan v\u00e6re meg selv, sa prinsessen til NRK fra Australia.<\/p>\n<p class=\"_paragraph_o9xde_4 _paragraph_xtcu6_10 layout-component text-serif-m layout-normal text-serif-m layout-padded\">Prins Sverre Magnus har etter at han ble ferdig med videreg\u00e5ende i fjor <a href=\"https:\/\/www.vg.no\/rampelys\/i\/6qwm6o\/prins-sverre-magnus-fyller-20-aar\" data-track-element-type=\"Link\" data-track-id=\"link:6qwm6o\" class=\"_link_o9xde_39\" rel=\"nofollow noopener\" target=\"_blank\">flyttet til Trondheim<\/a>, og i \u00e5r har han brukt tid p\u00e5 \u00e5 reise \u2013 i tillegg til at han har startet et eget film- og fotoproduksjonsselskap. I oktober bekreftet Slottet at han er for tiden er i Italia.<\/p>\n","protected":false},"excerpt":{"rendered":"2025 har v\u00e6rt utfordrende for kongefamilien med blant annet tiltale mot Marius Borg H\u00f8iby. Kronprinsesse Mette-Marit forberedes p\u00e5&hellip;\n","protected":false},"author":2,"featured_media":119399,"comment_status":"","ping_status":"","sticky":false,"template":"","format":"standard","meta":{"footnotes":""},"categories":[10],"tags":[20,21,24,25,15,1222,2293,22,23,400,13,30,28,29,14,16,291,404,26,27],"class_list":{"0":"post-119398","1":"post","2":"type-post","3":"status-publish","4":"format-standard","5":"has-post-thumbnail","7":"category-norge","8":"tag-breaking-news","9":"tag-breakingnews","10":"tag-featured-news","11":"tag-featurednews","12":"tag-headlines","13":"tag-kongefamilien","14":"tag-kronprinsesse-mette-marit","15":"tag-latest-news","16":"tag-latestnews","17":"tag-marius-borg-hoiby","18":"tag-news","19":"tag-no","20":"tag-norge","21":"tag-norway","22":"tag-nyheter","23":"tag-overskrifter","24":"tag-prinsesse-ingrid-alexandra","25":"tag-slottet","26":"tag-top-stories","27":"tag-topstories"},"share_on_mastodon":{"url":"https:\/\/pubeurope.com\/@no\/115762570498083171","error":""},"_links":{"self":[{"href":"https:\/\/www.europesays.com\/no\/wp-json\/wp\/v2\/posts\/119398","targetHints":{"allow":["GET"]}}],"collection":[{"href":"https:\/\/www.europesays.com\/no\/wp-json\/wp\/v2\/posts"}],"about":[{"href":"https:\/\/www.europesays.com\/no\/wp-json\/wp\/v2\/types\/post"}],"author":[{"embeddable":true,"href":"https:\/\/www.europesays.com\/no\/wp-json\/wp\/v2\/users\/2"}],"replies":[{"embeddable":true,"href":"https:\/\/www.europesays.com\/no\/wp-json\/wp\/v2\/comments?post=119398"}],"version-history":[{"count":0,"href":"https:\/\/www.europesays.com\/no\/wp-json\/wp\/v2\/posts\/119398\/revisions"}],"wp:featuredmedia":[{"embeddable":true,"href":"https:\/\/www.europesays.com\/no\/wp-json\/wp\/v2\/media\/119399"}],"wp:attachment":[{"href":"https:\/\/www.europesays.com\/no\/wp-json\/wp\/v2\/media?parent=119398"}],"wp:term":[{"taxonomy":"category","embeddable":true,"href":"https:\/\/www.europesays.com\/no\/wp-json\/wp\/v2\/categories?post=119398"},{"taxonomy":"post_tag","embeddable":true,"href":"https:\/\/www.europesays.com\/no\/wp-json\/wp\/v2\/tags?post=119398"}],"curies":[{"name":"wp","href":"https:\/\/api.w.org\/{rel}","templated":true}]}}