{"id":119408,"date":"2025-12-22T09:52:10","date_gmt":"2025-12-22T09:52:10","guid":{"rendered":"https:\/\/www.europesays.com\/no\/119408\/"},"modified":"2025-12-22T09:52:10","modified_gmt":"2025-12-22T09:52:10","slug":"atle-lie-mcgrath-pa-skuddhold-etter-forste-omgang-i-alta-badia-slalamen","status":"publish","type":"post","link":"https:\/\/www.europesays.com\/no\/119408\/","title":{"rendered":"Atle Lie McGrath p\u00e5 skuddhold etter f\u00f8rste omgang i Alta Badia-slal\u00e5men"},"content":{"rendered":"\n<p class=\"_lead_o9xde_2 _lead_xtcu6_50 layout-component text-serif-m layout-normal text-serif-l layout-component layout-wide layout-padded _wide_17hqh_1 layout-padded\">Flere nordmenn skal v\u00e6re med og kjempe om b\u00e5de seier og pallplass i slal\u00e5mrennet. <\/p>\n<p> <img class=\"_image_qp4xg_65 layout-component layout-wide\" data-fullscreen- data-track-element-type=\"Article image fullscreen\" data-track-name=\"ImageFullscreen\" fetchpriority=\"high\" decoding=\"sync\" loading=\"eager\" height=\"102\" itemprop=\"image\"  src=\"https:\/\/www.europesays.com\/no\/wp-content\/uploads\/2025\/12\/b8665e8b28ce622373602b9ab5d4f386.jpg\"  style=\"object-position:50% 50%;aspect-ratio:1.75;height:auto;object-fit:cover;width:100%\" width=\"102\"\/>  <\/p>\n<ul aria-hidden=\"true\" class=\"_images_ntbth_112\">\n<li><a class=\"_link_ntbth_117\" href=\"https:\/\/www.vg.no\/forfatter\/sindre-espe\" style=\"z-index:1\" title=\"Sindre Espe\" rel=\"nofollow noopener\" target=\"_blank\"><img alt=\"Bilde av Sindre Espe\" class=\"_image_ntbth_93\" fetchpriority=\"low\" loading=\"lazy\" decoding=\"async\" itemprop=\"image\"  src=\"https:\/\/www.europesays.com\/no\/wp-content\/uploads\/2025\/12\/1766397130_201_5d41d29b-af5f-421d-80e6-42e6d80fe76e\"  width=\"480\"\/><\/a><\/li>\n<\/ul>\n<p> Oppdatert mandag 22. desember kl. 10:39     <\/p>\n<p class=\"_paragraph_o9xde_4 _paragraph_xtcu6_10 layout-component text-serif-m layout-normal text-serif-m layout-padded\">F\u00f8rste omgang p\u00e5g\u00e5r fremdeles og kan f\u00f8lges p\u00e5 TV 3 \/ Viaplay. De antatt beste har kj\u00f8rt. <\/p>\n<p class=\"_paragraph_o9xde_4 _paragraph_xtcu6_10 layout-component text-serif-m layout-normal text-serif-m layout-padded\">Fra startnummer fem kj\u00f8rte Atle Lie McGrath inn til annenplass \u2013 ni hundredeler bak franske Cl\u00e9ment No\u00ebl, og 17 hundredeler foran sveitsiske Lo\u00efc Meillard p\u00e5 tredjeplass. <\/p>\n<p class=\"_paragraph_o9xde_4 _paragraph_xtcu6_10 layout-component text-serif-m layout-normal text-serif-m layout-padded\">\u2013 En perfekt posisjon for annen omgang, oppsummerer han til Viaplay. <\/p>\n<p class=\"_paragraph_o9xde_4 _paragraph_xtcu6_10 layout-component text-serif-m layout-normal text-serif-m layout-padded\">25-\u00e5ringen forteller at det var et par partier hvor det ble litt for tett p\u00e5 portene.<\/p>\n<p class=\"_paragraph_o9xde_4 _paragraph_xtcu6_10 layout-component text-serif-m layout-normal text-serif-m layout-padded\">\u2013 Han er ubestridt \u2013 mener jeg \u2013 den som akkurat n\u00e5 har den h\u00f8yeste toppfarten n\u00e5r han slipper seg l\u00f8s, sier Viaplay-ekspert Kjetil Jansrud. <\/p>\n<p class=\"_paragraph_o9xde_4 _paragraph_xtcu6_10 layout-component text-serif-m layout-normal text-serif-m layout-padded\">McGrath ble ogs\u00e5 beste nordmann i <a href=\"https:\/\/www.vg.no\/sport\/i\/gk7Exk\/lucas-braathen-paa-pallen-igjen-nummer-to-i-storslalaam-i-alta-badia\" data-track-element-type=\"Link\" data-track-id=\"link:gk7Exk\" class=\"_link_o9xde_39\" rel=\"nofollow noopener\" target=\"_blank\">storslal\u00e5men<\/a> s\u00f8ndag, der han endte p\u00e5 fjerdeplass.<\/p>\n<p class=\"_paragraph_o9xde_4 _paragraph_xtcu6_10 layout-component text-serif-m layout-normal text-serif-m layout-padded\">\u2013 Jeg trodde kanskje at jeg skulle v\u00e6re litt lenger bak, for jeg gjorde noen sm\u00e5feil p\u00e5 dumme steder, fortsettter McGrath. <\/p>\n<p class=\"_paragraph_o9xde_4 _paragraph_xtcu6_10 layout-component text-serif-m layout-normal text-serif-m layout-padded\">Norge stiller med hele ni l\u00f8pere i dagens slal\u00e5mrenn i Alta Badia, Italia.<\/p>\n<ul class=\"_list_o9xde_3 _list_xtcu6_9 _unordered_o9xde_106 layout-component text-serif-m layout-normal text-serif-m layout-padded\">\n<li class=\"_item_o9xde_30\">Timon Haugan \u2013 som vant slal\u00e5men i Alta Badia lille julaften i fjor \u2013 ligger p\u00e5 5. plass, 51 hundredeler bak. <\/li>\n<\/ul>\n<ul class=\"_list_o9xde_3 _list_xtcu6_9 _unordered_o9xde_106 layout-component text-serif-m layout-normal text-serif-m layout-padded\">\n<li class=\"_item_o9xde_30\">Henrik Kristoffersen ligger 87 hundredeler bak Noel, og 61 hundredeler bak tredjeplassen til Meillard. <\/li>\n<\/ul>\n<p class=\"_paragraph_o9xde_4 _paragraph_xtcu6_10 layout-component text-serif-m layout-normal text-serif-m layout-padded\">Oscar Sandvik (startnummer 31), Eirik Hystad Solberg (34), Hans Grahl-Madsen (40), Theodor Br\u00e6kken (45), Mikkel Rems\u00f8y (54) og Peder Lunder (69) har enn\u00e5 ikke kj\u00f8rt. <\/p>\n<p class=\"_paragraph_o9xde_4 _paragraph_xtcu6_10 layout-component text-serif-m layout-normal text-serif-m layout-padded\">Finaleomgangen starter kl. 13.30 og sendes p\u00e5 TV 3 \/ Viaplay.<\/p>\n","protected":false},"excerpt":{"rendered":"Flere nordmenn skal v\u00e6re med og kjempe om b\u00e5de seier og pallplass i slal\u00e5mrennet. Oppdatert mandag 22. desember&hellip;\n","protected":false},"author":2,"featured_media":119409,"comment_status":"","ping_status":"","sticky":false,"template":"","format":"standard","meta":{"footnotes":""},"categories":[59],"tags":[249,5961,14279,9794,30,28,29,83,82,9894],"class_list":{"0":"post-119408","1":"post","2":"type-post","3":"status-publish","4":"format-standard","5":"has-post-thumbnail","7":"category-sport","8":"tag-alpint","9":"tag-atle-lie-mcgrath","10":"tag-eirik-hystad-solberg","11":"tag-henrik-kristoffersen","12":"tag-no","13":"tag-norge","14":"tag-norway","15":"tag-sport","16":"tag-sports","17":"tag-timon-haugan"},"share_on_mastodon":{"url":"https:\/\/pubeurope.com\/@no\/115762609945451239","error":""},"_links":{"self":[{"href":"https:\/\/www.europesays.com\/no\/wp-json\/wp\/v2\/posts\/119408","targetHints":{"allow":["GET"]}}],"collection":[{"href":"https:\/\/www.europesays.com\/no\/wp-json\/wp\/v2\/posts"}],"about":[{"href":"https:\/\/www.europesays.com\/no\/wp-json\/wp\/v2\/types\/post"}],"author":[{"embeddable":true,"href":"https:\/\/www.europesays.com\/no\/wp-json\/wp\/v2\/users\/2"}],"replies":[{"embeddable":true,"href":"https:\/\/www.europesays.com\/no\/wp-json\/wp\/v2\/comments?post=119408"}],"version-history":[{"count":0,"href":"https:\/\/www.europesays.com\/no\/wp-json\/wp\/v2\/posts\/119408\/revisions"}],"wp:featuredmedia":[{"embeddable":true,"href":"https:\/\/www.europesays.com\/no\/wp-json\/wp\/v2\/media\/119409"}],"wp:attachment":[{"href":"https:\/\/www.europesays.com\/no\/wp-json\/wp\/v2\/media?parent=119408"}],"wp:term":[{"taxonomy":"category","embeddable":true,"href":"https:\/\/www.europesays.com\/no\/wp-json\/wp\/v2\/categories?post=119408"},{"taxonomy":"post_tag","embeddable":true,"href":"https:\/\/www.europesays.com\/no\/wp-json\/wp\/v2\/tags?post=119408"}],"curies":[{"name":"wp","href":"https:\/\/api.w.org\/{rel}","templated":true}]}}