{"id":119414,"date":"2025-12-22T09:58:10","date_gmt":"2025-12-22T09:58:10","guid":{"rendered":"https:\/\/www.europesays.com\/no\/119414\/"},"modified":"2025-12-22T09:58:10","modified_gmt":"2025-12-22T09:58:10","slug":"dette-er-sarpsborgs-nye-trener","status":"publish","type":"post","link":"https:\/\/www.europesays.com\/no\/119414\/","title":{"rendered":"Dette er Sarpsborgs nye trener"},"content":{"rendered":"<p>Sarpsborg har landet en avtale med Even Sel (36) som hovedtrener. Kontrakten strekker seg ut 2028-sesongen. Det opplyser klubben om p\u00e5 sine nettsider.\u00a0<\/p>\n<p>\u2013 Jeg er stolt og glad i dag og vil takke styret og den sportslige ledelsen for tilliten. Denne muligheten i Sarpsborg 08 trigger meg veldig, sier Sel.\u00a0<\/p>\n<p>Han ledet i sommer det norske U19-landslaget til EM-sluttspill, og har erfaring fra Bryne og Haugesund.\u00a0<\/p>\n<p>\u2013 Setter hardt arbeid h\u00f8yt<\/p>\n<p>N\u00e5 har Sel er klar visjon for Sarpsborg.<\/p>\n<p>\u2013 Vi skal ha hurtige angrep n\u00e5r det er mulighet for det. Samtidig blir det viktig \u00e5 ha lengre angrep n\u00e5r det er det rette. Det kommer vi til \u00e5 ha stort fokus p\u00e5 &#8211; \u00e5 utvikle og ha et eget grunnspill. Det \u00e5 bli bedre p\u00e5 \u00e5 ha lengre angrep og f\u00e5 nok verkt\u00f8y i verkt\u00f8ykassen til \u00e5 bryte ned lag som ligger lavere, er et fokusomr\u00e5de for oss. Defensivt er n\u00f8kkelordene gode avstander og h\u00f8y intensitet, sier Sel. <\/p>\n<p>Og s\u00e5 kreves det selvsagt innsats.<\/p>\n<p> \u2013 Jeg kommer fra J\u00e6ren, s\u00e5 jeg setter hardt arbeid h\u00f8yt. Et hardtarbeidende lag med duellkraft og l\u00f8pskraft og et lag der man som enkeltspiller legger ned jobben for lagkameraten med en bl\u00f8 for drakta-holdning er viktig for meg. Jeg ser for meg \u00e5 v\u00e6re her i lang tid og \u00f8nsker at vi tar steg for steg og gradvis blir bedre. Det er m\u00e5lsettingen, sier Sel.<\/p>\n<p>\u2013 Komplement\u00e6re ferdigheter<\/p>\n<p>Den nye hovedtreneren f\u00e5r med seg Knut R\u00f8nningene (38) som ny assistenttrener.\u00a0<\/p>\n<p>        <img class=\"image__img lazyload\" itemprop=\"image\" title=\"Foto: Amanda Pedersen Giske \/ NTB\" alt=\"FRA ODD TIL SARP: Knut R\u00f8nningene var hovedtrener for Odd forrige sesong. N\u00e5 blir han assistent i Sarpsborg. Foto: Amanda Pedersen Giske \/ NTB\" width=\"675\" height=\"379\" bad-src=\"https:\/\/www.europesays.com\/no\/wp-content\/uploads\/2025\/12\/18102783.webp\" fetchpriority=\"auto\" \/><\/p>\n<p>      FRA ODD TIL SARP: Knut R\u00f8nningene var hovedtrener for Odd forrige sesong. N\u00e5 blir han assistent i Sarpsborg.<br \/>\n         Foto: Amanda Pedersen Giske \/ NTB<\/p>\n<p>\u2013 I Knut R\u00f8nningene f\u00e5r vi inn en premissleverand\u00f8r for hva vi \u00f8nsker \u00e5 ha i hverdagen. En trener som gir av seg selv, som setter krav og som vil utfylle Even Sel og Sander Nyland p\u00e5 en veldig god m\u00e5te. Alle er enige om retningen vi skal, hvordan vi skal spille, men samtidig ser vi en tydelig styrke i at de alle har litt ulike kvaliteter. De har komplement\u00e6re ferdigheter vi tror passer veldig godt sammen, sier sportssjef Hampus Andersson.<\/p>\n","protected":false},"excerpt":{"rendered":"Sarpsborg har landet en avtale med Even Sel (36) som hovedtrener. Kontrakten strekker seg ut 2028-sesongen. Det opplyser&hellip;\n","protected":false},"author":2,"featured_media":119415,"comment_status":"","ping_status":"","sticky":false,"template":"","format":"standard","meta":{"footnotes":""},"categories":[5],"tags":[20,21,24,25,15,19,22,23,17,18,13,30,28,29,14,16,26,27],"class_list":{"0":"post-119414","1":"post","2":"type-post","3":"status-publish","4":"format-standard","5":"has-post-thumbnail","7":"category-overskrifter","8":"tag-breaking-news","9":"tag-breakingnews","10":"tag-featured-news","11":"tag-featurednews","12":"tag-headlines","13":"tag-hovedoppslag","14":"tag-latest-news","15":"tag-latestnews","16":"tag-main-news","17":"tag-mainnews","18":"tag-news","19":"tag-no","20":"tag-norge","21":"tag-norway","22":"tag-nyheter","23":"tag-overskrifter","24":"tag-top-stories","25":"tag-topstories"},"share_on_mastodon":{"url":"https:\/\/pubeurope.com\/@no\/115762633417129670","error":""},"_links":{"self":[{"href":"https:\/\/www.europesays.com\/no\/wp-json\/wp\/v2\/posts\/119414","targetHints":{"allow":["GET"]}}],"collection":[{"href":"https:\/\/www.europesays.com\/no\/wp-json\/wp\/v2\/posts"}],"about":[{"href":"https:\/\/www.europesays.com\/no\/wp-json\/wp\/v2\/types\/post"}],"author":[{"embeddable":true,"href":"https:\/\/www.europesays.com\/no\/wp-json\/wp\/v2\/users\/2"}],"replies":[{"embeddable":true,"href":"https:\/\/www.europesays.com\/no\/wp-json\/wp\/v2\/comments?post=119414"}],"version-history":[{"count":0,"href":"https:\/\/www.europesays.com\/no\/wp-json\/wp\/v2\/posts\/119414\/revisions"}],"wp:featuredmedia":[{"embeddable":true,"href":"https:\/\/www.europesays.com\/no\/wp-json\/wp\/v2\/media\/119415"}],"wp:attachment":[{"href":"https:\/\/www.europesays.com\/no\/wp-json\/wp\/v2\/media?parent=119414"}],"wp:term":[{"taxonomy":"category","embeddable":true,"href":"https:\/\/www.europesays.com\/no\/wp-json\/wp\/v2\/categories?post=119414"},{"taxonomy":"post_tag","embeddable":true,"href":"https:\/\/www.europesays.com\/no\/wp-json\/wp\/v2\/tags?post=119414"}],"curies":[{"name":"wp","href":"https:\/\/api.w.org\/{rel}","templated":true}]}}