{"id":119416,"date":"2025-12-22T09:59:10","date_gmt":"2025-12-22T09:59:10","guid":{"rendered":"https:\/\/www.europesays.com\/no\/119416\/"},"modified":"2025-12-22T09:59:10","modified_gmt":"2025-12-22T09:59:10","slug":"sykkel-nm-arrangeres-i-stavanger","status":"publish","type":"post","link":"https:\/\/www.europesays.com\/no\/119416\/","title":{"rendered":"Sykkel-NM arrangeres i Stavanger"},"content":{"rendered":"\n<p class=\"_lead_o9xde_2 _lead_xtcu6_50 layout-component text-serif-m layout-normal text-serif-l layout-component layout-wide layout-padded _wide_17hqh_1 layout-padded\">Stavanger Sykleklubb skal arrangere norgesmesterskapet i landeveissykling i 2026.<\/p>\n<p><img alt=\"Tobias Halland Johannessen og Rasmus Tiller under NM i sykkel 2025 i H\u00f8nefoss.  Foto: Fredrik Varfjell \/ NTB\" class=\"_image_qp4xg_65 layout-component layout-wide\" data-fullscreen- data-track-element-type=\"Article image fullscreen\" data-track-name=\"ImageFullscreen\" fetchpriority=\"high\" decoding=\"sync\" loading=\"eager\" height=\"3113\" itemprop=\"image\"  src=\"https:\/\/www.europesays.com\/no\/wp-content\/uploads\/2025\/12\/831d4ab2-c825-49d1-9a4a-5b70e3916b83\"  style=\"object-position:0% 0%\" width=\"4669\"\/>Tobias Halland Johannessen og Rasmus Tiller under NM i sykkel 2025 i H\u00f8nefoss.  Foto: Fredrik Varfjell \/ NTB<\/p>\n<ul aria-hidden=\"true\" class=\"_images_ntbth_112\">\n<li><a class=\"_link_ntbth_117\" href=\"https:\/\/www.vg.no\/forfatter\/ntb\" style=\"z-index:1\" title=\"NTB\" rel=\"nofollow noopener\" target=\"_blank\"><img alt=\"Bilde av NTB\" class=\"_image_ntbth_93\" fetchpriority=\"low\" loading=\"lazy\" decoding=\"async\" itemprop=\"image\"  src=\"https:\/\/www.europesays.com\/no\/wp-content\/uploads\/2025\/12\/1766397550_866_c33980b0-5d07-4027-84a1-813f90a7c8d6\"  width=\"480\"\/><\/a><\/li>\n<\/ul>\n<p> Oppdatert mandag 22. desember kl. 09:22     <\/p>\n<p class=\"_paragraph_o9xde_4 _paragraph_xtcu6_10 layout-component text-serif-m layout-normal text-serif-m layout-padded\">Det opplyses om i en pressemelding. <\/p>\n<p class=\"_paragraph_o9xde_4 _paragraph_xtcu6_10 layout-component text-serif-m layout-normal text-serif-m layout-padded\">Mesterskapet arrangeres fra 25. til 28. juni. Det skal konkurreres i tempo, gateritt og fellesstart for b\u00e5de kvinner og menn.<\/p>\n<p class=\"_paragraph_o9xde_4 _paragraph_xtcu6_10 layout-component text-serif-m layout-normal text-serif-m layout-padded\">\u2013 Vi er sv\u00e6rt stolte og glade for at dette lot seg realisere. Vi \u00f8nsker \u00e5 skape et arrangement som b\u00e5de sportslig og publikums\u00admessig setter en ny standard, sier Roy Hegreberg som er daglig leder i Fjord Cycling AS.<\/p>\n<p class=\"_paragraph_o9xde_4 _paragraph_xtcu6_10 layout-component text-serif-m layout-normal text-serif-m layout-padded\">Selskapet, som har st\u00e5tt bak Tour of Norway, samarbeider med Stavanger Sykleklubb om arrangementet neste \u00e5r. Tidligere i desember ble det kjent at Tour of Norway avlyses i 2026. <\/p>\n<p class=\"_paragraph_o9xde_4 _paragraph_xtcu6_10 layout-component text-serif-m layout-normal text-serif-m layout-padded\">\u2013 Da vi tok avgj\u00f8relsen om at Tour of Norway 2026 m\u00e5tte avlyses for to uker siden, valgte vi \u00e5 snu oss raskt rundt og se etter nye muligheter. Da det samtidig manglet en arrang\u00f8r for NM neste \u00e5r, var det helt naturlig for oss \u00e5 ta initiativ og unders\u00f8ke om vi kunne p\u00e5ta oss oppgaven, fortsetter Hegreberg. <\/p>\n","protected":false},"excerpt":{"rendered":"Stavanger Sykleklubb skal arrangere norgesmesterskapet i landeveissykling i 2026. Tobias Halland Johannessen og Rasmus Tiller under NM i&hellip;\n","protected":false},"author":2,"featured_media":119417,"comment_status":"","ping_status":"","sticky":false,"template":"","format":"standard","meta":{"footnotes":""},"categories":[59],"tags":[30,28,29,83,82,346],"class_list":{"0":"post-119416","1":"post","2":"type-post","3":"status-publish","4":"format-standard","5":"has-post-thumbnail","7":"category-sport","8":"tag-no","9":"tag-norge","10":"tag-norway","11":"tag-sport","12":"tag-sports","13":"tag-sykkel"},"share_on_mastodon":{"url":"https:\/\/pubeurope.com\/@no\/115762637627106093","error":""},"_links":{"self":[{"href":"https:\/\/www.europesays.com\/no\/wp-json\/wp\/v2\/posts\/119416","targetHints":{"allow":["GET"]}}],"collection":[{"href":"https:\/\/www.europesays.com\/no\/wp-json\/wp\/v2\/posts"}],"about":[{"href":"https:\/\/www.europesays.com\/no\/wp-json\/wp\/v2\/types\/post"}],"author":[{"embeddable":true,"href":"https:\/\/www.europesays.com\/no\/wp-json\/wp\/v2\/users\/2"}],"replies":[{"embeddable":true,"href":"https:\/\/www.europesays.com\/no\/wp-json\/wp\/v2\/comments?post=119416"}],"version-history":[{"count":0,"href":"https:\/\/www.europesays.com\/no\/wp-json\/wp\/v2\/posts\/119416\/revisions"}],"wp:featuredmedia":[{"embeddable":true,"href":"https:\/\/www.europesays.com\/no\/wp-json\/wp\/v2\/media\/119417"}],"wp:attachment":[{"href":"https:\/\/www.europesays.com\/no\/wp-json\/wp\/v2\/media?parent=119416"}],"wp:term":[{"taxonomy":"category","embeddable":true,"href":"https:\/\/www.europesays.com\/no\/wp-json\/wp\/v2\/categories?post=119416"},{"taxonomy":"post_tag","embeddable":true,"href":"https:\/\/www.europesays.com\/no\/wp-json\/wp\/v2\/tags?post=119416"}],"curies":[{"name":"wp","href":"https:\/\/api.w.org\/{rel}","templated":true}]}}