{"id":119430,"date":"2025-12-22T10:14:34","date_gmt":"2025-12-22T10:14:34","guid":{"rendered":"https:\/\/www.europesays.com\/no\/119430\/"},"modified":"2025-12-22T10:14:34","modified_gmt":"2025-12-22T10:14:34","slug":"gyda-oddekalv-32-om-vanene","status":"publish","type":"post","link":"https:\/\/www.europesays.com\/no\/119430\/","title":{"rendered":"Gyda Oddekalv (32) om vanene:"},"content":{"rendered":"<p>    Kort fortalt<\/p>\n<p lang=\"nb-NO\">Gyda Oddekalv ble kjent under valgkampen etter en kontroversiell episode p\u00e5 Dagsnytt 18.<\/p>\n<p lang=\"nb-NO\">Hun deler n\u00e5 sine handlevaner og prioriterer dyre, \u00f8kologiske r\u00e5varer for helse.<\/p>\n<p lang=\"nb-NO\">Oddekalv unng\u00e5r ultraprosessert mat og mener matprisene er for h\u00f8ye.<\/p>\n<p lang=\"nb-NO\">Hun \u00f8nsker mer \u00e5penhet fra matvaregigantene om pris\u00f8kninger.<\/p>\n<p class=\"italic ai-disclaimer\" data-lab-italic=\"italic\">Sammendraget er laget av ChatGPT og godkjent av DinSide.<\/p>\n<p>      Vis mer<br \/>\n      Vis mindre<\/p>\n<p>Under \u00e5rets valgkamp var det s\u00e6rlig ett navn som skilte seg ut for mange nordmenn.\u00a0<\/p>\n<p>Gyda Oddekalv (32) markerte seg for alvor da hun under en Dagsnytt 18-sending ble bedt om <a href=\"https:\/\/www.dagbladet.no\/nyheter\/kastet-ut-pa-direkten\/83422034\" target=\"_blank\" rel=\"nofollow noopener\">\u00e5 forlate studio p\u00e5 direkten<\/a>, etter \u00e5 ha avbrutt motdebattanten Fr\u00f8ya Sjurs\u00e6ther (19) i MDG.\u00a0<\/p>\n<p> Episoden f\u00f8rte til stor respons, og i <a href=\"https:\/\/www.nrk.no\/norge\/ble-kastet-ut-fra-dagsnytt-18-_-na-tar-gyda-oddekalv-av-pa-tiktok-1.17547466\" target=\"_blank\" class=\"\" rel=\"nofollow noopener\">NRKs kartlegging av stortingskandidatenes TikTok-aktivitet<\/a>\u00a0kom det fram at det var en video Oddekalv publiserte i etterkant av dette som skapte mest engasjement.\u00a0<\/p>\n<p>    <a itemprop=\"url\" href=\"https:\/\/dinside.dagbladet.no\/data\/drukner-i-pakker\/83997554\" rel=\"nofollow noopener\" target=\"_blank\"><\/p>\n<p>        <img loading=\"lazy\" decoding=\"async\" src=\"https:\/\/www.europesays.com\/no\/wp-content\/uploads\/2025\/12\/83997570.webp\" width=\"980\" height=\"441\" title=\"- Drukner i pakker\" alt=\"\" class=\"lazyload\" style=\"--aspect-ratio-image: 2.22; \"\/><\/p>\n<p>        &#8211; Drukner i pakker<\/p>\n<p>    <\/a><\/p>\n<p>I m\u00e5nedene etter valgkampen kan den travle politikeren ikke si at det har roet seg nevneverdig, men denne gangen skal det\u00a0handle om noe annet enn politikken &#8211; selv om det ikke er helt til \u00e5 komme utenom.\u00a0<\/p>\n<p>    Gyda Oddekalv:<\/p>\n<ul>\n<li class=\"lab-bodytext-line\">F\u00f8dt (1993) og oppvokst i Bergen.\u00a0<\/li>\n<li class=\"lab-bodytext-line\">Studert sykepleie ved H\u00f8yskolen i Oslo og Akershus (OsloMet), og jobbet 10 \u00e5r i helsevesenet.\u00a0<\/li>\n<li class=\"lab-bodytext-line\">Tar n\u00e5 en master i rettsvitenskap ved Universitetet i Bergen, og pendler mellom Vestlandshovedstaden og Oslo for politikerarbeid.\u00a0<\/li>\n<li class=\"lab-bodytext-line\">Politiker og har v\u00e6rt leder for partiet Generasjonspartiet siden 2022.<\/li>\n<li class=\"lab-bodytext-line\">Datter av den norske milj\u00f8verneren- og aktivisten Kurt Oddekalv.\u00a0<\/li>\n<li class=\"lab-bodytext-line\">Tidligere rapper, og deltok i 2014 i talentkonkurransen Norske Talenter. Har ogs\u00e5 hatt platekontrakt med MTG, og er utdannet i lydteknikk og musikkproduksjon ved Nordoff.<\/li>\n<\/ul>\n<p>      Vis mer<br \/>\n      Vis mindre<\/p>\n<p>N\u00e5 forteller 32-\u00e5ringen nemlig om handlevanene, r\u00e5varene og fristelsene som havner i handlekurven hennes &#8211; og hva hun nekter \u00e5 spise om hun f\u00e5r det servert.\u00a0<\/p>\n<p>        <img loading=\"lazy\" decoding=\"async\" src=\"https:\/\/www.europesays.com\/no\/wp-content\/uploads\/2025\/12\/84002680.webp\" width=\"686\" height=\"686\" title=\"HANDLEVANER: I spalta \u00abMin handlekurv\u00bb tar vi en prat med kjente profiler for \u00e5 l\u00e6re mer om deres matvaner. Grafikk: Linda S\u00f8raas\" alt=\"\" class=\"\" style=\"--aspect-ratio-image: 1.00; \"\/><\/p>\n<p>\n        HANDLEVANER: I spalta \u00abMin handlekurv\u00bb tar vi en prat med kjente profiler for \u00e5 l\u00e6re mer om deres matvaner. Grafikk: Linda S\u00f8raas\n    <\/p>\n<p>G\u00e5r for de dyrere variantene\t<\/p>\n<p>32-\u00e5ringen plukker seg ut h\u00e5ndkurv-varianten ved inngangspartiet til butikken, f\u00f8r hun tar fatt p\u00e5 handlerunden.\u00a0<\/p>\n<p>&#8211; Hva havner alltid i handlekurven din?\u00a0<\/p>\n<p>&#8211; Alltid r\u00e5varer, de samme tingene igjen og igjen. Mye gr\u00f8nnsaker, viltkj\u00f8tt og yoghurt, men bare fra meierier som R\u00f8ros eller Jersey. Jeg spiser ogs\u00e5 mye kylling, men ogs\u00e5 da er det viktig for meg \u00e5 se etter hva slags kylling det er. Lerstang g\u00e5rd har for eksempel god dyrevelferd.\u00a0<\/p>\n<p>        <img loading=\"lazy\" decoding=\"async\" src=\"https:\/\/www.europesays.com\/no\/wp-content\/uploads\/2025\/12\/84002727.webp\" width=\"980\" height=\"657\" title=\"FLERE VALG: Oddekalv foretrekker \u00e5 ha utvalg n\u00e5r hun handler mat. Foto: Bj\u00f8rn Langsem \/ Dagbladet\" alt=\"\" class=\"\" style=\"--aspect-ratio-image: 1.49; \"\/><\/p>\n<p>\n        FLERE VALG: Oddekalv foretrekker \u00e5 ha utvalg n\u00e5r hun handler mat. Foto: Bj\u00f8rn Langsem \/ Dagbladet\n    <\/p>\n<p class=\"italic m-italic\" data-lab-italic=\"italic\">&#8211; Du g\u00e5r for de dyrere variantene?\u00a0<\/p>\n<p>&#8211; S\u00e5nne som disse har en h\u00f8yere pris, men mat er medisin, s\u00e5nn ser jeg p\u00e5 det. Det er en h\u00f8yere pris \u00e5 betale for ikke \u00e5 bli syk, og derfor tenker jeg at det er viktig \u00e5 prioritere penger til mat. At matprisene \u00f8ker og ikke alle har mulighet til det, er dypt urettferdig og et folkehelseproblem.\u00a0<\/p>\n<p>        <img loading=\"lazy\" decoding=\"async\" src=\"https:\/\/www.europesays.com\/no\/wp-content\/uploads\/2025\/12\/84002724.webp\" width=\"686\" height=\"460\" title=\"R\u00c5VARER: Oddekalv beskriver kostholdet sitt som r\u00e5varebasert. Det er ofte de samme varene som havner i handlekurven om og om igjen. Foto: Bj\u00f8rn Langsem \/ Dagbladet\" alt=\"\" class=\"\" style=\"--aspect-ratio-image: 1.49; \"\/><\/p>\n<p>\n        R\u00c5VARER: Oddekalv beskriver kostholdet sitt som r\u00e5varebasert. Det er ofte de samme varene som havner i handlekurven om og om igjen. Foto: Bj\u00f8rn Langsem \/ Dagbladet\n    <\/p>\n<p>&#8211; Jeg g\u00e5r ikke til fris\u00f8ren og drikker ikke alkohol, s\u00e5 n\u00e5r jeg prioriterer maten tenker jeg at det er en investering i helsa mi.<\/p>\n<p>Dette unng\u00e5r hun i butikken\t<\/p>\n<p class=\"italic m-italic\" data-lab-italic=\"italic\">&#8211; Hva handler du aldri?\u00a0<\/p>\n<p>&#8211; Laks. Can\u2019t eat it. Jeg liker det, og spiste det mye da jeg var liten. Pappa jobbet jo mot lakseindustrien, s\u00e5 n\u00e5 vet jeg for mye om hva fisken inneholder og hva som skjer med den, slik industrien er i dag. Jeg klarer bare ikke spise det.\u00a0<\/p>\n<p>        <img loading=\"lazy\" decoding=\"async\" src=\"https:\/\/www.europesays.com\/no\/wp-content\/uploads\/2025\/12\/84002720.webp\" width=\"686\" height=\"460\" title=\"KLARER IKKE: Som med laks klarer ikke 32-\u00e5ringen reker. - Det er noe med de sm\u00e5 \u00f8ynene, det er grusomt. Foto: Bj\u00f8rn Langsem \/ Dagbladet\" alt=\"\" class=\"\" style=\"--aspect-ratio-image: 1.49; \"\/><\/p>\n<p>\n        KLARER IKKE: Som med laks klarer ikke 32-\u00e5ringen reker. &#8211; Det er noe med de sm\u00e5 \u00f8ynene, det er grusomt. Foto: Bj\u00f8rn Langsem \/ Dagbladet\n    <\/p>\n<p class=\"italic m-italic\" data-lab-italic=\"italic\">&#8211; Hvilken matvare eller rett skammer du deg over at du elsker?\u00a0<\/p>\n<p>&#8211; Jeg skammer meg veldig sjelden, for skam er ikke en konstruktiv f\u00f8lelse. S\u00f8tsaker er det som er kjipest at jeg f\u00e5r lyst p\u00e5, men det m\u00e5 jo kanskje v\u00e6re is.\u00a0<\/p>\n<p>        <img loading=\"lazy\" decoding=\"async\" src=\"https:\/\/www.europesays.com\/no\/wp-content\/uploads\/2025\/12\/84002732.webp\" width=\"980\" height=\"559\" title=\"- En vill opplevelse\" alt=\"\" class=\"\" style=\"--aspect-ratio-image: 1.75; \"\/><\/p>\n<p>&#8211; Vill opplevelse\t<\/p>\n<p class=\"italic m-italic\" data-lab-italic=\"italic\">&#8211; Hvordan er du p\u00e5 kj\u00f8kkenet?\u00a0\u00a0<\/p>\n<p>&#8211; Mamma ville nok sagt at jeg er god til \u00e5 lage mat, men jeg er veldig s\u00e5nn at jeg vil spise \u00abrett ut fra kj\u00f8leskapet\u00bb. Bare hive noe sammen fort, uten \u00e5 m\u00e5tte st\u00e5 der i flere timer. Jeg er veldig glad i mat som g\u00e5r litt kjapt.<\/p>\n<p>&#8211; Men hvis jeg f\u00f8rst skal lage noe som tar tid, s\u00e5 elsker jeg gryteretter, hjortestek og minestronesuppe.\u00a0<\/p>\n<p>    <a itemprop=\"url\" href=\"https:\/\/dinside.dagbladet.no\/fritid\/slo-ned-pa-vaffel-servering\/83990685\" rel=\"nofollow noopener\" target=\"_blank\"><\/p>\n<p>        <img loading=\"lazy\" decoding=\"async\" src=\"https:\/\/www.europesays.com\/no\/wp-content\/uploads\/2025\/12\/83996581.webp\" width=\"980\" height=\"441\" title=\"Slo ned p\u00e5 vaffel-servering\" alt=\"\" class=\"lazyload\" style=\"--aspect-ratio-image: 2.22; \"\/><\/p>\n<p>        Slo ned p\u00e5 vaffel-servering<\/p>\n<p>    <\/a><\/p>\n<p class=\"italic m-italic\" data-lab-italic=\"italic\">&#8211; Er det en matopplevelse du husker ekstra godt?\u00a0<\/p>\n<p>&#8211; Pappa serverte oss r\u00e5tt moskushjerte som han hadde skutt selv. Det var en vill opplevelse da han kom hjem og brettet ut det p\u00e5 kj\u00f8kkenbenken. Da hadde vi ikke noe annet valg enn \u00e5 smake. Det smakte blod.\u00a0<\/p>\n<p>        FY FY: Dette er de vanligste tabbene nordmenn gj\u00f8r n\u00e5r de er p\u00e5 restaurant &#8211; sm\u00e5 grep gj\u00f8r en stor forskjell. <\/p>\n<p class=\"italic m-italic\" data-lab-italic=\"italic\">&#8211; Er det noe du hadde nektet \u00e5 spise\u00a0hvis du fikk det\u00a0servert?<\/p>\n<p>Hun peker momentant p\u00e5 en eske med smalahove som ligger i kj\u00f8ttdisken.\u00a0<\/p>\n<p>&#8211; I will not do it. Jeg ser p\u00e5 det og tenker bare\u00a0\u00abooooh\u00bb! Nei, vet du hva, det blir for heavy for meg, alts\u00e5. Det er noe med det visuelle, og respekten min for dyr.\u00a0<\/p>\n<p>    <a itemprop=\"url\" href=\"https:\/\/dinside.dagbladet.no\/reise\/dette-ryker\/83990284\" rel=\"nofollow noopener\" target=\"_blank\"><\/p>\n<p>        <img loading=\"lazy\" decoding=\"async\" src=\"https:\/\/www.europesays.com\/no\/wp-content\/uploads\/2025\/12\/83990503.webp\" width=\"147\" height=\"98\" title=\"Dette ryker\" alt=\"\" class=\"lazyload\" style=\"--aspect-ratio-image: 1.50; \"\/><\/p>\n<p>        Dette ryker<\/p>\n<p>    <\/a><\/p>\n<p class=\"italic m-italic\" data-lab-italic=\"italic\">&#8211; Hvilke matrett sier mest om hvem du er som person?\u00a0<\/p>\n<p class=\"no_italic m-no_italic\" data-lab-italic=\"\">&#8211; Hmmm. Det var et godt sp\u00f8rsm\u00e5l. Det m\u00e5 v\u00e6re en rett der hver del er enkel, men sammensettingen er kompleks. Noe i den duren.\u00a0<\/p>\n<p>        <img loading=\"lazy\" decoding=\"async\" src=\"https:\/\/www.europesays.com\/no\/wp-content\/uploads\/2025\/12\/84002734.webp\" width=\"980\" height=\"657\" title=\"VANEDYR: - Noen ganger tenker jeg at jeg burde ha hatt mer variasjon i kurven, men s\u00e5 leser jeg bakp\u00e5 pakkene, og s\u00e5 er det tilsatt alt mulig greier som nitritt eller fortykningsmiddel, forklarer Oddekalv. Foto: Bj\u00f8rn Langsem \/ Dagbladet\" alt=\"\" class=\"\" style=\"--aspect-ratio-image: 1.49; \"\/><\/p>\n<p>\n        VANEDYR: &#8211; Noen ganger tenker jeg at jeg burde ha hatt mer variasjon i kurven, men s\u00e5 leser jeg bakp\u00e5 pakkene, og s\u00e5 er det tilsatt alt mulig greier som nitritt eller fortykningsmiddel, forklarer Oddekalv. Foto: Bj\u00f8rn Langsem \/ Dagbladet\n    <\/p>\n<p>&#8211; Fulle i dritt\t<\/p>\n<p class=\"italic m-italic\" data-lab-italic=\"italic\">&#8211;\u00a0Hvor st\u00e5r du i debatten om ultraprosessert mat? <\/p>\n<p>&#8211; Jeg er veldig for at vi skal minimere ultraprosessert mat i kostholdet. S\u00e5 det pr\u00f8ver jeg \u00e5 gj\u00f8re selv ogs\u00e5. Jeg var jo veganer i sju \u00e5r, og da l\u00e6rte jeg veldig mye om hva som er i maten. Mange av de veganske produktene er ultraprosesserte og fulle av usunne oljer og tilsetningsstoffer. S\u00e5 jeg har god kunnskap om hva ting inneholder, hvor det kommer fra og hva det vil si for helsa.\u00a0<\/p>\n<p>        F\u00c6RRE INGREDIENSER: \u00abClean label\u00bb-trenden er kjempestor og har n\u00e5 kommet til Norge. Video: Embla Hjort-Larsen<\/p>\n<p class=\"italic m-italic\" data-lab-italic=\"italic\">&#8211; \u00abSkeier\u00bb du noen ganger ut fra den tankegangen?<\/p>\n<p>&#8211; Det mest prosesserte i kostholdet mitt, bortsett fra n\u00e5r jeg av og til unner meg en Smash, er jo yoghurt. Men da g\u00e5r jeg alltid for naturell fra R\u00f8ros-meieriet eller Jersey-meieriet. Smakene kommer heller fra det jeg putter p\u00e5 toppen, som kanel, kardemomme og b\u00e6r.\u00a0\u00a0<\/p>\n<p>        <img loading=\"lazy\" decoding=\"async\" src=\"https:\/\/www.europesays.com\/no\/wp-content\/uploads\/2025\/12\/84002728.webp\" width=\"980\" height=\"559\" title=\"FRISKT: Handlekurven til Oddekalv best\u00e5r av noks\u00e5 rene produkter. Selv om hun ikke spiser det hver dag er oster som comte og manchego en viktig del av kostholdet hennes. Foto: Bj\u00f8rn Langsem \/ Dagbladet\" alt=\"\" class=\"\" style=\"--aspect-ratio-image: 1.75; \"\/><\/p>\n<p>\n        FRISKT: Handlekurven til Oddekalv best\u00e5r av noks\u00e5 rene produkter. Selv om hun ikke spiser det hver dag er oster som comte og manchego en viktig del av kostholdet hennes. Foto: Bj\u00f8rn Langsem \/ Dagbladet\n    <\/p>\n<p class=\"italic m-italic\" data-lab-italic=\"italic\">&#8211; Det er en veldig \u00abren\u00bb handlekurv du har der &#8211; er det noe du er opptatt av?\u00a0<\/p>\n<p>&#8211; Jeg er for eksempel veldig glad i sitroner, og da pleier jeg alltid \u00e5 g\u00e5 for \u00f8kologisk. For jeg vet at spesielt i sitrusfrukter, n\u00e5r de bruker spr\u00f8ytemidler, s\u00e5 setter det seg i hele frukten, ikke bare skallet. Litt g\u00e5r fint, men det er jo totalmengden vi f\u00e5r i oss hele tida. Det samme tenker jeg p\u00e5 med varer som er pakket i plastembalasje.\u00a0<\/p>\n<p>    <a itemprop=\"url\" href=\"https:\/\/borsen.dagbladet.no\/nyheter\/brenner-under-huden-hele-tiden\/83501893\" rel=\"nofollow noopener\" target=\"_blank\"><\/p>\n<p>        <img loading=\"lazy\" decoding=\"async\" src=\"https:\/\/www.europesays.com\/no\/wp-content\/uploads\/2025\/12\/83511016.webp\" width=\"147\" height=\"98\" title=\"- Helt forferdelig\" alt=\"\" class=\"lazyload\" style=\"--aspect-ratio-image: 1.50; \"\/><\/p>\n<p>        &#8211; Helt forferdelig<\/p>\n<p>    <\/a><\/p>\n<p class=\"italic m-italic\" data-lab-italic=\"italic\">&#8211; N\u00e5r begynte du \u00e5 bry deg om dette?\u00a0<\/p>\n<p class=\"no_italic m-no_italic\" data-lab-italic=\"\"> &#8211; Det har ikke alltid v\u00e6rt s\u00e5nn. N\u00e5r jeg hadde d\u00e5rligere r\u00e5d, s\u00e5 var det ikke mulig \u00e5 g\u00e5 for \u00f8kologisk. Det koster jo mye mer enn vanlig. Da kunne jeg ofte kj\u00f8pe restmat fra sykehuset for \u00e5 spare penger, som de solgte for \u00e5 f\u00e5 ut overskuddsmat.<\/p>\n<p class=\"no_italic m-no_italic\" data-lab-italic=\"\">&#8211; Men\u00a0pappa har alltid dyrket, syltet og jaktet egen mat, s\u00e5 der har jeg f\u00e5tt det med matauk inn gjennom blodet. Han l\u00e6rte oss om livets sirkel. Selv har jeg bodd en periode i stort hus utenfor Bergen og dyrket egne gr\u00f8nnsaker, det var helt herlig,\u00a0fortsetter hun.\u00a0<\/p>\n<p>    <a itemprop=\"url\" href=\"https:\/\/dinside.dagbladet.no\/motor\/har-passert-millionen\/83986450\" rel=\"nofollow noopener\" target=\"_blank\"><\/p>\n<p>        <img loading=\"lazy\" decoding=\"async\" src=\"https:\/\/www.europesays.com\/no\/wp-content\/uploads\/2025\/12\/1766398470_709_83987228.webp\" width=\"147\" height=\"98\" title=\"- Stor prestasjon\" alt=\"\" class=\"lazyload\" style=\"--aspect-ratio-image: 1.50; \"\/><\/p>\n<p>        &#8211; Stor prestasjon<\/p>\n<p>    <\/a><\/p>\n<p>Mat p\u00e5 farten: &#8211; En utfordring\t<\/p>\n<p class=\"italic m-italic\" data-lab-italic=\"italic\">&#8211; Hvordan klarer du \u00e5 holde det kostholdet med pendlerlivet?\u00a0<\/p>\n<p class=\"no_italic m-no_italic\" data-lab-italic=\"\">&#8211; Det er virkelig en utfordring. Noen ganger er jeg sulten litt for lenge, s\u00e5 jeg jobber med det. En n\u00f8dl\u00f8sning er ofte en pose n\u00f8tter, og s\u00e5 passer jeg p\u00e5 at jeg f\u00e5r i meg ordentlig mat n\u00e5r jeg m\u00e5 dra et sted for \u00e5 spise.\u00a0<\/p>\n<p>        <img loading=\"lazy\" decoding=\"async\" src=\"https:\/\/www.europesays.com\/no\/wp-content\/uploads\/2025\/12\/84002716.webp\" width=\"980\" height=\"559\" title=\"P\u00c5 FARTEN: N\u00f8tter kan v\u00e6re en n\u00f8dl\u00f8sning mellom m\u00f8ter og avtaler for Oddekalv. Foto: Bj\u00f8rn Langsem \/ Dagbladet\" alt=\"\" class=\"\" style=\"--aspect-ratio-image: 1.75; \"\/><\/p>\n<p>\n        P\u00c5 FARTEN: N\u00f8tter kan v\u00e6re en n\u00f8dl\u00f8sning mellom m\u00f8ter og avtaler for Oddekalv. Foto: Bj\u00f8rn Langsem \/ Dagbladet\n    <\/p>\n<p class=\"italic m-italic\" data-lab-italic=\"italic\">&#8211; Michelin eller McDonald\u2019s?<\/p>\n<p>&#8211; Michelin er en g\u00f8yal opplevelse, men blir nok litt for spesielt for min smak. Jeg g\u00e5r aldri p\u00e5 McDonald\u2019s. Det gjelder egentlig alle s\u00e5nne typer hurtigkjedemat. P\u00f8lse p\u00e5 bensinstasjonen? Aldri.\u00a0<\/p>\n<p>&#8211; Jeg er tilhenger av at maten skal v\u00e6re sunn, tilgjengelig og rimeligere, s\u00e5 jeg g\u00e5r nok p\u00e5 noe midt i mellom. Det er en investering som jeg tror hadde gjort samfunnet bedre om det ble prioritert.<\/p>\n<p>        <img loading=\"lazy\" decoding=\"async\" src=\"https:\/\/www.europesays.com\/no\/wp-content\/uploads\/2025\/12\/84002717.webp\" width=\"980\" height=\"559\" title=\"\u00abDET BLIR NEI\u00bb: Oddekalv uttrykker at hun er opptatt av at maten som havner i handlekurven hennes skal v\u00e6re av rene r\u00e5varer. Derfor pr\u00f8ver hun \u00e5 holde seg borte fra s\u00e6rlig hyllene med godsaker som godteri og potetgull. Foto: Bj\u00f8rn Langsem \/ Dagbladet\" alt=\"\" class=\"\" style=\"--aspect-ratio-image: 1.75; \"\/><\/p>\n<p>\n        \u00abDET BLIR NEI\u00bb: Oddekalv uttrykker at hun er opptatt av at maten som havner i handlekurven hennes skal v\u00e6re av rene r\u00e5varer. Derfor pr\u00f8ver hun \u00e5 holde seg borte fra s\u00e6rlig hyllene med godsaker som godteri og potetgull. Foto: Bj\u00f8rn Langsem \/ Dagbladet\n    <\/p>\n<p>Klar beskjed: &#8211; Tilliten er syltynn!\t<\/p>\n<p class=\"italic m-italic\" data-lab-italic=\"italic\">&#8211; Hvilken mattrend synes du b\u00f8r ryke?\u00a0<\/p>\n<p class=\"no_italic m-no_italic\" data-lab-italic=\"\">&#8211; Den st\u00f8rste trenden er jo all maten som er ultraprosessert. En enorm andel av butikken er nettopp ultraprosessert mat, og s\u00e5 lurer vi p\u00e5 hvorfor vi blir syke. Jeg d\u00f8r jo ikke av at jeg spiser litt chips eller smash, men det er noe med at vi g\u00e5r inn i butikkene og f\u00e5r dette presentert. Det er en ganske heftig sensorisk opplevelse.<\/p>\n<p>    <a itemprop=\"url\" href=\"https:\/\/dinside.dagbladet.no\/fritid\/snart-snur-det\/83986720\" rel=\"nofollow noopener\" target=\"_blank\"><\/p>\n<p>        <img loading=\"lazy\" decoding=\"async\" src=\"https:\/\/www.europesays.com\/no\/wp-content\/uploads\/2025\/12\/83642636.webp\" width=\"980\" height=\"441\" title=\"Snart snur det\" alt=\"\" class=\"lazyload\" style=\"--aspect-ratio-image: 2.22; \"\/><\/p>\n<p>        Snart snur det<\/p>\n<p>    <\/a><\/p>\n<p class=\"no_italic m-no_italic\" data-lab-italic=\"\"> &#8211; Hvis du kunne gi \u00e9n beskjed til matvaregigantene om dagens matvarepriser &#8211; hva ville det v\u00e6rt? <\/p>\n<p class=\"no_italic m-no_italic\" data-lab-italic=\"\">&#8211; Vis oss regnestykkene! Vi vil ikke se markedsf\u00f8ringen og alle kampanjene, vi vil se tallene som viser hvorfor prisene hele tida stiger. Akkurat n\u00e5 er tiliten syltynn. Syltynn!\u00a0<\/p>\n<p class=\"no_italic m-no_italic\" data-lab-italic=\"\">&#8211; Det er et samfunnsansvar \u00e5 levere mat til folket, det er helt element\u00e6rt. Folk kan ikke leve uten det, og akkurat n\u00e5 er matprisene uforsvarlig h\u00f8ye.\u00a0<\/p>\n<p>        <img loading=\"lazy\" decoding=\"async\" src=\"https:\/\/www.europesays.com\/no\/wp-content\/uploads\/2025\/12\/84002723.webp\" width=\"980\" height=\"657\" title=\"MANGE VALG: Oddekalv er ogs\u00e5 glutenallergiker, og n\u00e5r \u00f8nsket om \u00e5 ikke kj\u00f8pe mye ultraprossert mat er en tanke i butikken, blir det mest rene gr\u00f8nnsaker, meieriprodukter og kj\u00f8tt som havner i kurven. Ogs\u00e5 olivenolje framfor soya og raps. Foto: Bj\u00f8rn Langsem \/ Dagbladet\" alt=\"\" class=\"\" style=\"--aspect-ratio-image: 1.49; \"\/><\/p>\n<p>\n        MANGE VALG: Oddekalv er ogs\u00e5 glutenallergiker, og n\u00e5r \u00f8nsket om \u00e5 ikke kj\u00f8pe mye ultraprossert mat er en tanke i butikken, blir det mest rene gr\u00f8nnsaker, meieriprodukter og kj\u00f8tt som havner i kurven. Ogs\u00e5 olivenolje framfor soya og raps. Foto: Bj\u00f8rn Langsem \/ Dagbladet\n    <\/p>\n<p class=\"italic m-italic\" data-lab-italic=\"italic\">&#8211; Hvem vil du helst skal lage middag til deg &#8211; Gordon Ramsay, Hellstr\u00f8m eller bestemor?<\/p>\n<p>&#8211; Kan jeg si morfar? For meg har det alltid v\u00e6rt ham.\u00a0Jeg l\u00e6rte mye fra morfar og fra pappa om sunn mat og gleden over \u00e5 samles rundt bordet med hjemmelaget mat.\u00a0Det er kanskje fra farssiden jeg har det \u00e5 lage r\u00e5varebasert mat fra.\u00a0<\/p>\n<p>&#8211; Det beste var minestronesuppen hans, den gledet vi oss alltid til alle sammen.\u00a0<\/p>\n","protected":false},"excerpt":{"rendered":"Kort fortalt Gyda Oddekalv ble kjent under valgkampen etter en kontroversiell episode p\u00e5 Dagsnytt 18. Hun deler n\u00e5&hellip;\n","protected":false},"author":2,"featured_media":119431,"comment_status":"","ping_status":"","sticky":false,"template":"","format":"standard","meta":{"footnotes":""},"categories":[5],"tags":[20,21,24,25,728,4671,15,19,22,23,17,18,737,14281,13,30,28,29,14,16,26,27],"class_list":{"0":"post-119430","1":"post","2":"type-post","3":"status-publish","4":"format-standard","5":"has-post-thumbnail","7":"category-overskrifter","8":"tag-breaking-news","9":"tag-breakingnews","10":"tag-featured-news","11":"tag-featurednews","12":"tag-fritid","13":"tag-gyda-oddekalv","14":"tag-headlines","15":"tag-hovedoppslag","16":"tag-latest-news","17":"tag-latestnews","18":"tag-main-news","19":"tag-mainnews","20":"tag-mat","21":"tag-min-handlekurv","22":"tag-news","23":"tag-no","24":"tag-norge","25":"tag-norway","26":"tag-nyheter","27":"tag-overskrifter","28":"tag-top-stories","29":"tag-topstories"},"share_on_mastodon":{"url":"https:\/\/pubeurope.com\/@no\/115762696706905147","error":""},"_links":{"self":[{"href":"https:\/\/www.europesays.com\/no\/wp-json\/wp\/v2\/posts\/119430","targetHints":{"allow":["GET"]}}],"collection":[{"href":"https:\/\/www.europesays.com\/no\/wp-json\/wp\/v2\/posts"}],"about":[{"href":"https:\/\/www.europesays.com\/no\/wp-json\/wp\/v2\/types\/post"}],"author":[{"embeddable":true,"href":"https:\/\/www.europesays.com\/no\/wp-json\/wp\/v2\/users\/2"}],"replies":[{"embeddable":true,"href":"https:\/\/www.europesays.com\/no\/wp-json\/wp\/v2\/comments?post=119430"}],"version-history":[{"count":0,"href":"https:\/\/www.europesays.com\/no\/wp-json\/wp\/v2\/posts\/119430\/revisions"}],"wp:featuredmedia":[{"embeddable":true,"href":"https:\/\/www.europesays.com\/no\/wp-json\/wp\/v2\/media\/119431"}],"wp:attachment":[{"href":"https:\/\/www.europesays.com\/no\/wp-json\/wp\/v2\/media?parent=119430"}],"wp:term":[{"taxonomy":"category","embeddable":true,"href":"https:\/\/www.europesays.com\/no\/wp-json\/wp\/v2\/categories?post=119430"},{"taxonomy":"post_tag","embeddable":true,"href":"https:\/\/www.europesays.com\/no\/wp-json\/wp\/v2\/tags?post=119430"}],"curies":[{"name":"wp","href":"https:\/\/api.w.org\/{rel}","templated":true}]}}