{"id":119432,"date":"2025-12-22T10:15:12","date_gmt":"2025-12-22T10:15:12","guid":{"rendered":"https:\/\/www.europesays.com\/no\/119432\/"},"modified":"2025-12-22T10:15:12","modified_gmt":"2025-12-22T10:15:12","slug":"mandagens-rykter-13","status":"publish","type":"post","link":"https:\/\/www.europesays.com\/no\/119432\/","title":{"rendered":"Mandagens rykter"},"content":{"rendered":"<p class=\"font-weight-bold m-font-weight-bold\" data-lab-font_weight=\"font-weight-bold\">LES OGS\u00c5: <a href=\"https:\/\/www.united.no\/nyheter\/sondagens-rykter\/1408734\" target=\"_blank\" rel=\"nofollow noopener\">Forrige ukes rykter<\/a><\/p>\n<p>Mandag 22. desember<\/p>\n<p>08.23: \u00abBrighton vil avsl\u00e5 ethvert bud p\u00e5 Carlos Baleba i 2026\u00bb. Det skriver avisen <a href=\"https:\/\/www.thetimes.com\/sport\/football\/article\/man-united-need-midfield-revamp-bruno-fernandes-adam-wharton-p2prs8gmx\" target=\"_blank\" rel=\"nofollow noopener\">The Times<\/a>. Midtbanespilleren er en av flere United f\u00f8lger n\u00f8ye med p\u00e5 og enkelte rapporter hevder ogs\u00e5 at det er Baleba som troner \u00f8verst p\u00e5 Uniteds \u00f8nskeliste.\u00a0<\/p>\n<p>Etter \u00e5 ha gjort et fremst\u00f8t i sommer har forventningen v\u00e6rt at United pr\u00f8ver seg p\u00e5 nytt til sommeren, men det kan alts\u00e5 bli vanskelig: The Times skriver at Brighton ikke \u00f8nsker \u00e5 skille lag med Baleba f\u00f8r 2027 og at de vil gj\u00f8re det de kan for \u00e5 holde p\u00e5 Baleba.\u00a0<\/p>\n","protected":false},"excerpt":{"rendered":"LES OGS\u00c5: Forrige ukes rykter Mandag 22. desember 08.23: \u00abBrighton vil avsl\u00e5 ethvert bud p\u00e5 Carlos Baleba i&hellip;\n","protected":false},"author":2,"featured_media":119433,"comment_status":"","ping_status":"","sticky":false,"template":"","format":"standard","meta":{"footnotes":""},"categories":[59],"tags":[30,28,29,83,82],"class_list":{"0":"post-119432","1":"post","2":"type-post","3":"status-publish","4":"format-standard","5":"has-post-thumbnail","7":"category-sport","8":"tag-no","9":"tag-norge","10":"tag-norway","11":"tag-sport","12":"tag-sports"},"share_on_mastodon":{"url":"https:\/\/pubeurope.com\/@no\/115762700149034746","error":""},"_links":{"self":[{"href":"https:\/\/www.europesays.com\/no\/wp-json\/wp\/v2\/posts\/119432","targetHints":{"allow":["GET"]}}],"collection":[{"href":"https:\/\/www.europesays.com\/no\/wp-json\/wp\/v2\/posts"}],"about":[{"href":"https:\/\/www.europesays.com\/no\/wp-json\/wp\/v2\/types\/post"}],"author":[{"embeddable":true,"href":"https:\/\/www.europesays.com\/no\/wp-json\/wp\/v2\/users\/2"}],"replies":[{"embeddable":true,"href":"https:\/\/www.europesays.com\/no\/wp-json\/wp\/v2\/comments?post=119432"}],"version-history":[{"count":0,"href":"https:\/\/www.europesays.com\/no\/wp-json\/wp\/v2\/posts\/119432\/revisions"}],"wp:featuredmedia":[{"embeddable":true,"href":"https:\/\/www.europesays.com\/no\/wp-json\/wp\/v2\/media\/119433"}],"wp:attachment":[{"href":"https:\/\/www.europesays.com\/no\/wp-json\/wp\/v2\/media?parent=119432"}],"wp:term":[{"taxonomy":"category","embeddable":true,"href":"https:\/\/www.europesays.com\/no\/wp-json\/wp\/v2\/categories?post=119432"},{"taxonomy":"post_tag","embeddable":true,"href":"https:\/\/www.europesays.com\/no\/wp-json\/wp\/v2\/tags?post=119432"}],"curies":[{"name":"wp","href":"https:\/\/api.w.org\/{rel}","templated":true}]}}