{"id":119450,"date":"2025-12-22T10:44:10","date_gmt":"2025-12-22T10:44:10","guid":{"rendered":"https:\/\/www.europesays.com\/no\/119450\/"},"modified":"2025-12-22T10:44:10","modified_gmt":"2025-12-22T10:44:10","slug":"politikerne-kuttet-svommeopplaering-for-barnehager","status":"publish","type":"post","link":"https:\/\/www.europesays.com\/no\/119450\/","title":{"rendered":"Politikerne kuttet sv\u00f8mmeoppl\u00e6ring for barnehager"},"content":{"rendered":"\n<ul class=\"_list_o9xde_3 _list_64s2r_85 _unordered_o9xde_106 text-sans-m\">\n<li class=\"_item_o9xde_30\">Abid Raja kjemper for fortsatt sv\u00f8mmeoppl\u00e6ring for barnehager etter at det ble kuttet i budsjettet.<\/li>\n<li class=\"_item_o9xde_30\">Raja, som l\u00e6rte seg \u00e5 sv\u00f8mme som voksen, mener oppl\u00e6ringen er livsviktig.<\/li>\n<li class=\"_item_o9xde_30\">Norges Sv\u00f8mmeforbund st\u00f8tter Raja og p\u00e5peker at oppl\u00e6ringen gj\u00f8r barn tryggere i vann.<\/li>\n<li class=\"_item_o9xde_30\">Regjeringspartiet Ap mener kommunene n\u00e5 har frihet til \u00e5 prioritere slike tilbud selv &#8211; med \u00f8kte frie midler fra staten.<\/li>\n<\/ul>\n<p>Vis mer <\/p>\n<p class=\"_paragraph_o9xde_4 _paragraph_xtcu6_10 layout-component text-serif-m layout-normal text-serif-m layout-padded\">Det var en varm sommer p\u00e5 \u00d8stlandet og i Oslo i 2013. Faktisk f\u00f8rti dager sammenhengende med over 20 grader i hovedstaden. Men bak den lyse temperatur-statistikken var det et m\u00f8rke. <\/p>\n<p class=\"_paragraph_o9xde_4 _paragraph_xtcu6_10 layout-component text-serif-m layout-normal text-serif-m layout-padded\">Bare i juli <a href=\"https:\/\/www.nrk.no\/norge\/_-verste-drukningssommer-pa-tre-ar-1.11166152\" class=\"_link_o9xde_39\" rel=\"nofollow noopener\" target=\"_blank\">druknet 17 mennesker<\/a> det \u00e5ret. Og \u00e5ret etter ble nesten like dystert.<\/p>\n<p class=\"_paragraph_o9xde_4 _paragraph_xtcu6_10 layout-component text-serif-m layout-normal text-serif-m layout-padded\">\u2013 Mange d\u00f8de av drukning, ogs\u00e5 barn og unge. Mange barn er jo spontane. De ser andre hoppe ut i vannet. Og s\u00e5 tenker de at de ogs\u00e5 kan sv\u00f8mme. Uten at de skj\u00f8nner at de ikke kan sv\u00f8mme, illustrerer Venstres stortingsrepresentant <a href=\"https:\/\/www.vg.no\/tag\/abid-raja?utm_source=vg-article&amp;utm_medium=auto-tagger&amp;utm_campaign=6qnOr0\" class=\"_link_o9xde_39\" rel=\"nofollow noopener\" target=\"_blank\">Abid Raja<\/a>.<\/p>\n<p class=\"_paragraph_o9xde_4 _paragraph_xtcu6_10 layout-component text-serif-m layout-normal text-serif-m layout-padded\">Han har hoppet ut i bassenget p\u00e5 Norges idrettsh\u00f8gskole. Det er en av mange arenaer for sv\u00f8mmeoppl\u00e6ring og vanntilvenning for barn fra haugevis av barnehager.<\/p>\n<p>Drukningssomre<\/p>\n<p class=\"_paragraph_o9xde_4 _paragraph_xtcu6_10 layout-component text-serif-m layout-normal text-serif-m layout-padded\">Raja, som selv har pakistansk bakgrunn, merket seg de mange drukningene i 2013 og 2014. Han fant ut at barn med innvandrerbakgrunn var spesielt utsatt. Og han kjente det p\u00e5 kroppen selv.<\/p>\n<p class=\"_paragraph_o9xde_4 _paragraph_xtcu6_10 layout-component text-serif-m layout-normal text-serif-m layout-padded\">Ikke kunne han sv\u00f8mme f\u00f8r han kom i voksen alder. Og han kjente en rekke familier som ikke akkurat prioriterte private sv\u00f8mmekurs. <\/p>\n<p class=\"_paragraph_o9xde_4 _paragraph_xtcu6_10 layout-component text-serif-m layout-normal text-serif-m layout-padded\">Skolesv\u00f8mmingen, spesielt i Oslo, var p\u00e5- eller under et minimum \u2013 med manglende bassenger og mangel p\u00e5 vann i noen av bassengene som ble bygget i tidligere tider.<\/p>\n<p><img alt=\"POLITIKER OG PRESIDENT: Abid Raja og Cato Bratbakk i sv\u00f8mmehallen p\u00e5 NIH i Oslo.  Foto: Annemor Larsen \/ VG\" class=\"_image_qp4xg_65 layout-component layout-normal\" data-fullscreen- data-track-element-type=\"Article image fullscreen\" data-track-name=\"ImageFullscreen\" decoding=\"async\" loading=\"lazy\" height=\"5464\" itemprop=\"image\"  src=\"https:\/\/www.europesays.com\/no\/wp-content\/uploads\/2025\/12\/bffe78fd-c688-4d90-a501-ce907e53444b\"  style=\"object-position:0% 0%\" width=\"8192\"\/>POLITIKER OG PRESIDENT: Abid Raja og Cato Bratbakk i sv\u00f8mmehallen p\u00e5 NIH i Oslo.  Foto: Annemor Larsen \/ VG<\/p>\n<p class=\"_paragraph_o9xde_4 _paragraph_xtcu6_10 layout-component text-serif-m layout-normal text-serif-m layout-padded\">\u2013 S\u00e5 jeg kalte inn alle sv\u00f8mmeakt\u00f8rene til m\u00f8te p\u00e5 Stortinget. Og s\u00e5 sa de til meg at det bare er halvparten av norske 10-\u00e5ringer som er sv\u00f8mmedyktige. Vi var d\u00e5rligst i Norden. Alle l\u00e5 langt foran oss. Akt\u00f8rene sa vi m\u00e5tte starte med sv\u00f8mmeoppl\u00e6ring allerede fra barnehagealder. Jeg var skeptisk. Men vi kom i gang. Og siden har det v\u00e6rt en suksess \u2013 med flere hundre tusen barn i ordningen, sier Raja p\u00e5 bassengkanten p\u00e5 Sogn i Oslo.<\/p>\n<p class=\"_paragraph_o9xde_4 _paragraph_xtcu6_10 layout-component text-serif-m layout-normal text-serif-m layout-padded\"><strong class=\"_strong_o9xde_25\">Han ble mildt sagt lettere sjokkert da budsjettkameratene i de fem flertallspartiene p\u00e5 Stortinget kuttet ordningen tidligere i vinter. <\/strong><\/p>\n<p><img decoding=\"async\" alt=\"Bilde av Cato Bratbakk\" class=\"_image_ygndg_42\" height=\"60\" itemprop=\"image\" loading=\"lazy\"  src=\"https:\/\/www.europesays.com\/no\/wp-content\/uploads\/2025\/12\/3251eaf9-8a55-48fd-9801-e8bfb9c011fb\"  width=\"40\"\/><strong class=\"_name_ygndg_51 title-serif-xs\">Cato Bratbakk<\/strong><\/p>\n<p class=\"_paragraph_o9xde_4 text-sans-m _description_ygndg_56\">President i Sv\u00f8mmeforbundet, Lambertseter sv\u00f8mmeklubb, Oslo<\/p>\n<p class=\"_paragraph_o9xde_4 _paragraph_xtcu6_10 layout-component text-serif-m layout-normal text-serif-m layout-padded\">Men b\u00e5de Raja og president Cato Bratbakk i Norges Sv\u00f8mmeforbund velger \u00e5 tro det var en politisk \u00abarbeidsulykke\u00bb og at sv\u00f8mmeoppl\u00e6ringen kan livreddes i tolvte time.<\/p>\n<p class=\"_paragraph_o9xde_4 _paragraph_xtcu6_10 layout-component text-serif-m layout-normal text-serif-m layout-padded\">P\u00e5 <a href=\"https:\/\/www.stortinget.no\/\" class=\"_link_o9xde_39\" rel=\"nofollow noopener\" target=\"_blank\">Stortingets siste dag<\/a> i 2025 &#8211;  fors\u00f8ker Raja \u00e5 redde den spesielle sv\u00f8mmeoppl\u00e6ringen.<\/p>\n<p class=\"_paragraph_o9xde_4 _paragraph_xtcu6_10 layout-component text-serif-m layout-normal text-serif-m layout-padded\">\u2013 Jeg har forst\u00e5else for at i forhandlinger s\u00e5 kan uforutsette ting skje. Jeg tror ikke dette har v\u00e6rt bevisst. For n\u00e5r regjeringen fremmet budsjettet, s\u00e5 l\u00e5 disse pengene inne. Og s\u00e5 forsvant de n\u00e6rmest n\u00e5r budsjettkameratene sto i vandrehallen og presenterte enigheten, beskriver Abid Raja.<\/p>\n<p><img alt=\"UT MOT STORTINGET: (Bakerste rekke fra venstre:) Pietro Mellado \u2013 sv\u00f8mmeinstrukt\u00f8r OI sv\u00f8mming, Johan Bj\u00f6rkegren \u2013 daglig leder B\u00e6rumsv\u00f8mmerne, Petter Kahrs \u2013 OI sv\u00f8mming . (Midterste rekke fra venstre:) Hans Jacob Stoebner \u2013 daglig leder Oslo idrettslag sv\u00f8mming, Kristian Austveg \u2013 sv\u00f8mmeskoleansvarlig i SK Speed. Jan Kjensli \u2013 Utviklingskonsulent i Norges Sv\u00f8mmeforbund, Mia Bergmann \u2013 daglig leder i paraplyorganisasjonen Flyte, Marion Range \u2013 ansvarlig barnehagesv\u00f8mmingen i Kolbotn IL, (F\u00f8rste rad fra venstre:) Caroline Brinchmann \u2013 daglig leder Lambertseter sv\u00f8mmeklubb, Marcel Rosenberg \u2013 daglig leder Triton Lillestr\u00f8m sv\u00f8mme- og triatlonklubb, Kari Salvesen M\u00f8rk \u2013 daglig leder i Asker sv\u00f8mmeklubb, Marthe-Illy Hjemmaas Svindal \u2013 adm. ansatt\/trener i Fet sv\u00f8mmeklubb.  Foto: Annemor Larsen \/ VG\" class=\"_image_qp4xg_65 layout-component layout-normal\" data-fullscreen- data-track-element-type=\"Article image fullscreen\" data-track-name=\"ImageFullscreen\" decoding=\"async\" loading=\"lazy\" height=\"5464\" itemprop=\"image\"  src=\"https:\/\/www.europesays.com\/no\/wp-content\/uploads\/2025\/12\/544b7131-304f-4607-b077-119766f2334b\"  style=\"object-position:0% 0%\" width=\"8192\"\/>UT MOT STORTINGET: (Bakerste rekke fra venstre:) Pietro Mellado \u2013 sv\u00f8mmeinstrukt\u00f8r OI sv\u00f8mming, Johan Bj\u00f6rkegren \u2013 daglig leder B\u00e6rumsv\u00f8mmerne, Petter Kahrs \u2013 OI sv\u00f8mming . (Midterste rekke fra venstre:) Hans Jacob Stoebner \u2013 daglig leder Oslo idrettslag sv\u00f8mming, Kristian Austveg \u2013 sv\u00f8mmeskoleansvarlig i SK Speed. Jan Kjensli \u2013 Utviklingskonsulent i Norges Sv\u00f8mmeforbund, Mia Bergmann \u2013 daglig leder i paraplyorganisasjonen Flyte, Marion Range \u2013 ansvarlig barnehagesv\u00f8mmingen i Kolbotn IL, (F\u00f8rste rad fra venstre:) Caroline Brinchmann \u2013 daglig leder Lambertseter sv\u00f8mmeklubb, Marcel Rosenberg \u2013 daglig leder Triton Lillestr\u00f8m sv\u00f8mme- og triatlonklubb, Kari Salvesen M\u00f8rk \u2013 daglig leder i Asker sv\u00f8mmeklubb, Marthe-Illy Hjemmaas Svindal \u2013 adm. ansatt\/trener i Fet sv\u00f8mmeklubb.  Foto: Annemor Larsen \/ VG<\/p>\n<p class=\"_paragraph_o9xde_4 _paragraph_xtcu6_10 layout-component text-serif-m layout-normal text-serif-m layout-padded\">Sv\u00f8mmepresidenten skryter av ordningen, vel vitende om at det ofte er instrukt\u00f8rer fra nettopp sv\u00f8mmeforbundet som setter oppl\u00e6ringen ut i livet.<\/p>\n<p class=\"_paragraph_o9xde_4 _paragraph_xtcu6_10 layout-component text-serif-m layout-normal text-serif-m layout-padded\">\u2013 Dette er en god ordning som har fungert veldig bra i over ti \u00e5r. Det er viktig \u00e5 l\u00e6re barn \u00e5 sv\u00f8mme tidlig. Samtidig med at de f\u00e5r god vanntilvenning og ikke er redd for vann. Det er en grunnpilar for \u00e5 bli god til \u00e5 sv\u00f8mme senere, sier Bratbakk til VG.<\/p>\n<p class=\"_paragraph_o9xde_4 _paragraph_xtcu6_10 layout-component text-serif-m layout-normal text-serif-m layout-padded\">Sv\u00f8mmemilj\u00f8et har mobilisert en rekke ildsjeler p\u00e5 bassengkanten for \u00e5 fortelle budsjett-flertallet p\u00e5 Stortinget hva de er i ferd med \u00e5 gj\u00f8re.<\/p>\n<p class=\"_paragraph_o9xde_4 _paragraph_xtcu6_10 layout-component text-serif-m layout-normal text-serif-m layout-padded\">N\u00e6rmere 40.000 barnehagebarn er med i oppl\u00e6ringen hvert \u00e5r.<\/p>\n<p><img decoding=\"async\" alt=\"Bilde av Jan Kjensli\" class=\"_image_ygndg_42\" height=\"60\" itemprop=\"image\" loading=\"lazy\"  src=\"https:\/\/www.europesays.com\/no\/wp-content\/uploads\/2025\/12\/a4921b8a-3a29-4ac3-97f3-1685795612a8\"  width=\"40\"\/><strong class=\"_name_ygndg_51 title-serif-xs\">Jan Kjensli<\/strong><\/p>\n<p class=\"_paragraph_o9xde_4 text-sans-m _description_ygndg_56\">Utviklingskonsulent i Sv\u00f8mmeforbundet<\/p>\n<p class=\"_paragraph_o9xde_4 _paragraph_xtcu6_10 layout-component text-serif-m layout-normal text-serif-m layout-padded\">\u2013 L\u00e6rer de \u00e5 sv\u00f8mme?<\/p>\n<p class=\"_paragraph_o9xde_4 _paragraph_xtcu6_10 layout-component text-serif-m layout-normal text-serif-m layout-padded\">Jan Kjensli i Sv\u00f8mmeforbundet svarer:<\/p>\n<p class=\"_paragraph_o9xde_4 _paragraph_xtcu6_10 layout-component text-serif-m layout-normal text-serif-m layout-padded\">\u2013 Vi kan ikke v\u00e6re trygge p\u00e5 at de har l\u00e6rt \u00e5 sv\u00f8mme, men vi kan v\u00e6re ganske sikre p\u00e5 at de har blitt vesentlig tryggere i vann og bidratt til at det grunnlaget som de trenger for \u00e5 f\u00e5 god sv\u00f8mmeoppl\u00e6ring i skolen er vesentlig bedre enn uten den oppl\u00e6ringen, sier Kjensli.<\/p>\n<p class=\"_paragraph_o9xde_4 _paragraph_xtcu6_10 layout-component text-serif-m layout-normal text-serif-m layout-padded\">\u2013 Hva betyr kuttet helt konkret?<\/p>\n<p class=\"_paragraph_o9xde_4 _paragraph_xtcu6_10 layout-component text-serif-m layout-normal text-serif-m layout-padded\">\u2013 Det vil jo bli en hel mengde barn uten vannferdigheter. Forskjellen mellom de flinkeste og de svakeste blir st\u00f8rre. Det blir mindre homogene grupper. Og det betyr jo at skolen mest sannsynlig m\u00e5 legge inn vesentlig mer ressurser for \u00e5 f\u00e5 barna sv\u00f8mmedyktige inn i kjernetiden enn hva de gj\u00f8r i dag, svarer Kjensli.<\/p>\n<p><img alt=\"P\u00c5 LAG MED SV\u00d8MMEMILJ\u00d8ET: Stortingsrepresentant og tidligere idrettsminister Abid Raja (V).  Foto: Annemor Larsen \/ VG\" class=\"_image_qp4xg_65 layout-component layout-normal\" data-fullscreen- data-track-element-type=\"Article image fullscreen\" data-track-name=\"ImageFullscreen\" decoding=\"async\" loading=\"lazy\" height=\"5050\" itemprop=\"image\"  src=\"https:\/\/www.europesays.com\/no\/wp-content\/uploads\/2025\/12\/ee61524f-bb5b-4783-b1b2-956a09bc6feb\"  style=\"object-position:0% 0%\" width=\"7571\"\/>P\u00c5 LAG MED SV\u00d8MMEMILJ\u00d8ET: Stortingsrepresentant og tidligere idrettsminister Abid Raja (V).  Foto: Annemor Larsen \/ VG<\/p>\n<p class=\"_paragraph_o9xde_4 _paragraph_xtcu6_10 layout-component text-serif-m layout-normal text-serif-m layout-padded\">Han minner om at Sv\u00f8mmeforbundet i samarbeid med barnehagene har bygget opp en modell gjennom ti \u00e5r.<\/p>\n<p class=\"_paragraph_o9xde_4 _paragraph_xtcu6_10 layout-component text-serif-m layout-normal text-serif-m layout-padded\">Og det er ikke bare-bare \u00e5 bygge en slik modell opp igjen med instrukt\u00f8rer, leie av halltid og organisering dersom proppen i sv\u00f8mmeoppl\u00e6ringen \u2013 i form av rundt 77 millioner kroner \u00e5rlig plutselig forsvinner.<\/p>\n<p class=\"_paragraph_o9xde_4 _paragraph_xtcu6_10 layout-component text-serif-m layout-normal text-serif-m layout-padded\">B\u00e5de Raja og folkene fra forbundet og sv\u00f8mmeklubbene minner ogs\u00e5 om at kuttet er et paradoks all den tid regjeringen selv har en nullvisjon mot drukning. Regjeringen ved fiskeri- og havministeren leverte en <a href=\"https:\/\/www.regjeringen.no\/contentassets\/a382cf551a7c4eefa3c36248db97897b\/no\/pdfs\/handlingsplan-for-forebygging-av-drukningsulykker.pdf\" class=\"_link_o9xde_39\" rel=\"nofollow noopener\" target=\"_blank\">handlingsplan mot drukning<\/a> tidligere i \u00e5r \u2013 der sv\u00f8mmeoppl\u00e6ringen i barnehagene var nevnt som et av tiltakene. <\/p>\n<p class=\"_paragraph_o9xde_4 _paragraph_xtcu6_10 layout-component text-serif-m layout-normal text-serif-m layout-padded\">VG har ikke lyktes \u00e5 f\u00e5 kommentar fra statsr\u00e5den som er hovedansvarlig for handlingsplanen mot drukningsulykker, fiskeri- og havminister Marianne Sivertsen N\u00e6ss (Ap). <\/p>\n<p class=\"_paragraph_o9xde_4 _paragraph_xtcu6_10 layout-component text-serif-m layout-normal text-serif-m layout-padded\">\u00abSv\u00f8mmeoppl\u00e6ring i barnehagar er ikkje i fiskeri- og havministeren sin portef\u00f8lje og h\u00f8yrer ikkje til budsjettpostane i N\u00e6rings- og fiskeridepartementet. Handlingsplanen er eit tverrdepartementalt samarbeid,\u00bb skriver departementets infoavdeling i en e-post.<\/p>\n<p><img alt=\"PENGE-POLITIKERNE: Leder Tuva Moflag i Stortingets finanskomit\u00e9 og finansminister Jens Stoltenberg i lavm\u00e6lt dialog i stortingssalen.  Foto: G\u00f8ran Bohlin \/ VG\" class=\"_image_qp4xg_65 layout-component layout-normal\" data-fullscreen- data-track-element-type=\"Article image fullscreen\" data-track-name=\"ImageFullscreen\" decoding=\"async\" loading=\"lazy\" height=\"2048\" itemprop=\"image\"  src=\"https:\/\/www.europesays.com\/no\/wp-content\/uploads\/2025\/12\/b53b269d-f589-4b48-b45d-738c4942de5a\"  style=\"object-position:0% 0%\" width=\"3072\"\/>PENGE-POLITIKERNE: Leder Tuva Moflag i Stortingets finanskomit\u00e9 og finansminister Jens Stoltenberg i lavm\u00e6lt dialog i stortingssalen.  Foto: G\u00f8ran Bohlin \/ VG<\/p>\n<p class=\"_paragraph_o9xde_4 _paragraph_xtcu6_10 layout-component text-serif-m layout-normal text-serif-m layout-padded\">B\u00e5de regjeringspartiet Ap sin fremste budsjettforhandler, Tuva Moflag og statssekret\u00e6r \u00d8yvind Jacobsen (Ap) i Kunnskapsdepartementet (KD), tar ansvar for \u00e5 svare.<\/p>\n<p class=\"_paragraph_o9xde_4 _paragraph_xtcu6_10 layout-component text-serif-m layout-normal text-serif-m layout-padded\"><strong class=\"_strong_o9xde_25\">\u2013 Pengene til barnehagesv\u00f8mming er overf\u00f8rt som frie midler til kommunene, i stedet for en s\u00f8kbar ordning via statsforvalteren. Det er den enkelte kommune som avgj\u00f8r om barnehagesv\u00f8mming skal fortsette, svarer Moflag, som er leder av Stortingets finanskomit\u00e9.<\/strong><\/p>\n<p class=\"_paragraph_o9xde_4 _paragraph_xtcu6_10 layout-component text-serif-m layout-normal text-serif-m layout-padded\">Hun viser til at flertallet bak 2026-budsjettet (Ap, SV, R\u00f8dt, Sp og MDG) blant annet prioriterer \u00e5 \u00f8ke bemanningen i barnehagene med 800 millioner.<\/p>\n<p>\u2013 Styrker bemanningen<\/p>\n<p class=\"_paragraph_o9xde_4 _paragraph_xtcu6_10 layout-component text-serif-m layout-normal text-serif-m layout-padded\">\u2013 Neste \u00e5r styrker vi kommune\u00f8konomien med 3 milliarder i frie midler p\u00e5 toppen av det som l\u00e5 inne i budsjettforslaget, og vi styrker toppet bemanning i barnehagene med 800 millioner kroner. Dette betyr mer penger til tjenestene og flere ansatte i barnehagene, men beslutningen om hvordan folk og penger brukes tas av de lokale politikerne, presiserer Moflag.<\/p>\n<p class=\"_paragraph_o9xde_4 _paragraph_xtcu6_10 layout-component text-serif-m layout-normal text-serif-m layout-padded\">\u2013 Du er ikke redd for at kommunene i praksis da dropper denne ordningen med sv\u00f8mmeoppl\u00e6ring for barnehagene?<\/p>\n<p class=\"_paragraph_o9xde_4 _paragraph_xtcu6_10 layout-component text-serif-m layout-normal text-serif-m layout-padded\">\u2013 Hvis vi mener alvor med lokaldemokrati og \u00f8kt handlefrihet for kommunene, m\u00e5 vi ha tillit til lokale politikere. Det har jeg, forsikrer Moflag.<\/p>\n<p>Badeball i retur<\/p>\n<p class=\"_paragraph_o9xde_4 _paragraph_xtcu6_10 layout-component text-serif-m layout-normal text-serif-m layout-padded\">\u00d8yvind Jacobsen i KD, som er kunnskapsministerens h\u00f8yre h\u00e5nd, sender badeballen tilbake til Abid Rajas Venstre:<\/p>\n<p class=\"_paragraph_o9xde_4 _paragraph_xtcu6_10 layout-component text-serif-m layout-normal text-serif-m layout-padded\">\u2013 De fem partiene som har forhandlet fram en budsjettavtale har styrket kommunenes\u00a0frie inntekter med en vekst p\u00e5\u00a06,2\u00a0milliarder kroner.<\/p>\n<p><img decoding=\"async\" alt=\"Bilde av \u00d8yvind Jacobsen (Ap)\" class=\"_image_ygndg_42\" height=\"40\" itemprop=\"image\" loading=\"lazy\"  src=\"https:\/\/www.europesays.com\/no\/wp-content\/uploads\/2025\/12\/d5091676-5f3c-4928-be8a-6601b77fa549\"  width=\"40\"\/><strong class=\"_name_ygndg_51 title-serif-xs\">\u00d8yvind Jacobsen (Ap)<\/strong><\/p>\n<p class=\"_paragraph_o9xde_4 text-sans-m _description_ygndg_56\">Statssekret\u00e6r i Kunnskapsdepartementet<\/p>\n<p class=\"_paragraph_o9xde_4 _paragraph_xtcu6_10 layout-component text-serif-m layout-normal text-serif-m layout-padded\"><strong class=\"_strong_o9xde_25\">\u2013 Det gir kommuner som Rajas Venstre-styrte Oslo mulighet til \u00e5 prioritere ulike tilbud de mener er viktig, som for eksempel sv\u00f8mming i barnehagen, kontrer \u00d8yvind Jacobsen.<\/strong><\/p>\n<p class=\"_paragraph_o9xde_4 _paragraph_xtcu6_10 layout-component text-serif-m layout-normal text-serif-m layout-padded\">Han minner ogs\u00e5 om at sv\u00f8mmeoppl\u00e6ring og vanntilvenning ikke er en oppgave som barnehagene er p\u00e5lagt \u00e5 gjennomf\u00f8re.<\/p>\n<p class=\"_paragraph_o9xde_4 _paragraph_xtcu6_10 layout-component text-serif-m layout-normal text-serif-m layout-padded\">\u2013 Det er de derimot i skolen.\u00a0Regjeringen er opptatt av at barn skal kunne l\u00e6re seg \u00e5 sv\u00f8mme og bli trygge i vannet og derfor stiller\u00a0l\u00e6replanen i kropps\u00f8ving tydelige og ambisi\u00f8se krav til sv\u00f8mmeoppl\u00e6ringen i skolen. Det er kompetansem\u00e5l for sv\u00f8mming gjennom hele grunnskolel\u00f8pet, og i 2020 ble det kompetansem\u00e5l for sv\u00f8mming allerede etter 2. trinn.<\/p>\n<p class=\"_paragraph_o9xde_4 _paragraph_xtcu6_10 layout-component text-serif-m layout-normal text-serif-m layout-padded\"><strong class=\"_strong_o9xde_25\">PS! Fra skole\u00e5ret 2017\u20132018 ble det innf\u00f8rt at alle skoler skal gjennomf\u00f8re ferdighetspr\u00f8ven i sv\u00f8mming. Form\u00e5let er \u00e5 styrke sv\u00f8mmeoppl\u00e6ringen slik at elevene blir sv\u00f8mmedyktige etter 4. trinn.<\/strong><\/p>\n","protected":false},"excerpt":{"rendered":"Abid Raja kjemper for fortsatt sv\u00f8mmeoppl\u00e6ring for barnehager etter at det ble kuttet i budsjettet. Raja, som l\u00e6rte&hellip;\n","protected":false},"author":2,"featured_media":119451,"comment_status":"","ping_status":"","sticky":false,"template":"","format":"standard","meta":{"footnotes":""},"categories":[10],"tags":[2221,1301,524,838,20,21,7406,24,25,15,22,23,13,30,28,29,14,16,805,14283,26,27,1995],"class_list":{"0":"post-119450","1":"post","2":"type-post","3":"status-publish","4":"format-standard","5":"has-post-thumbnail","7":"category-norge","8":"tag-abid-raja","9":"tag-barn","10":"tag-barn-og-unge","11":"tag-barnehage","12":"tag-breaking-news","13":"tag-breakingnews","14":"tag-drukning","15":"tag-featured-news","16":"tag-featurednews","17":"tag-headlines","18":"tag-latest-news","19":"tag-latestnews","20":"tag-news","21":"tag-no","22":"tag-norge","23":"tag-norway","24":"tag-nyheter","25":"tag-overskrifter","26":"tag-skole-og-utdanning","27":"tag-svommeopplaering","28":"tag-top-stories","29":"tag-topstories","30":"tag-vghelseoglivet"},"share_on_mastodon":{"url":"https:\/\/pubeurope.com\/@no\/115762814653313617","error":""},"_links":{"self":[{"href":"https:\/\/www.europesays.com\/no\/wp-json\/wp\/v2\/posts\/119450","targetHints":{"allow":["GET"]}}],"collection":[{"href":"https:\/\/www.europesays.com\/no\/wp-json\/wp\/v2\/posts"}],"about":[{"href":"https:\/\/www.europesays.com\/no\/wp-json\/wp\/v2\/types\/post"}],"author":[{"embeddable":true,"href":"https:\/\/www.europesays.com\/no\/wp-json\/wp\/v2\/users\/2"}],"replies":[{"embeddable":true,"href":"https:\/\/www.europesays.com\/no\/wp-json\/wp\/v2\/comments?post=119450"}],"version-history":[{"count":0,"href":"https:\/\/www.europesays.com\/no\/wp-json\/wp\/v2\/posts\/119450\/revisions"}],"wp:featuredmedia":[{"embeddable":true,"href":"https:\/\/www.europesays.com\/no\/wp-json\/wp\/v2\/media\/119451"}],"wp:attachment":[{"href":"https:\/\/www.europesays.com\/no\/wp-json\/wp\/v2\/media?parent=119450"}],"wp:term":[{"taxonomy":"category","embeddable":true,"href":"https:\/\/www.europesays.com\/no\/wp-json\/wp\/v2\/categories?post=119450"},{"taxonomy":"post_tag","embeddable":true,"href":"https:\/\/www.europesays.com\/no\/wp-json\/wp\/v2\/tags?post=119450"}],"curies":[{"name":"wp","href":"https:\/\/api.w.org\/{rel}","templated":true}]}}