{"id":119452,"date":"2025-12-22T10:45:15","date_gmt":"2025-12-22T10:45:15","guid":{"rendered":"https:\/\/www.europesays.com\/no\/119452\/"},"modified":"2025-12-22T10:45:15","modified_gmt":"2025-12-22T10:45:15","slug":"sarpsborg-08-fotball-bekreftet-sarpsborg-08-satser-pa-ungt-blod-vi-skal-bygge-noe-sammen","status":"publish","type":"post","link":"https:\/\/www.europesays.com\/no\/119452\/","title":{"rendered":"Sarpsborg 08, Fotball | Bekreftet: Sarpsborg 08 satser p\u00e5 ungt blod: \u2013 Vi skal bygge noe sammen"},"content":{"rendered":"\n<p>Sarpsborg 08 har jobbet intensivt med treneransettelsen de siste ukene.<\/p>\n<p>\u2013 Vi har hatt tre ulike spor vi har g\u00e5tt etter; trenere med en sterk CV som ofte er utenlandske, etablerte eliteserietrenere eller unge, fremadstormende trenere. Vi landet p\u00e5 sporet med unge, sultne trenere og da har vi v\u00e6rt ekstremt opptatt av \u00e5 bygge et team med dyktige folk som komplementerer hverandre, sier sportssjef Hampus Andersson.<\/p>\n<p>Sel og R\u00f8nningene har signert en tre\u00e5rskontrakt med Sarpsborg 08.<\/p>\n<p>En tydelig leder<\/p>\n<p>Even Sel har v\u00e6rt landslagstrener for G18- og G19-landslaget de to siste sesongene. Tidligere har han v\u00e6rt assistenttrener i Bryne og Haugesund.<\/p>\n<p>\u2013 Even gjorde et veldig sterkt inntrykk p\u00e5 oss. Vi opplever at han er det spillergruppen v\u00e5r \u00f8nsker og trenger n\u00e5. Han er ekstremt tydelig, b\u00e5de som leder og p\u00e5 hvordan han \u00f8nsker \u00e5 spille fotball. Han er sv\u00e6rt n\u00f8ye og jobber p\u00e5 detaljniv\u00e5. Vi tror han kan v\u00e6re med \u00e5 bygge den identiteten vi \u00f8nsker, sier sportssjefen.<\/p>\n<p>Knut R\u00f8nningene startet sesongen som hovedtrener i Odd, men m\u00e5tte forlate klubben tidlig i h\u00f8st. Han er en veldig energisk trener med stor innlevelse p\u00e5 feltet. Tidligere har han blant annet v\u00e6rt assistenttrener i Odd for flere ulike trenere.<\/p>\n<p>\u2013 Knut var et navn som kom opp tidlig i prosessen med Even. De har jobbet godt sammen p\u00e5 landslaget tidligere og utfyller hverandre p\u00e5 en bra m\u00e5te. Begge passer ogs\u00e5 bra sammen med Sander (H\u00e5skjold Nyland), Dag Tore (Bergerud) og John (Alvb\u00e5ge), som er her fra f\u00f8r. Det er unge trenere klubben kan vokse sammen med, sier han.<\/p>\n<p>Sportssjefen forteller at klubben jobber med \u00e5 styrke trenerteamet med ytterligere en person.<\/p>\n<p>Valgte Sarpsborg foran landslaget<\/p>\n<p>Even Sel kunne signere en ny tre\u00e5rskontrakt som landslagstrener, men lot seg friste av jobben i Sarpsborg 08.<\/p>\n<p>\u2013 Jeg har hatt mange gode samtaler med sportslig ledelse og styret, og f\u00e5tt et veldig godt inntrykk av folkene jeg skal jobbe med. Vi har snakket om hvordan jeg ser fotball, hvordan jeg jobber og hva som er min identitet, og jeg f\u00f8ler at dette er en god match, sier Sel.<\/p>\n<p>Og utdyper:<\/p>\n<p>\u2013 Jeg liker ogs\u00e5 mulighetene som ligger i Sarpsborg 08. Det er en spennende tropp med spillere under kontrakt, noe som gj\u00f8r det mulig \u00e5 bygge noe over tid med kontinuitet. Klubben \u00f8nsker \u00e5 ta steg, samtidig som man tenker utvikling, prestasjon og langsiktighet. Jeg ser for meg \u00e5 v\u00e6re her lenge og bygge noe sammen med klubben. Det trigger meg \u00e5 skape noe sammen med andre. Jeg f\u00f8ler ogs\u00e5 at vi har et veldig sterkt trenerteam, og det var viktig for meg. Dette er ikke et enmannsshow fra meg, men et teamarbeid, sier hovedtreneren.<\/p>\n<p>Ogs\u00e5 R\u00f8nningene ble fristet av muligheten til \u00e5 bli en del av trenerteamet til Sarpsborg 08.<\/p>\n<p>\u2013 Jeg opplevde en nedtur i Odd sist sesong, men jeg f\u00f8ler at jeg har klart \u00e5 bruke det til noe positivt. Det handler om \u00e5 skape en bra kultur sammen med bra folk, og jeg har samme inntrykk som Even om folkene i Sarpsborg 08. Jeg f\u00f8ler at klubben passer meg. Jeg kan identifisere meg med Sarpsborg 08 som er en arbeiderklubb, sier han.<\/p>\n<p>Og fortsetter:<\/p>\n<p>\u2013 Jeg vet ogs\u00e5 at jeg har samarbeidet godt med Even fra f\u00f8r. Vi er forskjellige p\u00e5 noen m\u00e5ter, men vi deler den samme grunnpakken med verdier i b\u00e5nn. Det er helt n\u00f8dvendig n\u00e5r vi skal tilbringe mye tid sammen og ha det g\u00f8y samtidig som vi jobber hardt, sier R\u00f8nningene.<\/p>\n<p>Framoverrettet fotball<\/p>\n<p>Even Sel skal jobbe hardt for at supporterne f\u00e5r mange gode \u00f8yeblikk p\u00e5 stadion i \u00e5rene framover.<\/p>\n<p>\u2013 Vi \u00f8nsker f\u00f8rst og fremst \u00e5 spille en framoverrettet fotball. Kontringsspillet har v\u00e6rt veldig bra denne sesongen, og det skal vi dyrke videre. Vi skal v\u00e6re gode til \u00e5 straffe motstanderlaget n\u00e5r de er i ubalanse. Samtidig skal vi ha lengre angrep n\u00e5r det er riktig. Variasjonen med raske kontringer og lange angrep skal bli bedre. Vi skal ogs\u00e5 ha et eget grunnspill med nok verkt\u00f8y i verkt\u00f8ykassen til \u00e5 bryte ned lag som ligger lavere i banen, sier Sel.<\/p>\n<p>Laget har sluppet inn altfor mange m\u00e5l de siste \u00e5rene. Sist sesong ble det 50 baklengsm\u00e5l p\u00e5 30 kamper.<\/p>\n<p>\u2013 Defensivt er n\u00f8kkelordene avstand og intensitet. Vi skal ha gode avstander i laget, h\u00f8y intensitet n\u00e5r vi forsvarer oss og hele laget m\u00e5 v\u00e6re gode p\u00e5 felles forflytting. I tillegg er vi veldig opptatt av hardt arbeid. Alle m\u00e5 bidra med duellkraft, l\u00f8pskraft, energi, intensitet, returl\u00f8p og v\u00e6re gode i gjenvinningsspillet. Jeg \u00f8nsker at vi skal se et lag p\u00e5 stadion som virkelig tr\u00f8kker til i duellspillet, sier Sel.<\/p>\n<p>   <img decoding=\"async\" width=\"8000\" height=\"5336\" fetchpriority=\"low\"  loading=\"lazy\"  src=\"https:\/\/www.europesays.com\/no\/wp-content\/uploads\/2025\/12\/0172JMA_211225Trenere_www.impulsmedia.no_lr.jpg\" alt=\"\" class=\"brick-c-cFOWSL\" style=\"--brick-image-ratio: 8000 \/ 5336;\"\/><\/p>\n<p>      Sarpsborg 08s nye hovedtrener Even Sel \u00f8nsker \u00e5 spille en fremoverrettet og offensiv fotball.<br \/>\n      Foto: Jesper Malthus-Andersen\n    <\/p>\n<p>Formasjonen er ikke fastl\u00e5st.<\/p>\n<p>\u2013 Vi skal i utgangspunktet ha en formasjon med fire spillere bakerst. Vi skal bygge et lag med en tydelig identitet p\u00e5 hva som skal kjennetegne oss. Om vi skal presse i 4-4-2 eller 4-3-3 f\u00e5r vi se n\u00e6rmere p\u00e5. Det viktige er prinsippene p\u00e5 m\u00e5ten vi \u00f8nsker \u00e5 framst\u00e5. Offensivt blir det trolig en 4-3-3-formasjon, men vi skal v\u00e6re dynamiske. M\u00e5let v\u00e5rt er \u00e5 sette spillere i posisjoner der de f\u00e5r brukt sine sterke sider, sier hovedtreneren.<\/p>\n<p>Spennende spillertropp<\/p>\n<p>Sarpsborg 08 har kontrakt med alle sine viktigste spillere ogs\u00e5 neste sesong.<\/p>\n<p>\u2013 Jeg synes det er mye kvalitet i troppen. Vi har mye \u00e5 bygge videre p\u00e5 og det er mange unge spillere med potensial til \u00e5 ta nye steg. Dette kommer vi til \u00e5 ha stort fokus p\u00e5 med individuell oppf\u00f8lging. Vi skal legge til rette for at det skal v\u00e6re et godt utviklingsmilj\u00f8 og at alle kan ta nye steg i Sarpsborg 08. Hvis enkeltspillere blir bedre, blir ogs\u00e5 laget bedre, p\u00e5peker Sel.<\/p>\n<p>Han er sv\u00e6rt opptatt av en god treningshverdag.<\/p>\n<p>\u2013 Vi m\u00e5 g\u00e5 p\u00e5 trening for \u00e5 bli litt bedre hver dag og vi har en m\u00e5lsetting om \u00e5 f\u00e5 en r\u00e5 treningskultur med h\u00f8y standard. Alle m\u00e5 dra hardt i den samme enden av tauet, b\u00e5de trenerteamet, spillerne og ledelsen. Vi m\u00e5 v\u00e6re en enhet som jobber sammen med et felles m\u00e5l, og det har jeg stor tro p\u00e5. Vi gleder oss til 7. januar n\u00e5r spillerne kommer tilbake. Den dagen kan ikke komme fort nok, sier Sel.<\/p>\n<p>   <img decoding=\"async\" width=\"7287\" height=\"4860\" fetchpriority=\"low\"  loading=\"lazy\"  src=\"https:\/\/www.europesays.com\/no\/wp-content\/uploads\/2025\/12\/0113JMA_211225Trenere_www.impulsmedia.no_lr.jpg\" alt=\"\" class=\"brick-c-cFOWSL\" style=\"--brick-image-ratio: 7287 \/ 4860;\"\/><\/p>\n<p>      Tidligere Odd-trener Knut R\u00f8nningene blir en viktig del av det nye trenerteamet til Sarpsborg 08.<br \/>\n      Foto: Jesper Malthus-Andersen\n    <\/p>\n<p>Hovedtreneren frykter ikke at de har for ungt trenerteam.<\/p>\n<p>\u2013 Det er mye positivt med det. Vi er sultne, ambisi\u00f8se, framoverlente, hardtarbeidende og brenner virkelig for dette. Vi tenker likt p\u00e5 mange m\u00e5ter med prosesser, metodikk og lignende, og det er noe med at like barn leker best. Jeg tror vi har et godt sammensatt team og vi utfyller hverandre p\u00e5 en god m\u00e5te. Sander (Nyland) og Knut (R\u00f8nningene) kommer til \u00e5 f\u00e5 mye ansvar, sier Sel.<\/p>\n<p>\u2013 Jeg tror det viktigste er at man har et team som fungerer godt sammen. At man f\u00e5r den rette kraften i den jobben som gj\u00f8res, der man kan le sammen, v\u00e6re litt forbannet p\u00e5 hverandre og ha en bra dynamikk. Jeg synes vi begynner \u00e5 f\u00e5 mye erfaring selv om vi ikke er s\u00e5 gamle. Vi har allerede v\u00e6rt mange \u00e5r i toppfotballen, i forskjellige milj\u00f8er i ulike deler av landet. Sander har v\u00e6rt med p\u00e5 mye og John har masse erfaring fra Sverige. Vi har holdt p\u00e5 i mange \u00e5r alle sammen, sier R\u00f8nningene.<\/p>\n<p>Opptatt av identitet<\/p>\n<p>Styreleder Hans Petter Arnesen har stor tro p\u00e5 det nye trenerteamet.<\/p>\n<p>\u2013 Dette har v\u00e6rt en lang prosess, der styret har v\u00e6rt involvert med sport. Vi har sett p\u00e5 forskjellige veier \u00e5 g\u00e5 videre, og n\u00e5r sport bestemte seg for \u00e5 satse p\u00e5 den ungdommelige framtidsveien var det en retning ogs\u00e5 styret synes er veldig spennende. Vi har f\u00e5tt en hovedtrener og et team vi har stor tro p\u00e5 vil bygge klubben for framtiden. Vi tror ogs\u00e5 dette er i tr\u00e5d med spillernes \u00f8nsker om et trenerteam. Supporterne v\u00e5re vil se at trenerne v\u00e5re er opptatt av en tydelig identitet, sier Arnesen.<\/p>\n<p>    Vil du se neste video?<\/p>\n<p>    <a href=\"https:\/\/www.sa.no\/her-skal-gang-og-sykkelveien-ga\/v\/5-46-1899670\" class=\"recommend-poster\" data-adp-clicklabel=\"video-recommend\" data-adp-clickvalue=\"poster\" rel=\"nofollow noopener\" target=\"_blank\"><br \/>\n      <img decoding=\"async\" width=\"200\" height=\"200\" loading=\"lazy\" src=\"https:\/\/www.europesays.com\/no\/wp-content\/uploads\/2025\/10\/v-i-a7d4c72d-1b28-41c9-9198-132da523ce09-1.jpg\" alt=\"\" class=\"brick-c-cFOWSL\" style=\"--brick-image-ratio: 200 \/ 200;\"\/><\/p>\n<p>Her skal gang- og sykkelveien g\u00e50:41<\/p>\n<p>    <\/a><\/p>\n<p>  <a href=\"https:\/\/www.sa.no\/5-46-1933289\" class=\"related-teaser has-image default-story-teaser article--c-eRUmMG article--c-eRUmMG-jKCPdD-design-default\" rel=\"nofollow noopener\" target=\"_blank\"><\/p>\n<p>    <img decoding=\"async\" loading=\"lazy\"  src=\"https:\/\/www.europesays.com\/no\/wp-content\/uploads\/2025\/12\/trener.jpg\" alt=\"\" class=\"brick-c-cFOWSL\" style=\"\"\/><\/p>\n<p>\n            Les ogs\u00e5<\/p>\n<p>              Disse to blir trolig Sarpsborg 08s trenere\n        <\/p>\n<p>  <\/a><\/p>\n<p>  <a href=\"https:\/\/www.sa.no\/5-46-1932653\" class=\"related-teaser has-image default-story-teaser article--c-eRUmMG article--c-eRUmMG-jKCPdD-design-default\" rel=\"nofollow noopener\" target=\"_blank\"><\/p>\n<p>    <img decoding=\"async\" loading=\"lazy\"  src=\"https:\/\/www.europesays.com\/no\/wp-content\/uploads\/2025\/12\/1766400315_473_cueres_scp-mangler_navn_pz9cpv8dux8.jpg\" alt=\"\" class=\"brick-c-cFOWSL\" style=\"\"\/><\/p>\n<p>\n            Les ogs\u00e5<\/p>\n<p>              Millionbud p\u00e5 Karlsbakk: \u2013 Avvist kontant\n        <\/p>\n<p>  <\/a><\/p>\n","protected":false},"excerpt":{"rendered":"Sarpsborg 08 har jobbet intensivt med treneransettelsen de siste ukene. \u2013 Vi har hatt tre ulike spor vi&hellip;\n","protected":false},"author":2,"featured_media":119453,"comment_status":"","ping_status":"","sticky":false,"template":"","format":"standard","meta":{"footnotes":""},"categories":[5],"tags":[36,20,21,14284,24,25,92,594,15,19,14285,22,23,17,18,13,30,28,29,14,16,133,83,1510,26,27],"class_list":{"0":"post-119452","1":"post","2":"type-post","3":"status-publish","4":"format-standard","5":"has-post-thumbnail","7":"category-overskrifter","8":"tag-art","9":"tag-breaking-news","10":"tag-breakingnews","11":"tag-even-sel","12":"tag-featured-news","13":"tag-featurednews","14":"tag-fotball","15":"tag-hampus-andersson","16":"tag-headlines","17":"tag-hovedoppslag","18":"tag-knut-ronningene","19":"tag-latest-news","20":"tag-latestnews","21":"tag-main-news","22":"tag-mainnews","23":"tag-news","24":"tag-no","25":"tag-norge","26":"tag-norway","27":"tag-nyheter","28":"tag-overskrifter","29":"tag-sarpsborg-08","30":"tag-sport","31":"tag-story","32":"tag-top-stories","33":"tag-topstories"},"share_on_mastodon":{"url":"https:\/\/pubeurope.com\/@no\/115762818343755603","error":""},"_links":{"self":[{"href":"https:\/\/www.europesays.com\/no\/wp-json\/wp\/v2\/posts\/119452","targetHints":{"allow":["GET"]}}],"collection":[{"href":"https:\/\/www.europesays.com\/no\/wp-json\/wp\/v2\/posts"}],"about":[{"href":"https:\/\/www.europesays.com\/no\/wp-json\/wp\/v2\/types\/post"}],"author":[{"embeddable":true,"href":"https:\/\/www.europesays.com\/no\/wp-json\/wp\/v2\/users\/2"}],"replies":[{"embeddable":true,"href":"https:\/\/www.europesays.com\/no\/wp-json\/wp\/v2\/comments?post=119452"}],"version-history":[{"count":0,"href":"https:\/\/www.europesays.com\/no\/wp-json\/wp\/v2\/posts\/119452\/revisions"}],"wp:featuredmedia":[{"embeddable":true,"href":"https:\/\/www.europesays.com\/no\/wp-json\/wp\/v2\/media\/119453"}],"wp:attachment":[{"href":"https:\/\/www.europesays.com\/no\/wp-json\/wp\/v2\/media?parent=119452"}],"wp:term":[{"taxonomy":"category","embeddable":true,"href":"https:\/\/www.europesays.com\/no\/wp-json\/wp\/v2\/categories?post=119452"},{"taxonomy":"post_tag","embeddable":true,"href":"https:\/\/www.europesays.com\/no\/wp-json\/wp\/v2\/tags?post=119452"}],"curies":[{"name":"wp","href":"https:\/\/api.w.org\/{rel}","templated":true}]}}