{"id":119457,"date":"2025-12-22T10:50:10","date_gmt":"2025-12-22T10:50:10","guid":{"rendered":"https:\/\/www.europesays.com\/no\/119457\/"},"modified":"2025-12-22T10:50:10","modified_gmt":"2025-12-22T10:50:10","slug":"thailand-sier-at-usa-presset-fram-avtale-for-tidlig-kina-inn-som-megler","status":"publish","type":"post","link":"https:\/\/www.europesays.com\/no\/119457\/","title":{"rendered":"Thailand sier at USA presset fram avtale for tidlig \u2013 Kina inn som megler"},"content":{"rendered":"\n<p class=\"_lead_o9xde_2 _lead_xtcu6_50 layout-component text-serif-m layout-normal text-serif-l layout-component layout-wide layout-padded _wide_17hqh_1 layout-padded\">Kina oppgir at landet er i gang med \u00e5 megle mellom Thailand og Kambodsja \u2013 en konflikt som Donald Trump tidligere har hevdet \u00e5 ha l\u00f8st.<\/p>\n<p><img alt=\"Thailands utenriksminister Sihasak Phuangketkeow under mandagens pressekonferanse i Malaysias hovedstad Kuala Lumpur.  Foto: Azneal Ishak \/ AP \/ NTB\" class=\"_image_qp4xg_65 layout-component layout-wide\" data-fullscreen- data-track-element-type=\"Article image fullscreen\" data-track-name=\"ImageFullscreen\" fetchpriority=\"high\" decoding=\"sync\" loading=\"eager\" height=\"1451\" itemprop=\"image\"  src=\"https:\/\/www.europesays.com\/no\/wp-content\/uploads\/2025\/12\/ca4602c8-2379-4725-b26c-b4c2a7d9d44a\"  style=\"object-position:0% 0%\" width=\"2176\"\/>Thailands utenriksminister Sihasak Phuangketkeow under mandagens pressekonferanse i Malaysias hovedstad Kuala Lumpur.  Foto: Azneal Ishak \/ AP \/ NTB<\/p>\n<ul aria-hidden=\"true\" class=\"_images_ntbth_112\">\n<li><a class=\"_link_ntbth_117\" href=\"https:\/\/www.vg.no\/forfatter\/ntb\" style=\"z-index:1\" title=\"NTB\" rel=\"nofollow noopener\" target=\"_blank\"><img alt=\"Bilde av NTB\" class=\"_image_ntbth_93\" fetchpriority=\"low\" loading=\"lazy\" decoding=\"async\" itemprop=\"image\"  src=\"https:\/\/www.europesays.com\/no\/wp-content\/uploads\/2025\/12\/1766400610_409_c33980b0-5d07-4027-84a1-813f90a7c8d6\"  width=\"480\"\/><\/a><\/li>\n<\/ul>\n<p> Oppdatert mandag 22. desember kl. 11:12     <\/p>\n<p class=\"_paragraph_o9xde_4 _paragraph_xtcu6_10 layout-component text-serif-m layout-normal text-serif-m layout-padded\">Samtidig sier Thailands utenriksminister at den tidligere inng\u00e5tte v\u00e5penhvileavtalen med Kambodsja var forhastet.<\/p>\n<p class=\"_paragraph_o9xde_4 _paragraph_xtcu6_10 layout-component text-serif-m layout-normal text-serif-m layout-padded\">\u2013 Jeg har bemerket at vi noen ganger hadde det travelt med \u00e5 f\u00e5 p\u00e5 plass erkl\u00e6ringen \u2013 fordi USA \u00f8nsket at erkl\u00e6ringen skulle v\u00e6re signert i tide til president Trumps bes\u00f8k, uttalte Sihasak Phuangketkeow til journalister i Malaysias hovedstad mandag. <\/p>\n<p class=\"_paragraph_o9xde_4 _paragraph_xtcu6_10 layout-component text-serif-m layout-normal text-serif-m layout-padded\">Han understreker ogs\u00e5 at det noen ganger b\u00f8r brukes tid for at en avtale skal bli respektert.<\/p>\n<p class=\"_paragraph_o9xde_4 _paragraph_xtcu6_10 layout-component text-serif-m layout-normal text-serif-m layout-padded\">Avtalen holdt i en kort periode, men i desember gjenopptok b\u00e5de Thailand og Kambodsja angrepene i grenseomr\u00e5dene. <\/p>\n<p class=\"_paragraph_o9xde_4 _paragraph_xtcu6_10 layout-component text-serif-m layout-normal text-serif-m layout-padded\">Thailand har tidligere kritisert Trump for \u00e5 ha kommet med feilinformasjon. Det skjedde etter at USAs president ringte til lederne i begge land 12. desember for s\u00e5 \u00e5 erkl\u00e6re at de var enige om \u00e5 fortsette v\u00e5penhvilen. Det viste seg \u00e5 ikke stemme. <\/p>\n<p class=\"_paragraph_o9xde_4 _paragraph_xtcu6_10 layout-component text-serif-m layout-normal text-serif-m layout-padded\">I forrige uke sendte Kina en spesialutsending til Kambodsjas hovedstad Phnom Penh i et fors\u00f8k p\u00e5 \u00e5 f\u00e5 partene til \u00e5 trappe ned kampene. Mandag opplyser kinesisk UD at de vil komme med flere opplysninger om utsendingens arbeid n\u00e5r tiden er moden.<\/p>\n<p class=\"_paragraph_o9xde_4 _paragraph_xtcu6_10 layout-component text-serif-m layout-normal text-serif-m layout-padded\">Partene har n\u00e5 holdt krisesamtaler i Malaysia, som ogs\u00e5 deltok i meglingen av den f\u00f8rste v\u00e5penhvilen. Et nytt m\u00f8te er planlagt onsdag, p\u00e5 julaften, if\u00f8lge Thailands utenriksminister.<\/p>\n<p class=\"_paragraph_o9xde_4 _paragraph_xtcu6_10 layout-component text-serif-m layout-normal text-serif-m layout-padded\">\u2013 V\u00e5r holdning er at en v\u00e5penhvile ikke kommer som f\u00f8lge av en kunngj\u00f8ring, den m\u00e5 komme som f\u00f8lge av handlinger, sier han.<\/p>\n","protected":false},"excerpt":{"rendered":"Kina oppgir at landet er i gang med \u00e5 megle mellom Thailand og Kambodsja \u2013 en konflikt som&hellip;\n","protected":false},"author":2,"featured_media":119458,"comment_status":"","ping_status":"","sticky":false,"template":"","format":"standard","meta":{"footnotes":""},"categories":[12],"tags":[20,21,24,25,15,22,23,13,30,28,29,14,16,26,27,42,43,44,45],"class_list":{"0":"post-119457","1":"post","2":"type-post","3":"status-publish","4":"format-standard","5":"has-post-thumbnail","7":"category-verden","8":"tag-breaking-news","9":"tag-breakingnews","10":"tag-featured-news","11":"tag-featurednews","12":"tag-headlines","13":"tag-latest-news","14":"tag-latestnews","15":"tag-news","16":"tag-no","17":"tag-norge","18":"tag-norway","19":"tag-nyheter","20":"tag-overskrifter","21":"tag-top-stories","22":"tag-topstories","23":"tag-verden","24":"tag-world","25":"tag-world-news","26":"tag-worldnews"},"share_on_mastodon":{"url":"https:\/\/pubeurope.com\/@no\/115762838064684216","error":""},"_links":{"self":[{"href":"https:\/\/www.europesays.com\/no\/wp-json\/wp\/v2\/posts\/119457","targetHints":{"allow":["GET"]}}],"collection":[{"href":"https:\/\/www.europesays.com\/no\/wp-json\/wp\/v2\/posts"}],"about":[{"href":"https:\/\/www.europesays.com\/no\/wp-json\/wp\/v2\/types\/post"}],"author":[{"embeddable":true,"href":"https:\/\/www.europesays.com\/no\/wp-json\/wp\/v2\/users\/2"}],"replies":[{"embeddable":true,"href":"https:\/\/www.europesays.com\/no\/wp-json\/wp\/v2\/comments?post=119457"}],"version-history":[{"count":0,"href":"https:\/\/www.europesays.com\/no\/wp-json\/wp\/v2\/posts\/119457\/revisions"}],"wp:featuredmedia":[{"embeddable":true,"href":"https:\/\/www.europesays.com\/no\/wp-json\/wp\/v2\/media\/119458"}],"wp:attachment":[{"href":"https:\/\/www.europesays.com\/no\/wp-json\/wp\/v2\/media?parent=119457"}],"wp:term":[{"taxonomy":"category","embeddable":true,"href":"https:\/\/www.europesays.com\/no\/wp-json\/wp\/v2\/categories?post=119457"},{"taxonomy":"post_tag","embeddable":true,"href":"https:\/\/www.europesays.com\/no\/wp-json\/wp\/v2\/tags?post=119457"}],"curies":[{"name":"wp","href":"https:\/\/api.w.org\/{rel}","templated":true}]}}