{"id":119469,"date":"2025-12-22T11:08:11","date_gmt":"2025-12-22T11:08:11","guid":{"rendered":"https:\/\/www.europesays.com\/no\/119469\/"},"modified":"2025-12-22T11:08:11","modified_gmt":"2025-12-22T11:08:11","slug":"domt-for-narkofylt-lagerbod-i-oslo","status":"publish","type":"post","link":"https:\/\/www.europesays.com\/no\/119469\/","title":{"rendered":"D\u00f8mt for narkofylt lagerbod i Oslo"},"content":{"rendered":"\n<p class=\"_lead_o9xde_2 _lead_xtcu6_50 layout-component text-serif-m layout-normal text-serif-l layout-component layout-wide layout-padded _wide_17hqh_1 layout-padded\">En 28-\u00e5ring tilsto alt om narkolageret og anket den lange fengselsstraffen. N\u00e5 har han f\u00e5tt en slags julegave p\u00e5 forskudd.<\/p>\n<p><img alt=\"NARKO-JACKPOT: Inne i lagerboden p\u00e5 Ryen fant politiet store mengder amfetamin, MDMA, metamfetamin og hasj pakket i pappesker og sportsbager.  Foto: Politiet\" class=\"_image_qp4xg_65 layout-component layout-wide\" data-fullscreen- data-track-element-type=\"Article image fullscreen\" data-track-name=\"ImageFullscreen\" fetchpriority=\"high\" decoding=\"sync\" loading=\"eager\" height=\"1824\" itemprop=\"image\"  src=\"https:\/\/www.europesays.com\/no\/wp-content\/uploads\/2025\/12\/1c76b8ad-5276-4f90-b32b-39e6b757f0a4\"  style=\"object-position:0% 0%\" width=\"3242\"\/>NARKO-JACKPOT: Inne i lagerboden p\u00e5 Ryen fant politiet store mengder amfetamin, MDMA, metamfetamin og hasj pakket i pappesker og sportsbager.  Foto: Politiet<\/p>\n<ul aria-hidden=\"true\" class=\"_images_ntbth_112\">\n<li><a class=\"_link_ntbth_117\" href=\"https:\/\/www.vg.no\/forfatter\/bjoernar-tommelstad\" style=\"z-index:1\" title=\"Bj\u00f8rnar Tommelstad\" rel=\"nofollow noopener\" target=\"_blank\"><img alt=\"Bilde av Bj\u00f8rnar Tommelstad\" class=\"_image_ntbth_93\" fetchpriority=\"low\" loading=\"lazy\" decoding=\"async\" itemprop=\"image\"  src=\"https:\/\/www.europesays.com\/no\/wp-content\/uploads\/2025\/12\/1766401689_158_65e25d40-5526-4268-aa92-03b43c6c46bf\"  width=\"480\"\/><\/a><\/li>\n<\/ul>\n<p> Oppdatert mandag 22. desember kl. 11:38    <\/p>\n<ul class=\"_list_o9xde_3 _list_64s2r_85 _unordered_o9xde_106 text-sans-m\">\n<li class=\"_item_o9xde_30\">28-\u00e5ring d\u00f8mt for narkokriminalitet fikk redusert straff i lagmannsretten til 14 \u00e5r og 8 m\u00e5neder.<\/li>\n<li class=\"_item_o9xde_30\">Han hadde opprinnelig f\u00e5tt 17 \u00e5r i tingretten og statsadvokaten ville ha 19,5 \u00e5r.<\/li>\n<li class=\"_item_o9xde_30\">Politiet fant over 250 kg narkotika p\u00e5 et lager i Oslo.<\/li>\n<li class=\"_item_o9xde_30\">Forsvareren er forn\u00f8yd med dommen.<\/li>\n<\/ul>\n<p>Vis mer <\/p>\n<p class=\"_paragraph_o9xde_4 _paragraph_xtcu6_10 layout-component text-serif-m layout-normal text-serif-m layout-padded\">For i ankesaken i Borgarting lagmannsrett ble straffen kuttet til 14 \u00e5r og 8 m\u00e5neder \u2013 over to \u00e5r mindre enn i tingretten og mye lavere p\u00e5talemyndighetens p\u00e5stand. <\/p>\n<p class=\"_paragraph_o9xde_4 _paragraph_xtcu6_10 layout-component text-serif-m layout-normal text-serif-m layout-padded\"><strong class=\"_strong_o9xde_25\">\u2013 Vi er tilfredse med at lagmannsretten har foretatt den korrigeringen som n\u00e5 er gjort, sier forsvarer Fisnik Baki til VG.<\/strong><\/p>\n<p><img decoding=\"async\" alt=\"Bilde av Fisnik Baki\" class=\"_image_ygndg_42\" height=\"27\" itemprop=\"image\" loading=\"lazy\"  src=\"https:\/\/www.europesays.com\/no\/wp-content\/uploads\/2025\/12\/c5f14c06-5da8-47b5-986d-4ec5d766ee8b\"  width=\"40\"\/><strong class=\"_name_ygndg_51 title-serif-xs\">Fisnik Baki<\/strong><\/p>\n<p class=\"_paragraph_o9xde_4 text-sans-m _description_ygndg_56\">Forsvarer<\/p>\n<p class=\"_paragraph_o9xde_4 _paragraph_xtcu6_10 layout-component text-serif-m layout-normal text-serif-m layout-padded\">Den 28 \u00e5r gamle mannen fra Latvia er d\u00f8mt for organisert narkokriminalitet.<\/p>\n<p class=\"_paragraph_o9xde_4 _paragraph_xtcu6_10 layout-component text-serif-m layout-normal text-serif-m layout-padded\">I desember 2023 <a href=\"https:\/\/www.vg.no\/nyheter\/i\/pPaQGV\/narko-jackpot-for-politiet-i-lagerbod-i-oslo\" data-track-element-type=\"Link\" data-track-id=\"link:pPaQGV\" class=\"_link_o9xde_39\" rel=\"nofollow noopener\" target=\"_blank\">slo politiet til mot et lageranlegg p\u00e5 Ryen i Oslo<\/a>. <\/p>\n<p class=\"_paragraph_o9xde_4 _paragraph_xtcu6_10 layout-component text-serif-m layout-normal text-serif-m layout-padded\">I en bod fant politiet narkotika med en samlet vekt p\u00e5 over 250 kilo, fordelt p\u00e5 flere typer.<\/p>\n<p class=\"_paragraph_o9xde_4 _paragraph_xtcu6_10 layout-component text-serif-m layout-normal text-serif-m layout-padded\">Dette ble beslaglagt i lagerboden:<\/p>\n<ul class=\"_list_o9xde_3 _list_xtcu6_9 _unordered_o9xde_106 layout-component text-serif-m layout-normal text-serif-m layout-padded\">\n<li class=\"_item_o9xde_30\">213,6 kg amfetamin<\/li>\n<li class=\"_item_o9xde_30\">12,9 kg krystallisert metamfetamin (ice)<\/li>\n<li class=\"_item_o9xde_30\">9,46 kg MDMA<\/li>\n<li class=\"_item_o9xde_30\">13,7 kg hasj<\/li>\n<li class=\"_item_o9xde_30\">983 gram kokain<\/li>\n<\/ul>\n<p class=\"_paragraph_o9xde_4 _paragraph_xtcu6_10 layout-component text-serif-m layout-normal text-serif-m layout-padded\">I tillegg ble det funnet betydelige mengder narkotika i en n\u00e6rliggende leilighet og i to parkerte biler i Oslo. <\/p>\n<p class=\"_paragraph_o9xde_4 _paragraph_xtcu6_10 layout-component text-serif-m layout-normal text-serif-m layout-padded\">Totalt oversteg beslagene 270 kilo, med en verdi p\u00e5 flere millioner kroner.<\/p>\n<p>Tilsto alt \u2013 fikk strafferabatt<\/p>\n<p class=\"_paragraph_o9xde_4 _paragraph_xtcu6_10 layout-component text-serif-m layout-normal text-serif-m layout-padded\">Tidligere i \u00e5r ble 28-\u00e5ringen d\u00f8mt til 17 \u00e5rs fengsel i Oslo tingrett. <\/p>\n<p class=\"_paragraph_o9xde_4 _paragraph_xtcu6_10 layout-component text-serif-m layout-normal text-serif-m layout-padded\">Det mente han var for strengt, og anket straffeutm\u00e5lingen til lagmannsretten.<\/p>\n<p class=\"_paragraph_o9xde_4 _paragraph_xtcu6_10 layout-component text-serif-m layout-normal text-serif-m layout-padded\">Der ville statsadvokaten skjerpe straffen til 19 \u00e5r og 6 m\u00e5neder. <\/p>\n<p class=\"_paragraph_o9xde_4 _paragraph_xtcu6_10 layout-component text-serif-m layout-normal text-serif-m layout-padded\">Men det sa lagmannsretten nei til.<\/p>\n<p class=\"_paragraph_o9xde_4 _paragraph_xtcu6_10 layout-component text-serif-m layout-normal text-serif-m layout-padded\"><strong class=\"_strong_o9xde_25\">Slik forklarer retten det:<\/strong><\/p>\n<p class=\"_paragraph_o9xde_4 _paragraph_xtcu6_10 layout-component text-serif-m layout-normal text-serif-m layout-padded\">\u00abSom det fremg\u00e5r ovenfor, kvalifiserer oppbevaringen av nesten 215 kilo amfetamin alene til lengstestraffen p\u00e5 15 \u00e5r. Oppbevaringen av de andre narkotiske stoffene medf\u00f8rer derfor ikke noe p\u00e5slag i straffen\u00bb, st\u00e5r det i dommen.<\/p>\n<p class=\"_paragraph_o9xde_4 _paragraph_xtcu6_10 layout-component text-serif-m layout-normal text-serif-m layout-padded\">I tillegg fikk 28-\u00e5ringen 1 \u00e5r og 6 m\u00e5neder ekstra fordi han var del av en organisert kriminell gruppe. <\/p>\n<p class=\"_paragraph_o9xde_4 _paragraph_xtcu6_10 layout-component text-serif-m layout-normal text-serif-m layout-padded\">Men s\u00e5 fikk han 10 prosent strafferabatt fordi han tilsto alt.<\/p>\n<p class=\"_paragraph_o9xde_4 _paragraph_xtcu6_10 layout-component text-serif-m layout-normal text-serif-m layout-padded\">Dermed ble fengselsstraffen 14 \u00e5r og 8 m\u00e5neder.<\/p>\n<p class=\"_paragraph_o9xde_4 _paragraph_xtcu6_10 layout-component text-serif-m layout-normal text-serif-m layout-padded\"><strong class=\"_strong_o9xde_25\">\u2013 Dommen er grundig, balansert og sv\u00e6rt godt begrunnet juridisk. Den gir en klar og ryddig avklaring av de rettslige sp\u00f8rsm\u00e5lene i saken, sier forsvareren. <\/strong><\/p>\n<p><img alt=\"KONTANTER: I en leilighet tilknyttet 28-\u00e5ringen ble det gjort ytterligere beslag av b\u00e5de penger og narkotika.   Foto: Politiet\" class=\"_image_qp4xg_65 layout-component layout-normal\" data-fullscreen- data-track-element-type=\"Article image fullscreen\" data-track-name=\"ImageFullscreen\" decoding=\"async\" loading=\"lazy\" height=\"924\" itemprop=\"image\"  src=\"https:\/\/www.europesays.com\/no\/wp-content\/uploads\/2025\/12\/d425cb90-ce13-4f34-9d56-71deb0b39572\"  style=\"object-position:0% 0%\" width=\"1386\"\/>KONTANTER: I en leilighet tilknyttet 28-\u00e5ringen ble det gjort ytterligere beslag av b\u00e5de penger og narkotika.   Foto: Politiet\u00abProfesjonelt organisert nettverk\u00bb<\/p>\n<p class=\"_paragraph_o9xde_4 _paragraph_xtcu6_10 layout-component text-serif-m layout-normal text-serif-m layout-padded\">If\u00f8lge dommen hadde 28-\u00e5ringen en underordnet, men samtidig sentral rolle i nettverket. <\/p>\n<p class=\"_paragraph_o9xde_4 _paragraph_xtcu6_10 layout-component text-serif-m layout-normal text-serif-m layout-padded\">\u00abDet er ikke noen rimelig tvil om at NN har v\u00e6rt en del av et profesjonelt organisert nettverk som har drevet med distribusjon og omsetning av narkotika i sv\u00e6rt stort omfang\u00bb, st\u00e5r det.<\/p>\n<p class=\"_paragraph_o9xde_4 _paragraph_xtcu6_10 layout-component text-serif-m layout-normal text-serif-m layout-padded\">Fra f\u00f8r er en britisk statsborger (29) d\u00f8mt til 16 \u00e5rs fengsel i Oslo tingrett. <\/p>\n<p class=\"_paragraph_o9xde_4 _paragraph_xtcu6_10 layout-component text-serif-m layout-normal text-serif-m layout-padded\">Ytterligere to menn skal v\u00e6re siktet i saken, if\u00f8lge politiet. <\/p>\n<p class=\"_paragraph_o9xde_4 _paragraph_xtcu6_10 layout-component text-serif-m layout-normal text-serif-m layout-padded\">If\u00f8lge VGs opplysninger dreier det seg om to familiefedre i 40- og 50-\u00e5rene fra Romerike.<\/p>\n<p>    <img decoding=\"async\" alt=\"Tips oss illustrasjon\" src=\"https:\/\/www.europesays.com\/no\/wp-content\/uploads\/2025\/10\/pssst-small.webp.webp\"\/>    <\/p>\n<p class=\"title-serif-s\">Har du tips?<\/p>\n<p class=\"text-sans-m\">Send oss informasjon, bilder eller video.<\/p>\n<p>  <a href=\"https:\/\/www.vg.no\/tips-oss\" rel=\"nofollow noopener\" target=\"_blank\"> Tips oss <\/a>      <\/p>\n","protected":false},"excerpt":{"rendered":"En 28-\u00e5ring tilsto alt om narkolageret og anket den lange fengselsstraffen. N\u00e5 har han f\u00e5tt en slags julegave&hellip;\n","protected":false},"author":2,"featured_media":119470,"comment_status":"","ping_status":"","sticky":false,"template":"","format":"standard","meta":{"footnotes":""},"categories":[10],"tags":[10540,20,21,24,25,15,148,22,23,212,13,30,28,29,14,16,26,27],"class_list":{"0":"post-119469","1":"post","2":"type-post","3":"status-publish","4":"format-standard","5":"has-post-thumbnail","7":"category-norge","8":"tag-amfetamin","9":"tag-breaking-news","10":"tag-breakingnews","11":"tag-featured-news","12":"tag-featurednews","13":"tag-headlines","14":"tag-kriminalitet","15":"tag-latest-news","16":"tag-latestnews","17":"tag-narkotika","18":"tag-news","19":"tag-no","20":"tag-norge","21":"tag-norway","22":"tag-nyheter","23":"tag-overskrifter","24":"tag-top-stories","25":"tag-topstories"},"share_on_mastodon":{"url":"https:\/\/pubeurope.com\/@no\/115762908934031722","error":""},"_links":{"self":[{"href":"https:\/\/www.europesays.com\/no\/wp-json\/wp\/v2\/posts\/119469","targetHints":{"allow":["GET"]}}],"collection":[{"href":"https:\/\/www.europesays.com\/no\/wp-json\/wp\/v2\/posts"}],"about":[{"href":"https:\/\/www.europesays.com\/no\/wp-json\/wp\/v2\/types\/post"}],"author":[{"embeddable":true,"href":"https:\/\/www.europesays.com\/no\/wp-json\/wp\/v2\/users\/2"}],"replies":[{"embeddable":true,"href":"https:\/\/www.europesays.com\/no\/wp-json\/wp\/v2\/comments?post=119469"}],"version-history":[{"count":0,"href":"https:\/\/www.europesays.com\/no\/wp-json\/wp\/v2\/posts\/119469\/revisions"}],"wp:featuredmedia":[{"embeddable":true,"href":"https:\/\/www.europesays.com\/no\/wp-json\/wp\/v2\/media\/119470"}],"wp:attachment":[{"href":"https:\/\/www.europesays.com\/no\/wp-json\/wp\/v2\/media?parent=119469"}],"wp:term":[{"taxonomy":"category","embeddable":true,"href":"https:\/\/www.europesays.com\/no\/wp-json\/wp\/v2\/categories?post=119469"},{"taxonomy":"post_tag","embeddable":true,"href":"https:\/\/www.europesays.com\/no\/wp-json\/wp\/v2\/tags?post=119469"}],"curies":[{"name":"wp","href":"https:\/\/api.w.org\/{rel}","templated":true}]}}