{"id":119479,"date":"2025-12-22T11:22:21","date_gmt":"2025-12-22T11:22:21","guid":{"rendered":"https:\/\/www.europesays.com\/no\/119479\/"},"modified":"2025-12-22T11:22:21","modified_gmt":"2025-12-22T11:22:21","slug":"tove-moe-dyrhaug-tar-ikke-gjenvalg-som-skipresident","status":"publish","type":"post","link":"https:\/\/www.europesays.com\/no\/119479\/","title":{"rendered":"Tove Moe Dyrhaug tar ikke gjenvalg som skipresident"},"content":{"rendered":"\n<p class=\"_lead_o9xde_2 _lead_xtcu6_50 layout-component text-serif-m layout-normal text-serif-l layout-component layout-wide layout-padded _wide_17hqh_1 layout-padded\">Norges f\u00f8rste kvinnelige skipresident vil ikke fortsette inn i en ny fire\u00e5rsperiode \u2013 og g\u00e5r i stedet inn i en helt ny jobb fra sommeren 2026.<\/p>\n<p><img alt=\"Skipresident Tove Moe Dyrhaug (h\u00f8yre), her sammen med Kong Harald og Dronning Sonja underveis i en av konkurransene under ski-VM i Trondheim 2025. Foto: Ole Martin Wold \/ NTB\" class=\"_image_qp4xg_65 layout-component layout-wide\" data-fullscreen- data-track-element-type=\"Article image fullscreen\" data-track-name=\"ImageFullscreen\" fetchpriority=\"high\" decoding=\"sync\" loading=\"eager\" height=\"1759\" itemprop=\"image\"  src=\"https:\/\/www.europesays.com\/no\/wp-content\/uploads\/2025\/12\/68ba9e51-72ed-4e47-9c7c-58887ea17c00\"  style=\"object-position:0% 0%\" width=\"2639\"\/>Skipresident Tove Moe Dyrhaug (h\u00f8yre), her sammen med Kong Harald og Dronning Sonja underveis i en av konkurransene under ski-VM i Trondheim 2025. Foto: Ole Martin Wold \/ NTB<\/p>\n<ul aria-hidden=\"true\" class=\"_images_ntbth_112\">\n<li><a class=\"_link_ntbth_117\" href=\"https:\/\/www.vg.no\/forfatter\/mikal-aaserud\" style=\"z-index:1\" title=\"Mikal Emil Aaserud\" rel=\"nofollow noopener\" target=\"_blank\"><img alt=\"Bilde av Mikal Emil Aaserud\" class=\"_image_ntbth_93\" fetchpriority=\"low\" loading=\"lazy\" decoding=\"async\" itemprop=\"image\"  src=\"https:\/\/www.europesays.com\/no\/wp-content\/uploads\/2025\/12\/1766402536_511_1f4bb18c-b7b1-46ba-9b49-79ae6afd7bbd\"  width=\"480\"\/><\/a><\/li>\n<\/ul>\n<p> Oppdatert mandag 22. desember kl. 11:32    <\/p>\n<ul class=\"_list_o9xde_3 _list_64s2r_85 _unordered_o9xde_106 text-sans-m\">\n<li class=\"_item_o9xde_30\">Tove Moe Dyrhaug avslutter sin periode som skipresident sommeren 2026 etter 14 \u00e5r i ski-Norge.<\/li>\n<li class=\"_item_o9xde_30\">Hun fortsetter som daglig leder for organisasjonen \u00abTrondheim 2030\u00bb.<\/li>\n<li class=\"_item_o9xde_30\">Dyrhaug trekker frem flere positive endringer og utfordringer som ble h\u00e5ndtert under hennes ledelse.<\/li>\n<\/ul>\n<p>Vis mer <\/p>\n<p class=\"_paragraph_o9xde_4 _paragraph_xtcu6_10 layout-component text-serif-m layout-normal text-serif-m layout-padded\">Det forteller <a href=\"https:\/\/www.vg.no\/tag\/tove-moe-dyrhaug?utm_source=vg-article&amp;utm_medium=auto-tagger&amp;utm_campaign=Okp8Rb\" class=\"_link_o9xde_39\" rel=\"nofollow noopener\" target=\"_blank\">Tove Moe Dyrhaug<\/a> til VG.<\/p>\n<p class=\"_paragraph_o9xde_4 _paragraph_xtcu6_10 layout-component text-serif-m layout-normal text-serif-m layout-padded\">Men hvorfor?<\/p>\n<p class=\"_paragraph_o9xde_4 _paragraph_xtcu6_10 layout-component text-serif-m layout-normal text-serif-m layout-padded\">\u2013 Jeg har f\u00e5tt tilbakemeldinger fra arrang\u00f8rer, ansatte og tillitsvalgte om at jeg er \u00f8nsket videre. Men n\u00e5 har jeg takket ja til en ny spennende jobb, samtidig f\u00f8ler jeg at jeg gir meg p\u00e5 et punkt der Norges Skiforbund er p\u00e5 et bra sted, sier Dyrhaug til VG.<\/p>\n<p class=\"_paragraph_o9xde_4 _paragraph_xtcu6_10 layout-component text-serif-m layout-normal text-serif-m layout-padded\">En juni-dag i 2022 ble 60-\u00e5ringen historisk, da hun med stor margin ble valgt til den f\u00f8rste kvinnelige presidenten i Norges Skiforbund.<\/p>\n<p class=\"_paragraph_o9xde_4 _paragraph_xtcu6_10 layout-component text-serif-m layout-normal text-serif-m layout-padded\">Mantraet hennes <a href=\"https:\/\/www.vg.no\/sport\/i\/k6nEb9\/presidenten-og-eksperten-er-mor-og-soenn-mulig-jeg-bruker-slakterkniven-mer-enn-foer\" data-track-element-type=\"Link\" data-track-id=\"link:k6nEb9\" class=\"_link_o9xde_39\" rel=\"nofollow noopener\" target=\"_blank\">var at forbundet \u00abm\u00e5tte bygge lag og dra i samme retning\u00bb<\/a>.<\/p>\n<p><img alt=\"NYVALGT PRESIDENT: Tove Moe Dyrhaug, her fra scenen p\u00e5 et hotell i Molde, der hun i 2022 ble valgt som ny \u00f8verste leder i norsk skisport.  Foto: NTB\" class=\"_image_qp4xg_65 layout-component layout-normal\" data-fullscreen- data-track-element-type=\"Article image fullscreen\" data-track-name=\"ImageFullscreen\" decoding=\"async\" loading=\"lazy\" height=\"3199\" itemprop=\"image\"  src=\"https:\/\/www.europesays.com\/no\/wp-content\/uploads\/2025\/12\/8d2d57f8-cd19-4632-bc82-3a32874a1421\"  style=\"object-position:0% 0%\" width=\"4799\"\/>NYVALGT PRESIDENT: Tove Moe Dyrhaug, her fra scenen p\u00e5 et hotell i Molde, der hun i 2022 ble valgt som ny \u00f8verste leder i norsk skisport.  Foto: NTB<\/p>\n<p class=\"_paragraph_o9xde_4 _paragraph_xtcu6_10 layout-component text-serif-m layout-normal text-serif-m layout-padded\">For akkurat da var forbundet<a href=\"https:\/\/www.vg.no\/sport\/i\/V9jXO6\/skiforbundet-vs-braathen-her-er-hittil-ukjente-episoder-fra-konflikten\" data-track-element-type=\"Link\" data-track-id=\"link:V9jXO6\" class=\"_link_o9xde_39\" rel=\"nofollow noopener\" target=\"_blank\"> i en opprivende konflikt<\/a>, med den dav\u00e6rende hoppledelsen p\u00e5 den ene siden og styret i forbundet p\u00e5 den andre.<\/p>\n<p class=\"_paragraph_o9xde_4 _paragraph_xtcu6_10 layout-component text-serif-m layout-normal text-serif-m layout-padded\">Mye av Dyrhaugs jobb den f\u00f8rste delen av presidentperioden handlet om \u00e5 l\u00f8se- og rydde opp i nettopp denne konflikten.<\/p>\n<p class=\"_paragraph_o9xde_4 _paragraph_xtcu6_10 layout-component text-serif-m layout-normal text-serif-m layout-padded\">Det var steile fronter, offentlig krangling og partene brukte mye penger p\u00e5 b\u00e5de advokater og konsulenter.<\/p>\n<p class=\"_paragraph_o9xde_4 _paragraph_xtcu6_10 layout-component text-serif-m layout-normal text-serif-m layout-padded\">\u2013 Jeg f\u00f8ler vi har f\u00e5tt til mye, men ogs\u00e5 tatt t\u00f8ffe avgj\u00f8relser og st\u00e5tt i t\u00f8ffe saker. Det er det viktigste for meg, ta tak i det som er vanskelig og l\u00f8se dem sammen med de det gjelder, sier Dyrhaug, som ogs\u00e5 vil rose skistyret den siste perioden.<\/p>\n<p><img alt=\"Skipresident Tove Moe Dyrhaug og n\u00e5v\u00e6rende hoppsjef Jan Erik Aalbu.   Foto: Lise \u00c5serud \/ NTB\" class=\"_image_qp4xg_65 layout-component layout-normal\" data-fullscreen- data-track-element-type=\"Article image fullscreen\" data-track-name=\"ImageFullscreen\" decoding=\"async\" loading=\"lazy\" height=\"3331\" itemprop=\"image\"  src=\"https:\/\/www.europesays.com\/no\/wp-content\/uploads\/2025\/12\/d6e9f5fb-1fe9-4214-bb4b-8c9041533316\"  style=\"object-position:0% 0%\" width=\"4996\"\/>Skipresident Tove Moe Dyrhaug og n\u00e5v\u00e6rende hoppsjef Jan Erik Aalbu.   Foto: Lise \u00c5serud \/ NTB<\/p>\n<p class=\"_paragraph_o9xde_4 _paragraph_xtcu6_10 layout-component text-serif-m layout-normal text-serif-m layout-padded\">Men til sommeren er det alts\u00e5 slutt. <\/p>\n<p class=\"_paragraph_o9xde_4 _paragraph_xtcu6_10 layout-component text-serif-m layout-normal text-serif-m layout-padded\">Dyrhaug har allerede gitt den beskjeden til valgkomiteen, som m\u00e5 p\u00e5 ny leting etter kandidater.<\/p>\n<p class=\"_paragraph_o9xde_4 _paragraph_xtcu6_10 layout-component text-serif-m layout-normal text-serif-m layout-padded\">Fra sommeren av skal hun nemlig jobbe som daglig leder i organisasjonen \u00abTrondheim 2030\u00bb.<\/p>\n<p class=\"_paragraph_o9xde_4 _paragraph_xtcu6_10 layout-component text-serif-m layout-normal text-serif-m layout-padded\">Om snaue fem \u00e5r er det nemlig nasjonaljubileum og \u00abTrondheim 2030\u00bb skal synliggj\u00f8re tr\u00f8nderhovedstadens kulturarvskal synliggj\u00f8re tr\u00f8nderhovedstadens kulturarvSentralt i dette arbeidet er kulturinstitusjoner, n\u00e6ringsliv, reiseliv, lokale historielag og offentlige akt\u00f8rer..<\/p>\n<p class=\"_paragraph_o9xde_4 _paragraph_xtcu6_10 layout-component text-serif-m layout-normal text-serif-m layout-padded\">Det setter punktum for 14 \u00e5r med verv i Ski-Norge.<\/p>\n<p class=\"_paragraph_o9xde_4 _paragraph_xtcu6_10 layout-component text-serif-m layout-normal text-serif-m layout-padded\">Til sommeren har Dyrhaug sittet i ski-styret i 14 \u00e5r, ti av dem som styremedlem og fire som styreleder.<\/p>\n<p class=\"_paragraph_o9xde_4 _paragraph_xtcu6_10 layout-component text-serif-m layout-normal text-serif-m layout-padded\">\u2013 14 \u00e5r er nok, konkluderer hun overfor VG.<\/p>\n<p class=\"_paragraph_o9xde_4 _paragraph_xtcu6_10 layout-component text-serif-m layout-normal text-serif-m layout-padded\">\u2013 Nye hoder inn er viktig for \u00e5 utvikle organisasjonen.<\/p>\n<p class=\"_paragraph_o9xde_4 _paragraph_xtcu6_10 layout-component text-serif-m layout-normal text-serif-m layout-padded\">F\u00e5tt med deg denne fra langrennsverden i desember?<\/p>\n<p class=\"_paragraph_o9xde_4 _paragraph_xtcu6_10 layout-component text-serif-m layout-normal text-serif-m layout-padded\">Dyrhaug lister opp enkelte ting hun er godt forn\u00f8yd med i jobben som den \u00f8verste lederen i forbundet:<\/p>\n<ul class=\"_list_o9xde_3 _list_xtcu6_9 _unordered_o9xde_106 layout-component text-serif-m layout-normal text-serif-m layout-padded\">\n<li class=\"_item_o9xde_30\">At hopp-konflikten til slutt fikk sin ende.<\/li>\n<li class=\"_item_o9xde_30\">Hun mener infom\u00f8ter med alle i organisasjonen etter hvert skistyre-m\u00f8te har f\u00f8rt til bedre \u00e5penhet og kommunikasjon.<\/li>\n<li class=\"_item_o9xde_30\">Dyrhaug trekker frem at det n\u00e5 er skiklubb-utviklere i alle kretser, noe hun mener er viktig for god rekruttering og samarbeid med kretsene.<\/li>\n<li class=\"_item_o9xde_30\">Dyrhaug er ogs\u00e5 stolt over at de sammen med administrasjonen og arrang\u00f8rer f\u00e5r videref\u00f8rt nasjonalanleggsordningen, slik at Norge kan arrangere topp internasjonale konkurranser.<\/li>\n<li class=\"_item_o9xde_30\">I tillegg til at Narvik fikk alpint-VM i 2029, det st\u00f8rste arrangementet i Norge siden OL i 1994.<\/li>\n<\/ul>\n<p><img alt=\"Norges delegasjon,  f.v. Thor Hushovd, Ragnhild Mowinckel, Tove Moe Dyrhaug og Kjetil Andr\u00e9 Aamodt, jubler etter at Narvik ble tildelt alpin-VM i 2029. Det skjedde p\u00e5 en FIS-kongress i Reykjavik i 2024.  Foto: Norges Skiforbund \/ handout \/ NTB\" class=\"_image_qp4xg_65 layout-component layout-normal\" data-fullscreen- data-track-element-type=\"Article image fullscreen\" data-track-name=\"ImageFullscreen\" decoding=\"async\" loading=\"lazy\" height=\"4032\" itemprop=\"image\"  src=\"https:\/\/www.europesays.com\/no\/wp-content\/uploads\/2025\/12\/9361dd70-4089-413e-bda3-b8f7dd1891a8\"  style=\"object-position:0% 0%\" width=\"3024\"\/>Norges delegasjon,  f.v. Thor Hushovd, Ragnhild Mowinckel, Tove Moe Dyrhaug og Kjetil Andr\u00e9 Aamodt, jubler etter at Narvik ble tildelt alpin-VM i 2029. Det skjedde p\u00e5 en FIS-kongress i Reykjavik i 2024.  Foto: Norges Skiforbund \/ handout \/ NTB<\/p>\n<p class=\"_paragraph_o9xde_4 _paragraph_xtcu6_10 layout-component text-serif-m layout-normal text-serif-m layout-padded\">Skipresidenten trekker ogs\u00e5 frem VM i Trondheim 2025.<\/p>\n<p class=\"_paragraph_o9xde_4 _paragraph_xtcu6_10 layout-component text-serif-m layout-normal text-serif-m layout-padded\">Hun omtaler det som tidenes folkefest, men <a href=\"https:\/\/www.vg.no\/sport\/i\/jQerbA\/nytt-vm-moete-uten-svar-aldri-vaert-borti-et-oekonomisk-kaos-som-dette\" data-track-element-type=\"Link\" data-track-id=\"link:jQerbA\" class=\"_link_o9xde_39\" rel=\"nofollow noopener\" target=\"_blank\">erkjenner d\u00e5rlig \u00f8konomistyring i prosjektet av administrasjonen i VM-selskapet og dets styre<\/a>.<\/p>\n<p class=\"_paragraph_o9xde_4 _paragraph_xtcu6_10 layout-component text-serif-m layout-normal text-serif-m layout-padded\">Men b\u00e5de hun og skistyret fikk krass kritikk for sin rolle som en av tre eiere en av tre eiereNorges Skiforbund eide VM-selskapet sammen med Trondheim kommune og S\u00f8r-Tr\u00f8ndelag skikrets..<\/p>\n<p class=\"_paragraph_o9xde_4 _paragraph_xtcu6_10 layout-component text-serif-m layout-normal text-serif-m layout-padded\">\u2013 Tiden etter ski-VM har v\u00e6rt en utfordrende periode for meg personlig, sier Dyrhaug \u2013 f\u00f8r hun fortsetter:<\/p>\n<p class=\"_paragraph_o9xde_4 _paragraph_xtcu6_10 layout-component text-serif-m layout-normal text-serif-m layout-padded\">\u2013 Men f\u00f8rst og fremst for medarbeidere, frivillige og samarbeidspartnere\/leverand\u00f8rer og andre involverte som jobbet og bidro langt mer enn forventet for \u00e5 lage et mesterskap som ble omtalt som \u00abet nytt niv\u00e5\u00bb. S\u00e5 kom denne baksmellen sent etter prognoser med overskudd.<\/p>\n<p class=\"_paragraph_o9xde_4 _paragraph_xtcu6_10 layout-component text-serif-m layout-normal text-serif-m layout-padded\">Avslutningsvis trekker Dyrhaug frem at \u00f8konomien n\u00e5 er stabil i Norges Skiforbund og at de bygger egenkapitalen opp igjen etter flere tunge \u00e5r.<\/p>\n<p class=\"_paragraph_o9xde_4 _paragraph_xtcu6_10 layout-component text-serif-m layout-normal text-serif-m layout-padded\">\u2013 Vi har levert overskudd to \u00e5r p\u00e5 rad, tross underskudd i ski-VM. N\u00e5 har vi vedtatt et nytt budsjett for 2026, men fortsatt stram \u00f8konomistyring, sier hun.<\/p>\n<p class=\"_paragraph_o9xde_4 _paragraph_xtcu6_10 layout-component text-serif-m layout-normal text-serif-m layout-padded\">Dyrhaug har et siste budskap i dette intervjuet med VG:<\/p>\n<p class=\"_paragraph_o9xde_4 _paragraph_xtcu6_10 layout-component text-serif-m layout-normal text-serif-m layout-padded\">\u2013 Skiforbundets st\u00f8rste utfordring er at alle i organisasjonen\u00a0dra i samme retning, m\u00e5 ha respekt for hverandres roller og jobb. Pekeleken har v\u00e6rt p\u00e5g\u00e5ende. Bredde og topp, gren og krets m\u00e5 jobbe sammen og utfylle hverandre, sier Dyrhaug.<\/p>\n<p class=\"_paragraph_o9xde_4 _paragraph_xtcu6_10 layout-component text-serif-m layout-normal text-serif-m layout-padded\">\u2013 Alle har viktige roller for at vi fortsatt skal v\u00e6re verdens beste skinasjon og oppn\u00e5 skiglede for alle. <\/p>\n<p class=\"_paragraph_o9xde_4 _paragraph_xtcu6_10 layout-component text-serif-m layout-normal text-serif-m layout-padded\">Langrennskometen Einar Hedegart om barndomsdr\u00f8mmen:<\/p>\n","protected":false},"excerpt":{"rendered":"Norges f\u00f8rste kvinnelige skipresident vil ikke fortsette inn i en ny fire\u00e5rsperiode \u2013 og g\u00e5r i stedet inn&hellip;\n","protected":false},"author":2,"featured_media":119480,"comment_status":"","ping_status":"","sticky":false,"template":"","format":"standard","meta":{"footnotes":""},"categories":[10],"tags":[20,21,24,25,15,22,23,13,30,28,642,29,14,16,26,27,14263,399],"class_list":{"0":"post-119479","1":"post","2":"type-post","3":"status-publish","4":"format-standard","5":"has-post-thumbnail","7":"category-norge","8":"tag-breaking-news","9":"tag-breakingnews","10":"tag-featured-news","11":"tag-featurednews","12":"tag-headlines","13":"tag-latest-news","14":"tag-latestnews","15":"tag-news","16":"tag-no","17":"tag-norge","18":"tag-norges-skiforbund","19":"tag-norway","20":"tag-nyheter","21":"tag-overskrifter","22":"tag-top-stories","23":"tag-topstories","24":"tag-tove-moe-dyrhaug","25":"tag-vintersport"},"share_on_mastodon":{"url":"https:\/\/pubeurope.com\/@no\/115762964188765437","error":""},"_links":{"self":[{"href":"https:\/\/www.europesays.com\/no\/wp-json\/wp\/v2\/posts\/119479","targetHints":{"allow":["GET"]}}],"collection":[{"href":"https:\/\/www.europesays.com\/no\/wp-json\/wp\/v2\/posts"}],"about":[{"href":"https:\/\/www.europesays.com\/no\/wp-json\/wp\/v2\/types\/post"}],"author":[{"embeddable":true,"href":"https:\/\/www.europesays.com\/no\/wp-json\/wp\/v2\/users\/2"}],"replies":[{"embeddable":true,"href":"https:\/\/www.europesays.com\/no\/wp-json\/wp\/v2\/comments?post=119479"}],"version-history":[{"count":0,"href":"https:\/\/www.europesays.com\/no\/wp-json\/wp\/v2\/posts\/119479\/revisions"}],"wp:featuredmedia":[{"embeddable":true,"href":"https:\/\/www.europesays.com\/no\/wp-json\/wp\/v2\/media\/119480"}],"wp:attachment":[{"href":"https:\/\/www.europesays.com\/no\/wp-json\/wp\/v2\/media?parent=119479"}],"wp:term":[{"taxonomy":"category","embeddable":true,"href":"https:\/\/www.europesays.com\/no\/wp-json\/wp\/v2\/categories?post=119479"},{"taxonomy":"post_tag","embeddable":true,"href":"https:\/\/www.europesays.com\/no\/wp-json\/wp\/v2\/tags?post=119479"}],"curies":[{"name":"wp","href":"https:\/\/api.w.org\/{rel}","templated":true}]}}