{"id":119492,"date":"2025-12-22T11:35:11","date_gmt":"2025-12-22T11:35:11","guid":{"rendered":"https:\/\/www.europesays.com\/no\/119492\/"},"modified":"2025-12-22T11:35:11","modified_gmt":"2025-12-22T11:35:11","slug":"kina-ilegger-eu-ost-og-melketoll-e24","status":"publish","type":"post","link":"https:\/\/www.europesays.com\/no\/119492\/","title":{"rendered":"Kina ilegger EU ost- og melketoll \u2013 E24"},"content":{"rendered":"<p class=\"fullWidthDesktop hyperion-css-71ztg2\" data-test-tag=\"lead-text\">Stormaktenes handelskrig inntar frokostbordet. <\/p>\n<p><img decoding=\"async\" class=\"image-asset hyperion-css-u06ts1\" data-test-tag=\"image-asset\" src=\"https:\/\/www.europesays.com\/no\/wp-content\/uploads\/2025\/12\/ca026938-b3f7-4483-a515-2ebd4e845692\"  alt=\"En rekke europeiske oster kan kj\u00f8pes i kinesiske butikker. \"  loading=\"eager\" fetchpriority=\"high\" style=\"aspect-ratio:1900 \/ 1267\"\/>En rekke europeiske oster kan kj\u00f8pes i kinesiske butikker. Foto: Ng Han Guan \/ AP \/ NTBPublisert: <\/p>\n<p>For mindre enn 50 minutter siden<\/p>\n<p>Oppdatert n\u00e5 nettopp<\/p>\n<ul class=\"hyperion-css-pte5x0\">\n<li aria-label=\"link\" class=\"narrow-button hyperion-css-1sz7d3n\">Kopier lenke<\/li>\n<li aria-label=\"link\" class=\"wide-button hyperion-css-1sz7d3n\">Kopier lenke<\/li>\n<li aria-label=\"facebook\" class=\"narrow-button hyperion-css-1sz7d3n\">Del p\u00e5 Facebook<\/li>\n<li aria-label=\"facebook\" class=\"wide-button hyperion-css-1sz7d3n\">Del p\u00e5 Facebook<\/li>\n<li aria-label=\"email\" class=\"narrow-button hyperion-css-1sz7d3n\">Del med e-post<\/li>\n<li aria-label=\"email\" class=\"wide-button hyperion-css-1sz7d3n\">Del med e-post<\/li>\n<\/ul>\n<p class=\"hyperion-css-1lemvax\">Det er ikke bare Donald Trump som innf\u00f8rer tollsatser. I fjor h\u00f8st valgte EU \u00e5 innf\u00f8re 35 prosent toll p\u00e5 kinesiske elbiler, til sterke reaksjoner fra kineserne. Tollsatsen kom p\u00e5 toppen av en ti prosent straffetoll. <\/p>\n<p class=\"hyperion-css-1lemvax\">Etter en lengre unders\u00f8kelse har Kina kommet med sitt svar. En del meieriprodukter produsert i EU ilegges opptil 42,7 prosent toll. Det kommer frem i en <a aria-label=\"kunngj\u00f8ring \" class=\"default hyperion-css-1rezu2g\" href=\"https:\/\/www.mofcom.gov.cn\/zwgk\/zcfb\/art\/2025\/art_9cba7701419646feb7586170e5459d34.html\" rel=\"noopener nofollow noreferrer\" data-test-tag=\"external-link\" target=\"_blank\">kunngj\u00f8ring <\/a>fra det kinesiske handelsdepartementet. <\/p>\n<p><a data-test-tag=\"teaser-small:link-internal\" href=\"https:\/\/e24.no\/karriere-og-ledelse\/i\/3pkQAP\/stor-oversikt-dette-tjente-656-partnere-i-ey-pwc-kpmg-deloitte-og-bdo-i-2024\" class=\"imagePosition-top inline hyperion-css-6238vu\" rel=\"nofollow noopener\" target=\"\" aria-label=\"Stor oversikt: Dette tjente 656 partnere i EY, PwC, KPMG, Deloitte og BDO i 2024\"><\/p>\n<p>Les p\u00e5 E24+<\/p>\n<p>Stor oversikt: Dette tjente 656 partnere i EY, PwC, KPMG, Deloitte og BDO i 2024<\/p>\n<p><\/a><\/p>\n<p class=\"hyperion-css-1lemvax\">Kina begrunner tollinnf\u00f8ringen med at importerte meierivarer fra EU er subsidiert, if\u00f8lge meldingen. Dette skal ha medf\u00f8rt \u00abmateriell skade\u00bb p\u00e5 innenlandsk kinesisk produksjon. <\/p>\n<p class=\"hyperion-css-1lemvax\">Selv om den h\u00f8yeste tollsatsen er satt n\u00e6r 43 prosent, vil de fleste produsentene som rammes av tollen f\u00e5 en lavere sats. Hovedandelen har blitt ilagt i underkant av 30 prosent toll, skriver <a aria-label=\"Financial Times\" class=\"default hyperion-css-1rezu2g\" href=\"https:\/\/www.ft.com\/content\/02f13379-a996-4849-a597-7be95c4beadd\" rel=\"noopener nofollow noreferrer\" data-test-tag=\"external-link\" target=\"_blank\">Financial Times<\/a>. <\/p>\n<p class=\"hyperion-css-1lemvax\">B\u00e5de fersk og prossesert ost, samt bl\u00e5muggost rammes av tollen. I tillegg vil ikke-konsentrert og usukret melk og fl\u00f8te rammes, if\u00f8lge uttalelsen fra handelsdepartementet. <\/p>\n<p class=\"hyperion-css-1lemvax\">EU har fra tidligere utfordret unders\u00f8kelsene knyttet til meierivarer ved \u00e5 be om konsultasjoner via Verdens handelsorganisasjon (WTO), skriver <a aria-label=\"Bloomberg\" class=\"default hyperion-css-1rezu2g\" href=\"https:\/\/www.bloomberg.com\/news\/articles\/2025-12-22\/china-hits-eu-dairy-imports-with-duties-up-to-43-after-probe?srnd=homepage-europe\" rel=\"noopener nofollow noreferrer\" data-test-tag=\"external-link\" target=\"_blank\">Bloomberg<\/a>. <\/p>\n<p class=\"hyperion-css-1lemvax\">USA, Storbritannia og Japan er de st\u00f8rste import\u00f8rene av europeisk ost. <\/p>\n","protected":false},"excerpt":{"rendered":"Stormaktenes handelskrig inntar frokostbordet. En rekke europeiske oster kan kj\u00f8pes i kinesiske butikker. Foto: Ng Han Guan \/&hellip;\n","protected":false},"author":2,"featured_media":119493,"comment_status":"","ping_status":"","sticky":false,"template":"","format":"standard","meta":{"footnotes":""},"categories":[12],"tags":[20,21,24,25,15,22,23,13,30,28,29,14,16,26,27,42,43,44,45],"class_list":{"0":"post-119492","1":"post","2":"type-post","3":"status-publish","4":"format-standard","5":"has-post-thumbnail","7":"category-verden","8":"tag-breaking-news","9":"tag-breakingnews","10":"tag-featured-news","11":"tag-featurednews","12":"tag-headlines","13":"tag-latest-news","14":"tag-latestnews","15":"tag-news","16":"tag-no","17":"tag-norge","18":"tag-norway","19":"tag-nyheter","20":"tag-overskrifter","21":"tag-top-stories","22":"tag-topstories","23":"tag-verden","24":"tag-world","25":"tag-world-news","26":"tag-worldnews"},"share_on_mastodon":{"url":"https:\/\/pubeurope.com\/@no\/115763015232340795","error":""},"_links":{"self":[{"href":"https:\/\/www.europesays.com\/no\/wp-json\/wp\/v2\/posts\/119492","targetHints":{"allow":["GET"]}}],"collection":[{"href":"https:\/\/www.europesays.com\/no\/wp-json\/wp\/v2\/posts"}],"about":[{"href":"https:\/\/www.europesays.com\/no\/wp-json\/wp\/v2\/types\/post"}],"author":[{"embeddable":true,"href":"https:\/\/www.europesays.com\/no\/wp-json\/wp\/v2\/users\/2"}],"replies":[{"embeddable":true,"href":"https:\/\/www.europesays.com\/no\/wp-json\/wp\/v2\/comments?post=119492"}],"version-history":[{"count":0,"href":"https:\/\/www.europesays.com\/no\/wp-json\/wp\/v2\/posts\/119492\/revisions"}],"wp:featuredmedia":[{"embeddable":true,"href":"https:\/\/www.europesays.com\/no\/wp-json\/wp\/v2\/media\/119493"}],"wp:attachment":[{"href":"https:\/\/www.europesays.com\/no\/wp-json\/wp\/v2\/media?parent=119492"}],"wp:term":[{"taxonomy":"category","embeddable":true,"href":"https:\/\/www.europesays.com\/no\/wp-json\/wp\/v2\/categories?post=119492"},{"taxonomy":"post_tag","embeddable":true,"href":"https:\/\/www.europesays.com\/no\/wp-json\/wp\/v2\/tags?post=119492"}],"curies":[{"name":"wp","href":"https:\/\/api.w.org\/{rel}","templated":true}]}}