{"id":119498,"date":"2025-12-22T11:38:20","date_gmt":"2025-12-22T11:38:20","guid":{"rendered":"https:\/\/www.europesays.com\/no\/119498\/"},"modified":"2025-12-22T11:38:20","modified_gmt":"2025-12-22T11:38:20","slug":"ida-fladen-gjor-comeback-i-spartsklubben-etter-sykmelding","status":"publish","type":"post","link":"https:\/\/www.europesays.com\/no\/119498\/","title":{"rendered":"Ida Fladen gj\u00f8r comeback i \u00abSp\u00e5rtsklubben\u00bb etter sykmelding"},"content":{"rendered":"<p class=\"kicker \" style=\"\">Skulle demonstrere mot barnevernet:<\/p>\n<p>  Svein\u00a0\u00abCharter-Svein\u00bb \u00d8stvik ble p\u00e5grepet av politiet og plassert i arresten da han demonstrerte utenfor en barnevernsinstitusjon i B\u00e6rum.<\/p>\n<p>\n    STORT POLITIOPPBUD: Svein \u00d8stvik ble arrestert da han, if\u00f8lge ham selv, m\u00f8tte opp utenfor en barnevernsinsititusjon sammen med andre for \u00e5 vise st\u00f8tte til en mor som har barna sine i barnevernets varetekt. Foto: Privat\n  <\/p>\n<p>&#8211; Jeg er sjokkert! Det er fullstendig uforst\u00e5elig at politiet arresterte meg, sier reality-kjendisen\u00a0\u00abCharter-Svein\u00bb til Dagbladet.<\/p>\n<p>Onsdag ettermiddag ble han sammen med en mor og fire andre menn p\u00e5grepet av politiet i Oslo og siktet for hensynsl\u00f8s adferd.<\/p>\n<p>Svein \u00d8stvik, eller \u00abCharter-Svein\u00bb som han er bedre kjent som, har de siste ukene engasjert seg i en barnevernssak som har p\u00e5g\u00e5tt i over \u00e5tte \u00e5r.\u00a0<\/p>\n<p>Det f\u00f8rte til p\u00e5gripelse, 24 timer p\u00e5 en glattcelle og en alvorlig siktelse.\u00a0<\/p>\n<p>Arrestert<\/p>\n<p>&#8211; Torsdag skulle jeg til \u00d8stfold, hvor vi skulle avholde en demonstrasjon, og markere v\u00e5r protest mot barnevernet. En kvinne har blitt fratatt sine to barn. Vi er mange som mener barnevernet har handlet feil, derfor ville vi demonstrere. En demonstrasjon som vi hadde f\u00e5tt politiets tillatelse til, sier \u00abCharter-Svein\u00bb.<\/p>\n<p>Dagen f\u00f8r den planlagte demonstrasjonen, m\u00f8tte\u00a0\u00abCharter-Svein\u00bb, barnas mor og fire andre menn opp ved en barnevernsinstitusjon i B\u00e6rum.<\/p>\n<p>        <img loading=\"lazy\" decoding=\"async\" src=\"https:\/\/www.europesays.com\/no\/wp-content\/uploads\/2025\/12\/1766403500_523_84018848.webp\" width=\"980\" height=\"559\" title=\"I VARETEKT: Svein \u00d8stvik satt 24 timer p\u00e5 glattcelle, forteller han. Foto: Nina Hansen \/ Dagbladet\" alt=\"\" class=\"\" style=\"--aspect-ratio-image: 1.75; \"\/><\/p>\n<p>\n        I VARETEKT: Svein \u00d8stvik satt 24 timer p\u00e5 glattcelle, forteller han. Foto: Nina Hansen \/ Dagbladet\n    <\/p>\n<p>&#8211; Vi oppholdt oss seksti til sytti meter fra institusjonen, p\u00e5 en offentlig vei. F\u00f8rst kom det to politibiler. Det var f\u00f8rst en vennskapelig samtale, og stemningen var b\u00e5de god og hyggelig \u2013 mellom oss og politiet.<\/p>\n<p>&#8211; Plutselig sier en av politimennene at moren skal f\u00e5 lov til \u00e5 hilse p\u00e5 s\u00f8nnen sin. Hun blir veldig glad, og begynner \u00e5 gr\u00e5te av glede, sier \u00abCharter-Svein\u00bb.<\/p>\n<p>\u00abBle lurt\u00bb<\/p>\n<p>Kvinnen f\u00e5r ta med seg en av mennene og g\u00e5r opp mot institusjonen. Kort tid etter oppdager \u00abCharter-Svein\u00bb og de andre mennene at det kommer kj\u00f8rende seks til syv nye politibiler til stedet.<\/p>\n<p>&#8211; Vi ble lurt. Moren fikk ikke si noe til s\u00f8nnen sin, eller lov til \u00e5 m\u00f8te ham. Hun ble arrestert. Samtidig ble vi som stod igjen arrestert og fraktet til arresten p\u00e5 politihuset p\u00e5 Gr\u00f8nland, sier\u00a0\u00abCharter-Svein\u00bb.<\/p>\n<p>64 \u00e5r gamle Svein \u00d8stvik er sjokkert og rystet.<\/p>\n<p>&#8211; Det er fullstendig uforst\u00e5elig at vi ble arrestert, og behandlet som livsfarlige kriminelle. Vi hadde ikke gjort noe galt, det eneste vi gjorde var \u00e5 vise medmenneskelighet. Alt var fredelig og rolig, f\u00f8r politiet arrestert oss.\u00a0<\/p>\n<p>\u00abViste bare medmenneskelighet\u00bb<\/p>\n<p>&#8211; N\u00e5 er jeg, de fire andre mennene og moren som har blitt fratatt barna sine anklaget for hensynsl\u00f8s adferd. Beboerne og de ansatte p\u00e5 barnevernsinstitusjonen f\u00f8lte seg angivelig truet. Det eneste vi gjorde var \u00e5 vise medmenneskelighet over to sm\u00e5 barn og moren deres. <\/p>\n<p>        GR\u00c5TKVALT: Svein \u00abCharter-Svein\u00bb \u00d8stvik bryter sammen i t\u00e5rer etter han deltok p\u00e5 l\u00f8rdagens demonstrasjon i Oslo mot coronatiltakene. Video: Brage Lie Jor \/ Dagbladet TV<\/p>\n<p> \u00abCharter-Svein\u00bb forteller at et av barna til kvinnen, i et rettsm\u00f8te fortvilet skal ha bedt om \u00e5 f\u00e5 komme hjem til moren.<\/p>\n<p class=\"font-weight-bold m-font-weight-bold\" data-lab-font_weight=\"font-weight-bold\">&#8211; Det er vel ikke spesielt lurt \u00e5 m\u00f8te opp foran en barnevernsinstitusjon \u00e5 demonstrere?<\/p>\n<p>&#8211; Vi demonstrerte ikke. Vi skulle demonstrere dagen etter. Vi reiste til B\u00e6rum for sammen med moren \u00e5 vise s\u00f8nnen at hun er glad i ham og st\u00f8tte ham, sier \u00abCharter-Svein\u00bb. <\/p>\n<p>    <a itemprop=\"url\" href=\"https:\/\/www.dagbladet.no\/nyheter\/henger-ikke-pa-greip\/83998272\" rel=\"nofollow noopener\" target=\"_blank\"><\/p>\n<p>        <img loading=\"lazy\" decoding=\"async\" src=\"https:\/\/www.europesays.com\/no\/wp-content\/uploads\/2025\/12\/1766403500_330_84011626.webp\" width=\"980\" height=\"441\" title=\"- Henger ikke p\u00e5 greip\" alt=\"\" class=\"lazyload\" style=\"--aspect-ratio-image: 2.22; \"\/><\/p>\n<p>        &#8211; Henger ikke p\u00e5 greip<\/p>\n<p>    <\/a><\/p>\n<p>Er i sjokk<\/p>\n<p>Etter 24 timer p\u00e5 ei glattcelle i politihuset p\u00e5 Gr\u00f8nland, ble \u00abCharter-Svein\u00bb, og de fire andre mennene l\u00f8slatt. Moren ble fredag framstilt for fengsling.<\/p>\n<p>&#8211; Vi er fortsatt siktet. Jeg er rett og slett sjokkert, men kanskje ikke overrasket. Vi gjorde bare v\u00e5r borgerplikt, og fors\u00f8kte \u00e5 st\u00f8tte en kvinne og hennes barn som er i den st\u00f8rste n\u00f8d. Politiets p\u00e5gripelser kan ikke forsvares p\u00e5 noen m\u00e5te. Vi ble utsatt for et uforst\u00e5elig overgrep og innhugg i v\u00e5rt privatliv, sier\u00a0\u00abCharter-Svein\u00bb f\u00f8r han fortsetter:<\/p>\n<p>&#8211; Jeg ser at alt ikke er som det skal v\u00e6re i Norge, etter at jeg brant munnbind under corona-epidemien.<\/p>\n<p>\u00abBeskytter barnevernet\u00bb<\/p>\n<p>Svein \u00d8stvik legger ikke noe imellom, n\u00e5r han beskriver politiets handlinger.<\/p>\n<p>&#8211; Politiet virker \u00e5 beskytte barnevernet p\u00e5 en helt annen m\u00e5te<br \/>\nenn politiet beskytter folket, s\u00e5nn skal det da ikke v\u00e6re i et demokrati, sier \u00abCharter-Svein\u00bb.<\/p>\n<p>Svein \u00d8stvik har ikke f\u00e5tt advokathjelp.<\/p>\n<p>&#8211; Politiet spurte om jeg ville ha advokat, noe jeg takket nei til. Selv om siktelsen er alvorlig, forventer jeg at politiet henlegger saken. P\u00e5gripelsen og de p\u00e5f\u00f8lgende 24 timene p\u00e5 glattcelle, kan ikke karakteriseres som noe annet enn det reneste galskap, sier\u00a0\u00abCharter-Svein\u00bb. <\/p>\n<p>        SVARER P\u00c5 KRITIKKEN: Svein \u00d8stvik, ogs\u00e5 kjent som \u00abCharter-Svein\u00bb, var med p\u00e5 debatten for \u00e5 svare p\u00e5 kritikken mot hans corona-utsagn. 27. april 2021.<br \/>\nVIDEO: Edward Stenlund<br \/>\nREPORTER: Henriette Eilertsen<\/p>\n<p>&#8211; Seks personer ble p\u00e5grepet\u00a0 etter en hendelse p\u00e5 en institusjon. De ble innbragt til arresten og l\u00f8slatt dagen etter. Fem personer har har status som siktet for hensynsl\u00f8s adferd i Oslo politidistrikt. En sak er overf\u00f8rt til \u00d8st politidistrikt. Saken er under etterforskning, er det eneste politiadvokat Line Mellembakken Holte vil si om p\u00e5gripelsene.<\/p>\n","protected":false},"excerpt":{"rendered":"Skulle demonstrere mot barnevernet: Svein\u00a0\u00abCharter-Svein\u00bb \u00d8stvik ble p\u00e5grepet av politiet og plassert i arresten da han demonstrerte utenfor&hellip;\n","protected":false},"author":2,"featured_media":119499,"comment_status":"","ping_status":"","sticky":false,"template":"","format":"standard","meta":{"footnotes":""},"categories":[59],"tags":[11523,7196,479,30,28,29,14286,83,82],"class_list":{"0":"post-119498","1":"post","2":"type-post","3":"status-publish","4":"format-standard","5":"has-post-thumbnail","7":"category-sport","8":"tag-comeback","9":"tag-ida-fladen","10":"tag-kjendis","11":"tag-no","12":"tag-norge","13":"tag-norway","14":"tag-spartsklubben","15":"tag-sport","16":"tag-sports"},"share_on_mastodon":{"url":"https:\/\/pubeurope.com\/@no\/115763026631306463","error":""},"_links":{"self":[{"href":"https:\/\/www.europesays.com\/no\/wp-json\/wp\/v2\/posts\/119498","targetHints":{"allow":["GET"]}}],"collection":[{"href":"https:\/\/www.europesays.com\/no\/wp-json\/wp\/v2\/posts"}],"about":[{"href":"https:\/\/www.europesays.com\/no\/wp-json\/wp\/v2\/types\/post"}],"author":[{"embeddable":true,"href":"https:\/\/www.europesays.com\/no\/wp-json\/wp\/v2\/users\/2"}],"replies":[{"embeddable":true,"href":"https:\/\/www.europesays.com\/no\/wp-json\/wp\/v2\/comments?post=119498"}],"version-history":[{"count":0,"href":"https:\/\/www.europesays.com\/no\/wp-json\/wp\/v2\/posts\/119498\/revisions"}],"wp:featuredmedia":[{"embeddable":true,"href":"https:\/\/www.europesays.com\/no\/wp-json\/wp\/v2\/media\/119499"}],"wp:attachment":[{"href":"https:\/\/www.europesays.com\/no\/wp-json\/wp\/v2\/media?parent=119498"}],"wp:term":[{"taxonomy":"category","embeddable":true,"href":"https:\/\/www.europesays.com\/no\/wp-json\/wp\/v2\/categories?post=119498"},{"taxonomy":"post_tag","embeddable":true,"href":"https:\/\/www.europesays.com\/no\/wp-json\/wp\/v2\/tags?post=119498"}],"curies":[{"name":"wp","href":"https:\/\/api.w.org\/{rel}","templated":true}]}}