{"id":119506,"date":"2025-12-22T11:47:14","date_gmt":"2025-12-22T11:47:14","guid":{"rendered":"https:\/\/www.europesays.com\/no\/119506\/"},"modified":"2025-12-22T11:47:14","modified_gmt":"2025-12-22T11:47:14","slug":"ida-fladen-gjor-comeback-i-spartsklubben-etter-sykmelding-2","status":"publish","type":"post","link":"https:\/\/www.europesays.com\/no\/119506\/","title":{"rendered":"Ida Fladen gj\u00f8r comeback i \u00abSp\u00e5rtsklubben\u00bb etter sykmelding"},"content":{"rendered":"<p class=\"kicker \" style=\"\">Ida Fladen:<\/p>\n<p>  Etter en lang periode borte fra rampelyset, er Ida Fladen tilbake i \u00abSp\u00e5rtsklubben\u00bb.\u00a0<\/p>\n<p>\n    COMEBACK: Ida Fladen er tilbake i podkasten til \u00abSp\u00e5rtsklubben\u00bb etter at hun har v\u00e6rt sykmeldt over en lengre periode. Foto: Andreas Fadum \/ Se og H\u00f8r\n  <\/p>\n<p>I fjor trakk programleder og TV-profil Ida Fladen (39) seg plutselig tilbake fra rampelyset og ble <a href=\"https:\/\/www.seher.no\/kjendis\/bryter-tausheten-lei-av-a-vente\/83294140\" rel=\"nofollow noopener\" target=\"_blank\">sykmeldt fra flere av sine jobber<\/a>.\u00a0<\/p>\n<p>    <a itemprop=\"url\" href=\"https:\/\/www.seher.no\/kjendis\/apner-opp-skjor-og-usikker\/83931863\" rel=\"nofollow noopener\" target=\"_blank\"><\/p>\n<p>        <img loading=\"lazy\" decoding=\"async\" src=\"https:\/\/www.europesays.com\/no\/wp-content\/uploads\/2025\/12\/1766404030_368_83931548.webp\" width=\"147\" height=\"98\" title=\"\u00c5pner opp: - Skj\u00f8r og usikker\" alt=\"\" class=\"lazyload\" style=\"--aspect-ratio-image: 1.50; \"\/><\/p>\n<p>        \u00c5pner opp: &#8211; Skj\u00f8r og usikker<\/p>\n<p>    <\/a><\/p>\n<p>Fladen har gradvis returnert tilbake p\u00e5 jobb, og i slutten av oktober var hun tilbake som programleder i \u00abIda med hjertet i h\u00e5nden\u00bb. N\u00e5 er hun ogs\u00e5 tilbake i podkasten til \u00abSp\u00e5rtsklubben\u00bb.\u00a0<\/p>\n<p class=\"font-weight-bold m-font-weight-bold\" data-lab-font_weight=\"font-weight-bold\">&#8211; Det f\u00f8les d\u00f8dsbra. Jeg har gledet meg skikkelig, og dette er ekstremt etterlengtet. Jeg har savnet denne jobben, og de andre veldig mye. Jeg har sett frem mot den dagen jeg har kunnet komme tilbake igjen, s\u00e5 dette er en veldig god f\u00f8lelse, sier hun i Schibsted sin pressemelding.\u00a0<\/p>\n<p>        VONDT: Ida Fladen fikk totalt hodemist under en konkurranse i \u00abBoksen\u00bb, noe som f\u00f8rte til en vond opplevelse. Video: R\u00f8d L\u00f8per<\/p>\n<p>Neste \u00e5r utvides \u00abSp\u00e5rtsklubben\u00bb fra to til tre episoder i uken, og Fladen vil i f\u00f8rste omgang v\u00e6re med i l\u00f8rdagsepisodene, st\u00e5r det videre i pressemeldingen.<\/p>\n<p>    <a itemprop=\"url\" href=\"https:\/\/www.dagbladet.no\/kjendis\/avslorer-vi-er-i-gang\/84018046\" rel=\"nofollow noopener\" target=\"_blank\"><\/p>\n<p>        <img loading=\"lazy\" decoding=\"async\" src=\"https:\/\/www.europesays.com\/no\/wp-content\/uploads\/2025\/12\/84018009.webp\" width=\"147\" height=\"98\" title=\"Avsl\u00f8rer: - Vi er i gang\" alt=\"\" class=\"lazyload\" style=\"--aspect-ratio-image: 1.50; \"\/><\/p>\n<p>        Avsl\u00f8rer: &#8211; Vi er i gang<\/p>\n<p>    <\/a><\/p>\n<p>&#8211; Jeg skal v\u00e6re \u00e6rlig p\u00e5 at ting ikke er 100 prosent enda n\u00e5r det gjelder helsa, selv om det er bedre enn det har v\u00e6rt. Men det er ikke en situasjon jeg har helt kontroll p\u00e5, s\u00e5 for meg handler det om \u00e5 v\u00e6re med p\u00e5 det jeg kan, og \u00e5 ta ting litt som det kommer. Og det f\u00f8les veldig bra, forklarer Fladen.\u00a0<\/p>\n<p>        <img loading=\"lazy\" decoding=\"async\" src=\"https:\/\/www.europesays.com\/no\/wp-content\/uploads\/2025\/12\/84019528.webp\" width=\"686\" height=\"460\" title=\"TILBAKE: Erik Follestad, Helene Olafsen, Jon Martin Henriksen, Ida Fladen og Mads Hansen samlet etter podkast-innspillingen. Foto: Kristoffer Kumar \/ VGTV\" alt=\"\" class=\"\" style=\"--aspect-ratio-image: 1.49; \"\/><\/p>\n<p>\n        TILBAKE: Erik Follestad, Helene Olafsen, Jon Martin Henriksen, Ida Fladen og Mads Hansen samlet etter podkast-innspillingen. Foto: Kristoffer Kumar \/ VGTV\n    <\/p>\n<p>Resten av gjengen, som best\u00e5r av Mads Hansen (41), Erik Follestad (36), Helene Olafsen (35) og Jon Martin Henriksen (35), legger ikke skjul p\u00e5 at de er glade for \u00e5 ha henne tilbake i studio.\u00a0<\/p>\n<p class=\"font-weight-bold m-font-weight-bold\" data-lab-font_weight=\"font-weight-bold\">&#8211; Det er veldig hyggelig \u00e5 ha med Ida igjen. Vi har savnet henne. Er det en som t\u00f8r \u00e5 gi oss litt motstand, s\u00e5 er det Ida Fladen, s\u00e5 dette blir helt perfekt, sier Henriksen.\u00a0<\/p>\n<p>    <a itemprop=\"url\" href=\"https:\/\/www.seher.no\/kjendis\/bryter-tausheten\/83821231\" rel=\"nofollow noopener\" target=\"_blank\"><\/p>\n<p>        <img loading=\"lazy\" decoding=\"async\" src=\"https:\/\/www.europesays.com\/no\/wp-content\/uploads\/2025\/12\/83805958.webp\" width=\"147\" height=\"98\" title=\"Bryter tausheten\" alt=\"\" class=\"lazyload\" style=\"--aspect-ratio-image: 1.50; \"\/><\/p>\n<p>        Bryter tausheten<\/p>\n<p>    <\/a><\/p>\n<p>Fladen skulle <a href=\"https:\/\/www.seher.no\/kjendis\/bryter-tausheten-lei-av-a-vente\/83294140\" rel=\"nofollow noopener\" target=\"_blank\">etter planen v\u00e6re tilbake p\u00e5 jobb 24. februar<\/a> i forbindelse med lanseringen av \u00abSp\u00e5rtsklubben\u00bb-podkasten, men sykmeldingen ble forlenget\u00a0<\/p>\n<p>&#8211; Ida er fortsatt sykmeldt, opplyste ansvarlig produsent Julie Easter Christiansen til VG.<\/p>\n","protected":false},"excerpt":{"rendered":"Ida Fladen: Etter en lang periode borte fra rampelyset, er Ida Fladen tilbake i \u00abSp\u00e5rtsklubben\u00bb.\u00a0 COMEBACK: Ida Fladen&hellip;\n","protected":false},"author":2,"featured_media":119507,"comment_status":"","ping_status":"","sticky":false,"template":"","format":"standard","meta":{"footnotes":""},"categories":[59],"tags":[11523,7196,479,2543,30,28,29,14286,83,82],"class_list":{"0":"post-119506","1":"post","2":"type-post","3":"status-publish","4":"format-standard","5":"has-post-thumbnail","7":"category-sport","8":"tag-comeback","9":"tag-ida-fladen","10":"tag-kjendis","11":"tag-kjendisdesken","12":"tag-no","13":"tag-norge","14":"tag-norway","15":"tag-spartsklubben","16":"tag-sport","17":"tag-sports"},"share_on_mastodon":{"url":"https:\/\/pubeurope.com\/@no\/115763062098165916","error":""},"_links":{"self":[{"href":"https:\/\/www.europesays.com\/no\/wp-json\/wp\/v2\/posts\/119506","targetHints":{"allow":["GET"]}}],"collection":[{"href":"https:\/\/www.europesays.com\/no\/wp-json\/wp\/v2\/posts"}],"about":[{"href":"https:\/\/www.europesays.com\/no\/wp-json\/wp\/v2\/types\/post"}],"author":[{"embeddable":true,"href":"https:\/\/www.europesays.com\/no\/wp-json\/wp\/v2\/users\/2"}],"replies":[{"embeddable":true,"href":"https:\/\/www.europesays.com\/no\/wp-json\/wp\/v2\/comments?post=119506"}],"version-history":[{"count":0,"href":"https:\/\/www.europesays.com\/no\/wp-json\/wp\/v2\/posts\/119506\/revisions"}],"wp:featuredmedia":[{"embeddable":true,"href":"https:\/\/www.europesays.com\/no\/wp-json\/wp\/v2\/media\/119507"}],"wp:attachment":[{"href":"https:\/\/www.europesays.com\/no\/wp-json\/wp\/v2\/media?parent=119506"}],"wp:term":[{"taxonomy":"category","embeddable":true,"href":"https:\/\/www.europesays.com\/no\/wp-json\/wp\/v2\/categories?post=119506"},{"taxonomy":"post_tag","embeddable":true,"href":"https:\/\/www.europesays.com\/no\/wp-json\/wp\/v2\/tags?post=119506"}],"curies":[{"name":"wp","href":"https:\/\/api.w.org\/{rel}","templated":true}]}}