{"id":119530,"date":"2025-12-22T12:11:10","date_gmt":"2025-12-22T12:11:10","guid":{"rendered":"https:\/\/www.europesays.com\/no\/119530\/"},"modified":"2025-12-22T12:11:10","modified_gmt":"2025-12-22T12:11:10","slug":"dsb-legger-planer-for-krigsutflytting","status":"publish","type":"post","link":"https:\/\/www.europesays.com\/no\/119530\/","title":{"rendered":"DSB legger planer for krigsutflytting"},"content":{"rendered":"\n<p class=\"_lead_o9xde_2 _lead_xtcu6_50 layout-component text-serif-m layout-normal text-serif-l layout-component layout-wide layout-padded _wide_17hqh_1 layout-padded\">Folk i deler av landet kan bli evakuert til tryggere steder dersom Norge blir angrepet. Myndighetene g\u00e5r n\u00e5 i gang med planlegging av krigsutflytting.<\/p>\n<p><img alt=\"F\u00c5R ANSVAR: Sivilforsvaret vil spille en viktig rolle dersom krigsutflytting blir aktuelt. Her demonstrerte de noe av sitt utstyr for statsminister Jonas Gahr St\u00f8re (Ap) i januar.  Foto: Gisle Oddstad \/ VG\" class=\"_image_qp4xg_65 layout-component layout-wide\" data-fullscreen- data-track-element-type=\"Article image fullscreen\" data-track-name=\"ImageFullscreen\" fetchpriority=\"high\" decoding=\"sync\" loading=\"eager\" height=\"4018\" itemprop=\"image\"  src=\"https:\/\/www.europesays.com\/no\/wp-content\/uploads\/2025\/12\/ec02d881-1d1f-42be-a56b-5200acc4c871\"  style=\"object-position:0% 0%\" width=\"6024\"\/>F\u00c5R ANSVAR: Sivilforsvaret vil spille en viktig rolle dersom krigsutflytting blir aktuelt. Her demonstrerte de noe av sitt utstyr for statsminister Jonas Gahr St\u00f8re (Ap) i januar.  Foto: Gisle Oddstad \/ VG<\/p>\n<ul aria-hidden=\"true\" class=\"_images_ntbth_112\">\n<li><a class=\"_link_ntbth_117\" href=\"https:\/\/www.vg.no\/forfatter\/alf-bjarne-johnsen\" style=\"z-index:1\" title=\"Alf Bjarne Johnsen\" rel=\"nofollow noopener\" target=\"_blank\"><img alt=\"Bilde av Alf Bjarne Johnsen\" class=\"_image_ntbth_93\" fetchpriority=\"low\" loading=\"lazy\" decoding=\"async\" itemprop=\"image\"  src=\"https:\/\/www.europesays.com\/no\/wp-content\/uploads\/2025\/12\/1766405469_691_a8952b63-f4d3-424e-ab5c-93e67076c9b0\"  width=\"480\"\/><\/a><\/li>\n<\/ul>\n<p> Oppdatert mandag 22. desember kl. 12:41    <\/p>\n<ul class=\"_list_o9xde_3 _list_64s2r_85 _unordered_o9xde_106 text-sans-m\">\n<li class=\"_item_o9xde_30\">Myndighetene planlegger n\u00e5 evakuering av befolkningen i utsatte omr\u00e5der i tilfelle krig.<\/li>\n<li class=\"_item_o9xde_30\">Direktoratet for samfunnssikkerhet og sivil beredskap (DSB) samarbeider med Forsvaret og politiet.<\/li>\n<li class=\"_item_o9xde_30\">L\u00e6rdommer fra Russlands krigf\u00f8ring i Ukraina p\u00e5virker planene.<\/li>\n<li class=\"_item_o9xde_30\">Kommuner i Finnmark og Troms krever oppdaterte evakueringsplaner.<\/li>\n<\/ul>\n<p>Vis mer <\/p>\n<p class=\"_paragraph_o9xde_4 _paragraph_xtcu6_10 layout-component text-serif-m layout-normal text-serif-m layout-padded\">Omr\u00e5der som kan ha en h\u00f8yere risiko for \u00e5 bli utsatt for krigshandlinger, b\u00f8r ha planer for evakuering av sivilbefolkningen, if\u00f8lge Direktoratet for samfunnssikkerhet og sivil beredskap, DSB.<\/p>\n<p class=\"_paragraph_o9xde_4 _paragraph_xtcu6_10 layout-component text-serif-m layout-normal text-serif-m layout-padded\">\u2013 DSB har startet en ny vurdering av hvilke omr\u00e5der i Norge som b\u00f8r ha planer for henholdsvis utflytting og tilflytting av sivilbefolkningen i en krigssituasjon, s\u00e5kalt krigsutflytting. Dette gj\u00f8r vi i tett samarbeid med blant annet Forsvaret og politiet, skriver DSB-sjefen Elisabeth Aars\u00e6ther i en e-post til VG.<\/p>\n<p class=\"_paragraph_o9xde_4 _paragraph_xtcu6_10 layout-component text-serif-m layout-normal text-serif-m layout-padded\">\u2013 Dette kan v\u00e6re omr\u00e5der som er utsatt p\u00e5 grunn av sin geografiske n\u00e6rhet til Russland, eller omr\u00e5der der det er lovlige milit\u00e6re m\u00e5l, opplyser hun.<\/p>\n<p class=\"_paragraph_o9xde_4 _paragraph_xtcu6_10 layout-component text-serif-m layout-normal text-serif-m layout-padded\"><strong class=\"_strong_o9xde_25\">Etter det VG kjenner til, har det allerede v\u00e6rt m\u00f8ter med lokale myndigheter i Finnmark om planleggingen av krigsutflytting. <\/strong><\/p>\n<p><img alt=\"Elisabeth Aars\u00e6ther er direkt\u00f8r i DSB.   Foto: Ole Berg-Rusten \/ NTB\" class=\"_image_qp4xg_65 layout-component layout-normal\" data-fullscreen- data-track-element-type=\"Article image fullscreen\" data-track-name=\"ImageFullscreen\" decoding=\"async\" loading=\"lazy\" height=\"3837\" itemprop=\"image\"  src=\"https:\/\/www.europesays.com\/no\/wp-content\/uploads\/2025\/12\/9433e9b9-e015-4dc7-85f7-150fbdca9e75\"  style=\"object-position:0% 0%\" width=\"5756\"\/>Elisabeth Aars\u00e6ther er direkt\u00f8r i DSB.   Foto: Ole Berg-Rusten \/ NTBUkraina-erfaringer <\/p>\n<p class=\"_paragraph_o9xde_4 _paragraph_xtcu6_10 layout-component text-serif-m layout-normal text-serif-m layout-padded\">L\u00e6rdommer fra Russlands fullskala angrep mot Ukraina er noe av bakteppet for nye vurderinger av behovet for masseevakuering i deler av Norge. <\/p>\n<p class=\"_paragraph_o9xde_4 _paragraph_xtcu6_10 layout-component text-serif-m layout-normal text-serif-m layout-padded\"><strong class=\"_strong_o9xde_25\">Russlands brutale krigf\u00f8ring i Ukraina og <a href=\"https:\/\/www.vg.no\/nyheter\/i\/z7jk61\/rapport-fra-doedens-by\" data-track-element-type=\"Link\" data-track-id=\"link:z7jk61\" class=\"_link_o9xde_39\" rel=\"nofollow noopener\" target=\"_blank\">manglende respekt for krigens regler <\/a>har v\u00e6rt en vekker.<\/strong><\/p>\n<p class=\"_paragraph_o9xde_4 _paragraph_xtcu6_10 layout-component text-serif-m layout-normal text-serif-m layout-padded\">DSB m\u00e5 ogs\u00e5 ta Russlands angrep p\u00e5 Ukrainas energiforsyning og annen sivil infrastruktur med i planleggingen. <\/p>\n<p class=\"_paragraph_o9xde_4 _paragraph_xtcu6_10 layout-component text-serif-m layout-normal text-serif-m layout-padded\"><strong class=\"_strong_o9xde_25\">\u2013 Basert p\u00e5 observasjoner om at Russland i Ukraina ogs\u00e5 angriper sivile m\u00e5l, vurderer vi ogs\u00e5 om vi m\u00e5 tenke bredere om hva som kan bli angrepet ogs\u00e5 i Norge, skriver Aars\u00e6ther. <\/strong><\/p>\n<p><img alt=\"BUTSJA: De russiske soldatenes brutalitet i Butsja har v\u00e6rt en vekker n\u00e5r myndighetene planlegger beskyttelse av sivilbefolkningen i krig. VG bes\u00f8kte den ukrainske byen f\u00e5 dager etter at russerne ble presset ut i 2022.   Foto: Kyrre Lien \/ VG\" class=\"_image_qp4xg_65 layout-component layout-normal\" data-fullscreen- data-track-element-type=\"Article image fullscreen\" data-track-name=\"ImageFullscreen\" decoding=\"async\" loading=\"lazy\" height=\"5464\" itemprop=\"image\"  src=\"https:\/\/www.europesays.com\/no\/wp-content\/uploads\/2025\/12\/7b130a12-dd58-4cbb-8460-9a053bc17480\"  style=\"object-position:0% 0%\" width=\"8192\"\/>BUTSJA: De russiske soldatenes brutalitet i Butsja har v\u00e6rt en vekker n\u00e5r myndighetene planlegger beskyttelse av sivilbefolkningen i krig. VG bes\u00f8kte den ukrainske byen f\u00e5 dager etter at russerne ble presset ut i 2022.   Foto: Kyrre Lien \/ VGEtterlyst fra nord <\/p>\n<p class=\"_paragraph_o9xde_4 _paragraph_xtcu6_10 layout-component text-serif-m layout-normal text-serif-m layout-padded\">Flere kommuner i Troms og Finnmark har etterlyst planer for \u00e5 evakuere sivilbefolkningen.<\/p>\n<p class=\"_paragraph_o9xde_4 _paragraph_xtcu6_10 layout-component text-serif-m layout-normal text-serif-m layout-padded\">\u2013 Brutaliteten Russland utviser mot sivile n\u00e5r de okkuperer, er s\u00e5 stor. Vi kan ikke ha en eneste nordmann p\u00e5 feil side av okkupasjonslinjen, sa Bardu-ordf\u00f8rer Toralf Heimdal (Sp) til <a href=\"https:\/\/www.tv2.no\/nyheter\/innenriks\/vil-evakuere-i-troms-og-finnmark\/17562947\/\" class=\"_link_o9xde_39\" rel=\"nofollow noopener\" target=\"_blank\">TV 2 <\/a>i sommer. <\/p>\n<p class=\"_paragraph_o9xde_4 _paragraph_xtcu6_10 layout-component text-serif-m layout-normal text-serif-m layout-padded\">Ogs\u00e5 S\u00f8r-Varanger, som er grensekommunen til Russland, \u00f8nsker oppdaterte evakueringsplaner: <\/p>\n<p><img decoding=\"async\" alt=\"Bilde av Magnus M\u00e6land \" class=\"_image_ygndg_42\" height=\"44\" itemprop=\"image\" loading=\"lazy\"  src=\"https:\/\/www.europesays.com\/no\/wp-content\/uploads\/2025\/12\/1ba3b989-92d7-4c2e-a28d-f7c49829a493\"  width=\"40\"\/><strong class=\"_name_ygndg_51 title-serif-xs\">Magnus M\u00e6land <\/strong><\/p>\n<p class=\"_paragraph_o9xde_4 text-sans-m _description_ygndg_56\">Ordf\u00f8rer i S\u00f8r-Varanger <\/p>\n<p class=\"_paragraph_o9xde_4 _paragraph_xtcu6_10 layout-component text-serif-m layout-normal text-serif-m layout-padded\">\u2013 Jeg ser behov for det. Det er mye jeg ser behov for n\u00e5r det kommer til beredskap. Vi har jo en sikkerhetssituasjon som er totalt annerledes i verden. Men det her er ikke noe som gjelder kun for Finnmark. Det her er noe hele nasjonen m\u00e5 tenke p\u00e5, sa Magnus M\u00e6land (H), ordf\u00f8reren i S\u00f8r-Varanger, i samme TV 2-artikkel.<\/p>\n<p>Press p\u00e5 kommunene<\/p>\n<p class=\"_paragraph_o9xde_4 _paragraph_xtcu6_10 layout-component text-serif-m layout-normal text-serif-m layout-padded\">\u2013 Kommunene har et viktig ansvar for \u00e5 st\u00f8tte statlige myndigheter ved gjennomf\u00f8ring av krigsutflytting, skriver DSB-sjefen i e-posten til VG.<\/p>\n<p class=\"_paragraph_o9xde_4 _paragraph_xtcu6_10 layout-component text-serif-m layout-normal text-serif-m layout-padded\">\u2013 Det er ingen tvil om at kommunens ressurser og ansatte vil settes under et stort press ved en krigssituasjon i Norge. Vi tror kommunenes bidrag til krigsutflytting i stor grad vil v\u00e6re lik de oppgavene kommunene har i evakuering i fredstid n\u00e5r det st\u00f8tter politiet, som for eksempel registrering av de skal evakueres eller drift av s\u00e5kalte evakuerings- og p\u00e5r\u00f8rendesenter, legger hun til. <\/p>\n<p>Ser etter tilflyttingskommuner <\/p>\n<p class=\"_paragraph_o9xde_4 _paragraph_xtcu6_10 layout-component text-serif-m layout-normal text-serif-m layout-padded\">DSB unders\u00f8ker ogs\u00e5 hvilke omr\u00e5der i Norge som kan v\u00e6re aktuelle som mottakskommuner i evakueringsplanene:<\/p>\n<p class=\"_paragraph_o9xde_4 _paragraph_xtcu6_10 layout-component text-serif-m layout-normal text-serif-m layout-padded\">\u2013 Tilflyttingsomr\u00e5der vil v\u00e6re kommuner der vi vurderer at risikoen for krigshandlinger er lavere, og der statsforvalternestatsforvalterneStatsforvalterne ble tidligere kalt fylkesmenn. Ti statsforvaltere er statens lokale myndigheter i 15 fylker. De har blant annet ansvar for sivil beredskap i sine omr\u00e5der.   vurderer at det er kommuner som egner seg. Vi vil i dette arbeidet blant annet vurdere kommunenes kapasitet innenfor helse, bolig og skole, skriver Aars\u00e6ther.<\/p>\n<p>   Beskytter sivilbefolkningen <\/p>\n<p class=\"_paragraph_o9xde_4 _paragraph_xtcu6_10 layout-component text-serif-m layout-normal text-serif-m layout-padded\">Norge er forpliktet etter krigens folkerett i Gen\u00e8ve-konvensjonene til \u00e5 dekke sivilbefolkningens behov for fysisk beskyttelse, gjennom varsling, evakuering eller krigsutflytting, og tilfluktsrom \u2013 men ogs\u00e5 livsn\u00f8dvendige tjenester som brannvern og helsehjelp, opplyser DSB.<\/p>\n<p class=\"_paragraph_o9xde_4 _paragraph_xtcu6_10 layout-component text-serif-m layout-normal text-serif-m layout-padded\">Sivilforsvaret vil f\u00e5 i oppdrag \u00e5 revidere eller lage nye planer for de omr\u00e5dene som skal ha utflyttingsplaner. Kommunene vil f\u00e5 ansvar for \u00e5 planlegge tilflytting der det er aktuelt. Dette arbeidet vil ha prioritet i DSB i 2026.<\/p>\n","protected":false},"excerpt":{"rendered":"Folk i deler av landet kan bli evakuert til tryggere steder dersom Norge blir angrepet. Myndighetene g\u00e5r n\u00e5&hellip;\n","protected":false},"author":2,"featured_media":119531,"comment_status":"","ping_status":"","sticky":false,"template":"","format":"standard","meta":{"footnotes":""},"categories":[10],"tags":[3851,20,21,2170,24,25,15,22,23,13,30,28,281,29,14,16,9857,26,27,9191,489,205],"class_list":{"0":"post-119530","1":"post","2":"type-post","3":"status-publish","4":"format-standard","5":"has-post-thumbnail","7":"category-norge","8":"tag-beredskap","9":"tag-breaking-news","10":"tag-breakingnews","11":"tag-direktoratet-for-samfunnssikkerhet-og-beredskap","12":"tag-featured-news","13":"tag-featurednews","14":"tag-headlines","15":"tag-latest-news","16":"tag-latestnews","17":"tag-news","18":"tag-no","19":"tag-norge","20":"tag-norsk-politikk","21":"tag-norway","22":"tag-nyheter","23":"tag-overskrifter","24":"tag-sivilforsvaret","25":"tag-top-stories","26":"tag-topstories","27":"tag-troms-og-finnmark","28":"tag-ukraina","29":"tag-vgsamfunn"},"share_on_mastodon":{"url":"https:\/\/pubeurope.com\/@no\/115763156785504200","error":""},"_links":{"self":[{"href":"https:\/\/www.europesays.com\/no\/wp-json\/wp\/v2\/posts\/119530","targetHints":{"allow":["GET"]}}],"collection":[{"href":"https:\/\/www.europesays.com\/no\/wp-json\/wp\/v2\/posts"}],"about":[{"href":"https:\/\/www.europesays.com\/no\/wp-json\/wp\/v2\/types\/post"}],"author":[{"embeddable":true,"href":"https:\/\/www.europesays.com\/no\/wp-json\/wp\/v2\/users\/2"}],"replies":[{"embeddable":true,"href":"https:\/\/www.europesays.com\/no\/wp-json\/wp\/v2\/comments?post=119530"}],"version-history":[{"count":0,"href":"https:\/\/www.europesays.com\/no\/wp-json\/wp\/v2\/posts\/119530\/revisions"}],"wp:featuredmedia":[{"embeddable":true,"href":"https:\/\/www.europesays.com\/no\/wp-json\/wp\/v2\/media\/119531"}],"wp:attachment":[{"href":"https:\/\/www.europesays.com\/no\/wp-json\/wp\/v2\/media?parent=119530"}],"wp:term":[{"taxonomy":"category","embeddable":true,"href":"https:\/\/www.europesays.com\/no\/wp-json\/wp\/v2\/categories?post=119530"},{"taxonomy":"post_tag","embeddable":true,"href":"https:\/\/www.europesays.com\/no\/wp-json\/wp\/v2\/tags?post=119530"}],"curies":[{"name":"wp","href":"https:\/\/api.w.org\/{rel}","templated":true}]}}