{"id":119532,"date":"2025-12-22T12:12:21","date_gmt":"2025-12-22T12:12:21","guid":{"rendered":"https:\/\/www.europesays.com\/no\/119532\/"},"modified":"2025-12-22T12:12:21","modified_gmt":"2025-12-22T12:12:21","slug":"danmarks-utenriksminister-reagerer-pa-trump-grep-totalt-uakseptabelt","status":"publish","type":"post","link":"https:\/\/www.europesays.com\/no\/119532\/","title":{"rendered":"Danmarks utenriksminister reagerer p\u00e5 Trump-grep: \u2013 Totalt uakseptabelt"},"content":{"rendered":"\n<ul class=\"_list_o9xde_3 _list_64s2r_85 _unordered_o9xde_106 text-sans-m\">\n<li class=\"_item_o9xde_30\">USAs president Donald Trump har utnevnt Jeff Landry som spesialutsending til Gr\u00f8nland.<\/li>\n<li class=\"_item_o9xde_30\">Oppnevnelsen m\u00f8ter sterke reaksjoner.<\/li>\n<li class=\"_item_o9xde_30\">Danmarks utenriksminister ber USA respektere Danmarks grenser. <\/li>\n<li class=\"_item_o9xde_30\">Trump har i lengre tid vist interesse for at USA skal ta over Gr\u00f8nland. <\/li>\n<\/ul>\n<p>Vis mer <\/p>\n<p class=\"_paragraph_o9xde_4 _paragraph_xtcu6_10 layout-component text-serif-m layout-normal text-serif-m layout-padded\">\u2013 Jeg er sterkt oppr\u00f8rt over utnevnelsen og uttalelsen, som jeg mener er totalt uakseptabel, sier Danmarks utenriksminister Lars L\u00f8kke Rasmussen til dansk <a href=\"https:\/\/nyheder.tv2.dk\/live\/2025-01-06-kampen-om-groenlands-fremtid\" class=\"_link_o9xde_39\" rel=\"nofollow noopener\" target=\"_blank\">TV 2<\/a>. <\/p>\n<p class=\"_paragraph_o9xde_4 _paragraph_xtcu6_10 layout-component text-serif-m layout-normal text-serif-m layout-padded\">Han sier han vil kalle inn den amerikanske ambassad\u00f8ren Ken Howery til samtale i Utenriksdepartementet for \u00e5 \u00absi klart ifra og f\u00e5 en forklaring\u00bb. H\u00e5pet er at m\u00f8tet kan finne sted mandag eller tirsdag. <\/p>\n<p class=\"_paragraph_o9xde_4 _paragraph_xtcu6_10 layout-component text-serif-m layout-normal text-serif-m layout-padded\">\u2013 Jeg har allerede mottatt mange henvendelser fra kollegaer i Europa som uttrykker st\u00f8tte til Danmark, sier utenriksministeren. <\/p>\n<p class=\"_paragraph_o9xde_4 _paragraph_xtcu6_10 layout-component text-serif-m layout-normal text-serif-m layout-padded\"><a href=\"https:\/\/www.vg.no\/tag\/groenland?utm_source=vg-article&amp;utm_medium=auto-tagger&amp;utm_campaign=XMgjP7\" class=\"_link_o9xde_39\" rel=\"nofollow noopener\" target=\"_blank\">Gr\u00f8nlands<\/a> regjeringssjef Jens-Frederik Nielsen sier at USAs utnevnelse ikke endrer noe. <\/p>\n<p class=\"_paragraph_o9xde_4 _paragraph_xtcu6_10 layout-component text-serif-m layout-normal text-serif-m layout-padded\"><strong class=\"_strong_o9xde_25\">\u2013 Vi bestemmer v\u00e5r egen fremtid, sier han.<\/strong><\/p>\n<p><img decoding=\"async\" alt=\"Bilde av Jens-Frederik Nielsen\" class=\"_image_ygndg_42\" height=\"27\" itemprop=\"image\" loading=\"lazy\"  src=\"https:\/\/www.europesays.com\/no\/wp-content\/uploads\/2025\/12\/1b2fa13c-60ed-4897-ba46-b953de670fcf\"  width=\"40\"\/><strong class=\"_name_ygndg_51 title-serif-xs\">Jens-Frederik Nielsen<\/strong><\/p>\n<p class=\"_paragraph_o9xde_4 text-sans-m _description_ygndg_56\">Gr\u00f8nlands regjeringssjef<\/p>\n<p class=\"_paragraph_o9xde_4 _paragraph_xtcu6_10 layout-component text-serif-m layout-normal text-serif-m layout-padded\">Ogs\u00e5 statsminister Mette Frederiksen ber om respekt for deres territorielle integritet i en felles uttalelse med Frederik-Nielsen.<\/p>\n<p class=\"_paragraph_o9xde_4 _paragraph_xtcu6_10 layout-component text-serif-m layout-normal text-serif-m layout-padded\">\u2013 Gr\u00f8nland tilh\u00f8rer gr\u00f8nlenderne, og USA skal ikke overta Gr\u00f8nland, sier de. <\/p>\n<p><img decoding=\"async\" alt=\"Bilde av Mette Frederiksen\" class=\"_image_ygndg_42\" height=\"27\" itemprop=\"image\" loading=\"lazy\"  src=\"https:\/\/www.europesays.com\/no\/wp-content\/uploads\/2025\/12\/89d4730a-ce89-4ef5-ab19-bffe21d8a1c3\"  width=\"40\"\/><strong class=\"_name_ygndg_51 title-serif-xs\">Mette Frederiksen<\/strong><\/p>\n<p class=\"_paragraph_o9xde_4 text-sans-m _description_ygndg_56\">Danmarks statsminister<\/p>\n<p class=\"_paragraph_o9xde_4 _paragraph_xtcu6_10 layout-component text-serif-m layout-normal text-serif-m layout-padded\">Danmark f\u00e5r st\u00f8tte fra den norske regjeringen:<\/p>\n<p class=\"_paragraph_o9xde_4 _paragraph_xtcu6_10 layout-component text-serif-m layout-normal text-serif-m layout-padded\">\u2013 Gr\u00f8nland er en del av Kongeriket Danmark. Vi st\u00f8tter danske myndigheter fullt ut i denne saken. Respekt for nasjonal suverenitet og landegrensenes ukrenkelighet er det b\u00e6rende prinsippet i folkeretten og skal respekteres av alle land, sier utenriksminister Espen Barth Eide. <\/p>\n<p class=\"_paragraph_o9xde_4 _paragraph_xtcu6_10 layout-component text-serif-m layout-normal text-serif-m layout-padded\">Ogs\u00e5 EU st\u00f8tter Danmark. <\/p>\n<p class=\"_paragraph_o9xde_4 _paragraph_xtcu6_10 layout-component text-serif-m layout-normal text-serif-m layout-padded\">\u2013 \u00c5 ta vare p\u00e5 Danmarks territorielle integritet, landets suverenitet og ukrenkelighet er essensielt for EU, sier talsperson Anouar El Anouni if\u00f8lge Reuters. <\/p>\n<p>Vil ha Gr\u00f8nland<\/p>\n<p class=\"_paragraph_o9xde_4 _paragraph_xtcu6_10 layout-component text-serif-m layout-normal text-serif-m layout-padded\">Bakgrunnen for br\u00e5ket er at USAs president Donald Trump har <a href=\"https:\/\/www.vg.no\/nyheter\/i\/k0JwBQ\/trump-har-utnevnt-spesialutsending-til-groenland-understreker-betydningen-for-usas-sikkerhet\" data-track-element-type=\"Link\" data-track-id=\"link:k0JwBQ\" class=\"_link_o9xde_39\" rel=\"nofollow noopener\" target=\"_blank\">utnevnt Louisiana-guvern\u00f8r Jeff Landry til landets spesialutsending til Gr\u00f8nland<\/a>.<\/p>\n<p class=\"_paragraph_o9xde_4 _paragraph_xtcu6_10 layout-component text-serif-m layout-normal text-serif-m layout-padded\">\u2013 Jeff forst\u00e5r hvor avgj\u00f8rende Gr\u00f8nland er for v\u00e5r nasjonale sikkerhet, og vil sterkt fremme v\u00e5rt lands interesser for sikkerheten, tryggheten og eksistensen til v\u00e5re allierte, og faktisk hele verden, skrev Trump p\u00e5 Truth Social.<\/p>\n<p><img alt=\"Nordlys over den gr\u00f8nlandske hovedstaden Nuuk.   Foto: Emilio Morenatti \/ AP \/ NTB\" class=\"_image_qp4xg_65 layout-component layout-normal\" data-fullscreen- data-track-element-type=\"Article image fullscreen\" data-track-name=\"ImageFullscreen\" decoding=\"async\" loading=\"lazy\" height=\"4000\" itemprop=\"image\"  src=\"https:\/\/www.europesays.com\/no\/wp-content\/uploads\/2025\/12\/d078dde9-0192-461b-83da-e5484e1f7f77\"  style=\"object-position:0% 0%\" width=\"6000\"\/>Nordlys over den gr\u00f8nlandske hovedstaden Nuuk.   Foto: Emilio Morenatti \/ AP \/ NTB<\/p>\n<p class=\"_paragraph_o9xde_4 _paragraph_xtcu6_10 layout-component text-serif-m layout-normal text-serif-m layout-padded\">Trump har gjentatte ganger det siste \u00e5ret gitt uttrykk for at han \u00f8nsker Gr\u00f8nland l\u00f8srevet fra Danmark og innlemmet i USA.<\/p>\n<p class=\"_paragraph_o9xde_4 _paragraph_xtcu6_10 layout-component text-serif-m layout-normal text-serif-m layout-padded\"><strong class=\"_strong_o9xde_25\">Les reportasjen:<\/strong> <a href=\"https:\/\/www.vg.no\/nyheter\/i\/3MdAyM\/jd-vance-og-mette-frederiksen-da-verden-kom-til-groenland\" data-track-element-type=\"Link\" data-track-id=\"link:3MdAyM\" class=\"_link_o9xde_39\" rel=\"nofollow noopener\" target=\"_blank\">Da verden kom til Gr\u00f8nland\u00a0<\/a><\/p>\n<p class=\"_paragraph_o9xde_4 _paragraph_xtcu6_10 layout-component text-serif-m layout-normal text-serif-m layout-padded\">Det har m\u00f8tt sterk motstand b\u00e5de i Danmark, Gr\u00f8nland og i EU. <\/p>\n<p class=\"_paragraph_o9xde_4 _paragraph_xtcu6_10 layout-component text-serif-m layout-normal text-serif-m layout-padded\">I januar ankom s\u00f8nnen Donald Trump Jr.\u00a0Gr\u00f8nland\u00a0med farens eget fly. S\u00f8nnen sa <a href=\"https:\/\/www.vg.no\/nyheter\/i\/Xjpnz7\/trump-jr-paa-groenland-fremtiden-for-groenland-defineres-i-nuuk\" data-track-element-type=\"Link\" data-track-id=\"link:Xjpnz7\" class=\"_link_o9xde_39\" rel=\"nofollow noopener\" target=\"_blank\">at han bes\u00f8kte \u00f8ya som turist<\/a>, og bes\u00f8ket varte i et par timer. <\/p>\n<p class=\"_paragraph_o9xde_4 _paragraph_xtcu6_10 layout-component text-serif-m layout-normal text-serif-m layout-padded\">I mars bes\u00f8kte ogs\u00e5 USAs visepresident Gr\u00f8nland \u2013 se video: <\/p>\n<p>   \u2013 Helt uakseptabelt<\/p>\n<p class=\"_paragraph_o9xde_4 _paragraph_xtcu6_10 layout-component text-serif-m layout-normal text-serif-m layout-padded\">Flere av de danske partiene har ogs\u00e5 reagert p\u00e5 utnevnelsen, skriver <a href=\"https:\/\/nyheder.tv2.dk\/live\/2025-01-06-kampen-om-groenlands-fremtid\/kan-kun-ses-som-en-optrapning-siger-analytiker?entry=10bdb355-1aeb-457b-bca0-76ea4378dac3\" class=\"_link_o9xde_39\" rel=\"nofollow noopener\" target=\"_blank\">TV2<\/a>. Deriblant folketingsmedlem Pelle Dragsted i Enhedslisten. <\/p>\n<p class=\"_paragraph_o9xde_4 _paragraph_xtcu6_10 layout-component text-serif-m layout-normal text-serif-m layout-padded\">\u2013 Ny alvorlig uttalelse fra Trump om \u00e5 ta Gr\u00f8nland. Regjeringen m\u00e5 si klart og tydelig ifra. Det er helt uakseptabelt, skriver han p\u00e5 <a href=\"https:\/\/x.com\/pelledragsted\/status\/2002994259386065076\" class=\"_link_o9xde_39\" rel=\"nofollow\">X<\/a>. <\/p>\n<p><img decoding=\"async\" alt=\"Bilde av Pelle Dragsted\" class=\"_image_ygndg_42\" height=\"27\" itemprop=\"image\" loading=\"lazy\"  src=\"https:\/\/www.europesays.com\/no\/wp-content\/uploads\/2025\/12\/386258d0-a15e-47f4-8f4a-5ab73c1a03a1\"  width=\"40\"\/><strong class=\"_name_ygndg_51 title-serif-xs\">Pelle Dragsted<\/strong><\/p>\n<p class=\"_paragraph_o9xde_4 text-sans-m _description_ygndg_56\">Folketingsmedlem for Enhedslisten<\/p>\n<p class=\"_paragraph_o9xde_4 _paragraph_xtcu6_10 layout-component text-serif-m layout-normal text-serif-m layout-padded\">Martin Lidegaard fra Radikale Venstre reagerer ogs\u00e5. <\/p>\n<p class=\"_paragraph_o9xde_4 _paragraph_xtcu6_10 layout-component text-serif-m layout-normal text-serif-m layout-padded\">\u2013 Trump har ikke glemt sitt \u00f8nske om \u00e5 overta Gr\u00f8nland. Det \u00f8nsker han aktivt \u00e5 signalisere med utnevnelsen av en spesialutsending. Men Gr\u00f8nlands fremtid er og blir Gr\u00f8nlands eget valg, sier han i en uttalelse. <\/p>\n<p><img decoding=\"async\" alt=\"Bilde av Martin Lidegaard\" class=\"_image_ygndg_42\" height=\"27\" itemprop=\"image\" loading=\"lazy\"  src=\"https:\/\/www.europesays.com\/no\/wp-content\/uploads\/2025\/12\/eab1e52b-9d12-49eb-b08d-cd1a66221f9a\"  width=\"40\"\/><strong class=\"_name_ygndg_51 title-serif-xs\">Martin Lidegaard<\/strong><\/p>\n<p class=\"_paragraph_o9xde_4 text-sans-m _description_ygndg_56\">Folketingsmedlem for Radikale Venstre<\/p>\n<p class=\"_paragraph_o9xde_4 _paragraph_xtcu6_10 layout-component text-serif-m layout-normal text-serif-m layout-padded\">Sosialistisk Folkepartis folketingsmedlem Karsten H\u00f8nge. Han tror at utnevnelsen av Landry viser at Trump mener alvor med \u00e5 ta over Gr\u00f8nland, skriver <a href=\"https:\/\/www.dr.dk\/nyheder\/indland\/groenland\/usa-udpeger-saerlig-udsending-til-groenland\" class=\"_link_o9xde_39\" rel=\"nofollow noopener\" target=\"_blank\">DR<\/a>. <\/p>\n<p class=\"_paragraph_o9xde_4 _paragraph_xtcu6_10 layout-component text-serif-m layout-normal text-serif-m layout-padded\">\u2013 Det er farlig for Gr\u00f8nland og RiksfellesskapetRiksfellesskapetRiksfellesskapet utgj\u00f8r Kongeriket Danmark og best\u00e5r av Danmark, Gr\u00f8nland og F\u00e6r\u00f8yene. , men i virkeligheten ogs\u00e5 for hele verden, sier han.<\/p>\n<p>\u2013 En opptrapping<\/p>\n<p class=\"_paragraph_o9xde_4 _paragraph_xtcu6_10 layout-component text-serif-m layout-normal text-serif-m layout-padded\">Kristian Mouritzen er internasjonal analytiker hos den danske avisen Berlingske.<\/p>\n<p class=\"_paragraph_o9xde_4 _paragraph_xtcu6_10 layout-component text-serif-m layout-normal text-serif-m layout-padded\">\u2013 Dette kan bare ses p\u00e5 som en opptrapping og et fors\u00f8k fra Trumps side p\u00e5 \u00e5 si at Gr\u00f8nland skal v\u00e6re en del av USA i l\u00f8pet av hans regjeringstid. Det er det han g\u00e5r etter, sier han til <a href=\"https:\/\/nyheder.tv2.dk\/live\/2025-01-06-kampen-om-groenlands-fremtid\/kan-kun-ses-som-en-optrapning-siger-analytiker?entry=10bdb355-1aeb-457b-bca0-76ea4378dac3\" class=\"_link_o9xde_39\" rel=\"nofollow noopener\" target=\"_blank\">TV2<\/a>. <\/p>\n<p><img alt=\"Den gr\u00f8nlandske hovedstaden Nuuk sett fra luften.   Foto: Jevgenij Maloletka \/ AP\" class=\"_image_qp4xg_65 layout-component layout-normal\" data-fullscreen- data-track-element-type=\"Article image fullscreen\" data-track-name=\"ImageFullscreen\" decoding=\"async\" loading=\"lazy\" height=\"3515\" itemprop=\"image\"  src=\"https:\/\/www.europesays.com\/no\/wp-content\/uploads\/2025\/12\/85767736-4572-417b-8bf5-a9e35f8c8fa7\"  style=\"object-position:0% 0%\" width=\"5272\"\/>Den gr\u00f8nlandske hovedstaden Nuuk sett fra luften.   Foto: Jevgenij Maloletka \/ AP<\/p>\n<p class=\"_paragraph_o9xde_4 _paragraph_xtcu6_10 layout-component text-serif-m layout-normal text-serif-m layout-padded\">Julie Rademacher er gr\u00f8nlandsk. Hun har tidligere v\u00e6rt r\u00e5dgiver for myndighetene p\u00e5 Gr\u00f8nland.<\/p>\n<p class=\"_paragraph_o9xde_4 _paragraph_xtcu6_10 layout-component text-serif-m layout-normal text-serif-m layout-padded\">Hun sier til <a href=\"https:\/\/www.dr.dk\/nyheder\/indland\/groenland\/usa-udpeger-saerlig-udsending-til-groenland?focusId=10739738\" class=\"_link_o9xde_39\" rel=\"nofollow noopener\" target=\"_blank\">DR<\/a> at hun ikke er overrasket av utnevnelsen. Likevel tror hun ikke at USA kommer til \u00e5 lykkes med \u00e5 gj\u00f8re Gr\u00f8nland amerikansk.<\/p>\n<p class=\"_paragraph_o9xde_4 _paragraph_xtcu6_10 layout-component text-serif-m layout-normal text-serif-m layout-padded\">\u2013 Jeg tror at man fra amerikansk side tar feil av kulturen som r\u00e5der p\u00e5 Gr\u00f8nland. Som gr\u00f8nlender er man vant til fors\u00f8k p\u00e5 ytre p\u00e5virkning, men i Gr\u00f8nland vil man bestemme over sitt eget land, spr\u00e5k og kultur, sier Rademacher. <\/p>\n<p> \u2013 Trenger \u00e5 sikre Gr\u00f8nland<\/p>\n<p class=\"_paragraph_o9xde_4 _paragraph_xtcu6_10 layout-component text-serif-m layout-normal text-serif-m layout-padded\">Den nyoppnevnte spesialutsendingen fortsetter som guvern\u00f8r i Louisiana, og f\u00e5r ikke betalt for det nye vervet. <\/p>\n<p class=\"_paragraph_o9xde_4 _paragraph_xtcu6_10 layout-component text-serif-m layout-normal text-serif-m layout-padded\">Landry har tidligere st\u00f8ttet Trumps planer om en amerikansk overtagelse av Gr\u00f8nland. <\/p>\n<p class=\"_paragraph_o9xde_4 _paragraph_xtcu6_10 layout-component text-serif-m layout-normal text-serif-m layout-padded\">\u2013 President Donald J. Trump har helt rett! Vi trenger \u00e5 sikre at Gr\u00f8nland blir en del av USA. Bra for fem, bra for oss, skrev han p\u00e5 <a href=\"https:\/\/x.com\/JeffLandry\/status\/1877553864305471828\" class=\"_link_o9xde_39\" rel=\"nofollow\">X<\/a> i januar. <\/p>\n<p><img alt=\"Louisiana-guvern\u00f8r Jeff Landry.   Foto: Gerald Herbert \/ AP \/ NTB\" class=\"_image_qp4xg_65 layout-component layout-normal\" data-fullscreen- data-track-element-type=\"Article image fullscreen\" data-track-name=\"ImageFullscreen\" decoding=\"async\" loading=\"lazy\" height=\"3403\" itemprop=\"image\"  src=\"https:\/\/www.europesays.com\/no\/wp-content\/uploads\/2025\/12\/4f286743-b5f8-45b6-a121-878108532129\"  style=\"object-position:0% 0%\" width=\"5104\"\/>Louisiana-guvern\u00f8r Jeff Landry.   Foto: Gerald Herbert \/ AP \/ NTB<\/p>\n<p class=\"_paragraph_o9xde_4 _paragraph_xtcu6_10 layout-component text-serif-m layout-normal text-serif-m layout-padded\">54-\u00e5ringen ble valgt til guvern\u00f8r i Louisiana i fjor. F\u00f8r dette var han justisminister i delstaten. Republikaneren har ogs\u00e5 v\u00e6rt politibetjent og bedriftseier. <\/p>\n<p>Utelukker ikke milit\u00e6rmakt<\/p>\n<p class=\"_paragraph_o9xde_4 _paragraph_xtcu6_10 layout-component text-serif-m layout-normal text-serif-m layout-padded\">For n\u00f8yaktig ett \u00e5r siden skrev Trump p\u00e5 Truth Social at det er n\u00f8dvendig for USAs nasjonale sikkerhet at de f\u00e5r eierskap og kontroll over Gr\u00f8nland. <\/p>\n<p class=\"_paragraph_o9xde_4 _paragraph_xtcu6_10 layout-component text-serif-m layout-normal text-serif-m layout-padded\">Trump har tidligere ikke utelukket \u00e5 bruke milit\u00e6r makt for \u00e5 oppn\u00e5 \u00f8nsket om \u00e5 overta den arktiske \u00f8ya. <\/p>\n<p class=\"_paragraph_o9xde_4 _paragraph_xtcu6_10 layout-component text-serif-m layout-normal text-serif-m layout-padded\">Gr\u00f8nland er en del av Danmark, men har stor grad av selvstyre i innenrikspolitiske sp\u00f8rsm\u00e5l. <\/p>\n<p class=\"_paragraph_o9xde_4 _paragraph_xtcu6_10 layout-component text-serif-m layout-normal text-serif-m layout-padded\">Gr\u00f8nland har snaut 57.000 innbyggere. 88 prosent av disse er gr\u00f8nlendere, som er av inuittisk herkomst. Resten er hovedsakelig dansker.<\/p>\n<p class=\"_paragraph_o9xde_4 _paragraph_xtcu6_10 layout-component text-serif-m layout-normal text-serif-m layout-padded\">I middelalderen var Gr\u00f8nland underlagt Norge, som senere ble underlagt Danmark. Da Norge ble skilt fra Danmark i 1814, beholdt danskene Gr\u00f8nland.<\/p>\n<p class=\"_paragraph_o9xde_4 _paragraph_xtcu6_10 layout-component text-serif-m layout-normal text-serif-m layout-padded\">I 1946 foreslo USA \u00e5 kj\u00f8pe Gr\u00f8nland, men den danske regjeringen avviste forslaget.<\/p>\n<p>    <img decoding=\"async\" alt=\"Tips oss illustrasjon\" src=\"https:\/\/www.europesays.com\/no\/wp-content\/uploads\/2025\/10\/pssst-small.webp.webp\"\/>    <\/p>\n<p class=\"title-serif-s\">Har du tips?<\/p>\n<p class=\"text-sans-m\">Send oss informasjon, bilder eller video.<\/p>\n<p>  <a href=\"https:\/\/www.vg.no\/tips-oss\" rel=\"nofollow noopener\" target=\"_blank\"> Tips oss <\/a>      <\/p>\n","protected":false},"excerpt":{"rendered":"USAs president Donald Trump har utnevnt Jeff Landry som spesialutsending til Gr\u00f8nland. Oppnevnelsen m\u00f8ter sterke reaksjoner. Danmarks utenriksminister&hellip;\n","protected":false},"author":2,"featured_media":119533,"comment_status":"","ping_status":"","sticky":false,"template":"","format":"standard","meta":{"footnotes":""},"categories":[5],"tags":[31,20,21,1524,55,24,25,2112,15,19,3330,22,23,17,18,13,30,28,29,14,16,26,27,50],"class_list":{"0":"post-119532","1":"post","2":"type-post","3":"status-publish","4":"format-standard","5":"has-post-thumbnail","7":"category-overskrifter","8":"tag-breaking","9":"tag-breaking-news","10":"tag-breakingnews","11":"tag-danmark","12":"tag-donald-trump","13":"tag-featured-news","14":"tag-featurednews","15":"tag-gronland","16":"tag-headlines","17":"tag-hovedoppslag","18":"tag-lars-lokke-rasmussen","19":"tag-latest-news","20":"tag-latestnews","21":"tag-main-news","22":"tag-mainnews","23":"tag-news","24":"tag-no","25":"tag-norge","26":"tag-norway","27":"tag-nyheter","28":"tag-overskrifter","29":"tag-top-stories","30":"tag-topstories","31":"tag-usa"},"share_on_mastodon":{"url":"https:\/\/pubeurope.com\/@no\/115763160371233207","error":""},"_links":{"self":[{"href":"https:\/\/www.europesays.com\/no\/wp-json\/wp\/v2\/posts\/119532","targetHints":{"allow":["GET"]}}],"collection":[{"href":"https:\/\/www.europesays.com\/no\/wp-json\/wp\/v2\/posts"}],"about":[{"href":"https:\/\/www.europesays.com\/no\/wp-json\/wp\/v2\/types\/post"}],"author":[{"embeddable":true,"href":"https:\/\/www.europesays.com\/no\/wp-json\/wp\/v2\/users\/2"}],"replies":[{"embeddable":true,"href":"https:\/\/www.europesays.com\/no\/wp-json\/wp\/v2\/comments?post=119532"}],"version-history":[{"count":0,"href":"https:\/\/www.europesays.com\/no\/wp-json\/wp\/v2\/posts\/119532\/revisions"}],"wp:featuredmedia":[{"embeddable":true,"href":"https:\/\/www.europesays.com\/no\/wp-json\/wp\/v2\/media\/119533"}],"wp:attachment":[{"href":"https:\/\/www.europesays.com\/no\/wp-json\/wp\/v2\/media?parent=119532"}],"wp:term":[{"taxonomy":"category","embeddable":true,"href":"https:\/\/www.europesays.com\/no\/wp-json\/wp\/v2\/categories?post=119532"},{"taxonomy":"post_tag","embeddable":true,"href":"https:\/\/www.europesays.com\/no\/wp-json\/wp\/v2\/tags?post=119532"}],"curies":[{"name":"wp","href":"https:\/\/api.w.org\/{rel}","templated":true}]}}