{"id":119543,"date":"2025-12-22T12:29:14","date_gmt":"2025-12-22T12:29:14","guid":{"rendered":"https:\/\/www.europesays.com\/no\/119543\/"},"modified":"2025-12-22T12:29:14","modified_gmt":"2025-12-22T12:29:14","slug":"russisk-general-drept-i-bileksplosjon-i-moskva","status":"publish","type":"post","link":"https:\/\/www.europesays.com\/no\/119543\/","title":{"rendered":"Russisk general drept i bileksplosjon i Moskva"},"content":{"rendered":"<p class=\"extendedContent hyperion-css-eyn926\" data-test-tag=\"lead-text\">Russiske myndigheter mener en bombe var plassert under bilen.<\/p>\n<p><img decoding=\"async\" class=\"image-asset hyperion-css-u06ts1\" data-test-tag=\"image-asset\" src=\"https:\/\/www.europesays.com\/no\/wp-content\/uploads\/2025\/12\/30138064-1a5d-40d6-b8a6-2063123870da\"  alt=\"\"  loading=\"eager\" fetchpriority=\"high\" style=\"aspect-ratio:1280 \/ 960\"\/> Foto: Russlands etterforskningskomit\u00e9.<\/p>\n<p class=\"paywall hyperion-css-1j42uic\">Den russiske generalen Fanil Sarvarov, sjefen for oppl\u00e6ring og trening av russiske styrker, skal ha blitt drept i en bileksplosjon i Moskva. <\/p>\n<p class=\"paywall hyperion-css-1j42uic\">If\u00f8lge russiske myndigheter gikk eksplosiver av under bilen tidlig mandag morgen. Det skjedde p\u00e5 en parkeringsplass utenfor et stort boligkompleks.<\/p>\n<p class=\"paywall hyperion-css-1j42uic\">De skriver at de etterforsker saken. En av teoriene til russiske myndigheter er at Ukraina st\u00e5r bak.<\/p>\n<p class=\"paywall hyperion-css-1j42uic\">De siste \u00e5rene er flere personer knyttet til det russiske forsvaret eller russiske ideologer blitt drept i Russland.<\/p>\n<p>Her er en oversikt over de mest profilerte sakene:<\/p>\n<p class=\"paywall hyperion-css-1j42uic\"><strong>22. desember 2025<\/strong> \u2013 Generall\u00f8ytnant Fanil Sarvarov blir drept da en bombe eksploderer under hans Kia Sorento s\u00f8r i Moskva. Sarvarov ledet direktoratet for operativ utdanning i den russiske generalstaben. Russiske etterforskere sier de mistenker ukrainske spesialtjenester for \u00e5 st\u00e5 bak. Kyiv har ikke kommentert drapet.<\/p>\n<p class=\"paywall hyperion-css-1j42uic\"><strong>25. april 2025<\/strong> \u2013 Generall\u00f8ytnant Jaroslav Moskalik (59) blir drept i et bilbombeangrep n\u00e6r Moskva. Moskalik var nestleder for hoveddirektoratet for operasjoner i generalstaben.<\/p>\n<p class=\"paywall hyperion-css-1j42uic\"><strong>17. desember 2024<\/strong> \u2013 Generall\u00f8ytnant Igor Kirillov, sjef for Russlands styrker for kjernefysisk, biologisk og kjemisk beskyttelse, blir drept utenfor et leilighetsbygg i Moskva sammen med sin assistent. En bombe skjult i en elektrisk sparkesykkel detonerte.<\/p>\n<p class=\"paywall hyperion-css-1j42uic\"><strong>13. november 2024<\/strong> \u2013 En bombe plassert under en bil drepte en russisk soldat i Sevastopol p\u00e5 den russiskannekterte Krymhalv\u00f8ya. En ukrainsk sikkerhetskilde identifiserer ham som Valerij Trankovskij, en russisk marinekaptein som Kyiv anklaget for krigsforbrytelser etter \u00e5 ha beordret rakettangrep mot sivile m\u00e5l.<\/p>\n<p class=\"paywall hyperion-css-1j42uic\"><strong>4. oktober 2024<\/strong> \u2013 Andrej Korotkij, ansatt ved det russiskkontrollerte atomkraftverket i Zaporizjzja i det s\u00f8rlige Ukraina, blir drept i et bilbombeangrep. Ukrainsk milit\u00e6r etterretning omtaler ham som kollaborat og krigsforbryter.<\/p>\n<p class=\"paywall hyperion-css-1j42uic\"><strong>6. desember 2023<\/strong> \u2013 Illia Kyva, en tidligere ukrainsk parlamentsrepresentant som av Kyiv ble ansett som en forr\u00e6der, blir skutt og drept n\u00e6r Moskva.<\/p>\n<p class=\"paywall hyperion-css-1j42uic\"><strong>11. juli 2023<\/strong> \u2013 Den russiske offiseren Stanislav Rzjitskij, som tidligere hadde kommandoen over en ub\u00e5t i Svartehavet og sto p\u00e5 en ukrainsk liste over p\u00e5st\u00e5tte krigsforbrytere, blir skutt og drept under en morgentur i Krasnodar.<\/p>\n<p class=\"paywall hyperion-css-1j42uic\"><strong>2. april 2023<\/strong> \u2013 Vladen Tatarskij, en prorussisk milit\u00e6rblogger, blir drept da en bombe skjult i en statuett eksploderer p\u00e5 en kaf\u00e9 i St. Petersburg. Statuetten ble overrakt av en kvinne.<\/p>\n<p class=\"paywall hyperion-css-1j42uic\"><strong>20. august 2022<\/strong> \u2013 Darja Dugina, datter av en prorussisk nasjonalistisk ideolog, blir drept i et bilbombeangrep i Moskva-regionen.<\/p>\n","protected":false},"excerpt":{"rendered":"Russiske myndigheter mener en bombe var plassert under bilen. Foto: Russlands etterforskningskomit\u00e9. Den russiske generalen Fanil Sarvarov, sjefen&hellip;\n","protected":false},"author":2,"featured_media":119544,"comment_status":"","ping_status":"","sticky":false,"template":"","format":"standard","meta":{"footnotes":""},"categories":[12],"tags":[20,21,24,25,15,22,23,13,30,28,29,14,16,26,27,42,43,44,45],"class_list":{"0":"post-119543","1":"post","2":"type-post","3":"status-publish","4":"format-standard","5":"has-post-thumbnail","7":"category-verden","8":"tag-breaking-news","9":"tag-breakingnews","10":"tag-featured-news","11":"tag-featurednews","12":"tag-headlines","13":"tag-latest-news","14":"tag-latestnews","15":"tag-news","16":"tag-no","17":"tag-norge","18":"tag-norway","19":"tag-nyheter","20":"tag-overskrifter","21":"tag-top-stories","22":"tag-topstories","23":"tag-verden","24":"tag-world","25":"tag-world-news","26":"tag-worldnews"},"share_on_mastodon":{"url":"https:\/\/pubeurope.com\/@no\/115763227440000484","error":""},"_links":{"self":[{"href":"https:\/\/www.europesays.com\/no\/wp-json\/wp\/v2\/posts\/119543","targetHints":{"allow":["GET"]}}],"collection":[{"href":"https:\/\/www.europesays.com\/no\/wp-json\/wp\/v2\/posts"}],"about":[{"href":"https:\/\/www.europesays.com\/no\/wp-json\/wp\/v2\/types\/post"}],"author":[{"embeddable":true,"href":"https:\/\/www.europesays.com\/no\/wp-json\/wp\/v2\/users\/2"}],"replies":[{"embeddable":true,"href":"https:\/\/www.europesays.com\/no\/wp-json\/wp\/v2\/comments?post=119543"}],"version-history":[{"count":0,"href":"https:\/\/www.europesays.com\/no\/wp-json\/wp\/v2\/posts\/119543\/revisions"}],"wp:featuredmedia":[{"embeddable":true,"href":"https:\/\/www.europesays.com\/no\/wp-json\/wp\/v2\/media\/119544"}],"wp:attachment":[{"href":"https:\/\/www.europesays.com\/no\/wp-json\/wp\/v2\/media?parent=119543"}],"wp:term":[{"taxonomy":"category","embeddable":true,"href":"https:\/\/www.europesays.com\/no\/wp-json\/wp\/v2\/categories?post=119543"},{"taxonomy":"post_tag","embeddable":true,"href":"https:\/\/www.europesays.com\/no\/wp-json\/wp\/v2\/tags?post=119543"}],"curies":[{"name":"wp","href":"https:\/\/api.w.org\/{rel}","templated":true}]}}