{"id":119553,"date":"2025-12-22T12:47:37","date_gmt":"2025-12-22T12:47:37","guid":{"rendered":"https:\/\/www.europesays.com\/no\/119553\/"},"modified":"2025-12-22T12:47:37","modified_gmt":"2025-12-22T12:47:37","slug":"dette-bor-du-vite-om-du-skal-fly-i-jula-vol-no","status":"publish","type":"post","link":"https:\/\/www.europesays.com\/no\/119553\/","title":{"rendered":"(+) Dette b\u00f8r du vite om du skal fly i jula &#8211; vol.no"},"content":{"rendered":"<ol>\n<li><a href=\"https:\/\/news.google.com\/rss\/articles\/CBMiiwFBVV95cUxQQnRyZmN2SzNIWVA2aGxWdE9tcWZIM1NsQjJ4X0FrZkRXMHFsUVc4eHBZOElXaHJpS3lEcmo3ekpiT25oLTFNdF9mdE9KeHZJSzIzNGVxcmVTNUNINHpSMEdQT0R2LVFwNUFhTnRJY0ZHSXQxcVYzWjhjcE1DNE1IQ09xWi12XzM1RHNZ?oc=5\" target=\"_blank\" rel=\"nofollow noopener\">(+) Dette b\u00f8r du vite om du skal fly i jula<\/a>&nbsp;&nbsp;vol.no<\/li>\n<li><a href=\"https:\/\/news.google.com\/rss\/articles\/CBMipAFBVV95cUxNYUFWOU9WY3ZnUlREYUd4X1ktWU9tempUcnI4cEk1MHpJaEZGOTlLODZCSXdIVXhYQW9YSmx3TUg1aFFOSlVXWjRQNXNsSFhkSkpUSU0tRmZYSDVjWmw3OHlyQjV4RnQwRWJhcTRiaDlXcVUzNG1HQzBNMFNhU0NoZkYtMzQ0RXhkRzRVVjF6RmVCTWRfbEMzSmVSUjBUekRTYVR0cg?oc=5\" target=\"_blank\" rel=\"nofollow noopener\">Torp Sandefjord lufthavn, Jul | 130.000 reiser til eller fra Torp i jula: \u2013 Mange Love Actually-\u00f8yeblikk<\/a>&nbsp;&nbsp;T\u00f8nsbergs Blad<\/li>\n<li><a href=\"https:\/\/news.google.com\/rss\/articles\/CBMiakFVX3lxTE5BZFVrVUEteVhzRjZvTTNXc1pLQS1VYndNMVdWaFlQMmhaNkZCLWgyOFRjRWpXS1RNOTNuQWktYkFrTXpiX0ZkTnhvTVZjZGJBek41R0JjU3lxMDNDRk5kZF9vUDFBVzZUd2c?oc=5\" target=\"_blank\" rel=\"nofollow noopener\">1,5 millioner nordmenn advares f\u00f8r julereisen<\/a>&nbsp;&nbsp;Sol.no samler de viktigste nyhetene for deg!<\/li>\n<li><a href=\"https:\/\/news.google.com\/rss\/articles\/CBMie0FVX3lxTE9ucHZnNzExR3R6Mm54ZHhhaFhRcE5RaFZVekNKeTh3R3hZVGRNbUptWnlHaHRaZHBuXzhRQnBDSFdKNDNUYUhGWWZpOGlfcVBpckhtR2RoUXk4Yl9XWXN4UFhWRlIwVDhCUDhoUGpSNGtjS0JsUmZfSUlIMA?oc=5\" target=\"_blank\" rel=\"nofollow noopener\">Hjem til jul 2025 &#8211; \u00c5rets nest travleste juledag p\u00e5 Flesland<\/a>&nbsp;&nbsp;Bergens Tidende<\/li>\n<li><a href=\"https:\/\/news.google.com\/rss\/articles\/CBMijgFBVV95cUxOTTB0bTNIUm03allzNHZmSC1QbGwtTG5qVXJnT2hrMzhvd0lzWWRKT1BSR2NreDR5bzRMc19vNVVnM1FxTTBCS1Q4TEw0b3lsY3hGc2Q5dDR1TjFpMzVuOGpyTldlTEEtempYWmJrMDNkVDRSN1JVVmtIVmVWRkJPNlNPaGdJZEl6eF93XzhB?oc=5\" target=\"_blank\" rel=\"nofollow noopener\">Bergen Lufthavn Flesland, Helge Eidsnes | Vekterne p\u00e5 Flesland \u00f8nsker ikke \u00e5 v\u00e6re julens \u00abGrinch\u00bb<\/a>&nbsp;&nbsp;Bergensavisen<\/li>\n<\/ol>\n","protected":false},"excerpt":{"rendered":"(+) Dette b\u00f8r du vite om du skal fly i jula&nbsp;&nbsp;vol.no Torp Sandefjord lufthavn, Jul | 130.000 reiser&hellip;\n","protected":false},"author":2,"featured_media":115179,"comment_status":"","ping_status":"","sticky":false,"template":"","format":"standard","meta":{"footnotes":""},"categories":[10],"tags":[20,21,9382,24,25,14289,15,22,23,13,30,28,29,14,16,26,27],"class_list":{"0":"post-119553","1":"post","2":"type-post","3":"status-publish","4":"format-standard","5":"has-post-thumbnail","7":"category-norge","8":"tag-breaking-news","9":"tag-breakingnews","10":"tag-evenes","11":"tag-featured-news","12":"tag-featurednews","13":"tag-harstad-narvik-lufthavn","14":"tag-headlines","15":"tag-latest-news","16":"tag-latestnews","17":"tag-news","18":"tag-no","19":"tag-norge","20":"tag-norway","21":"tag-nyheter","22":"tag-overskrifter","23":"tag-top-stories","24":"tag-topstories"},"share_on_mastodon":{"url":"https:\/\/pubeurope.com\/@no\/115763297777035085","error":""},"_links":{"self":[{"href":"https:\/\/www.europesays.com\/no\/wp-json\/wp\/v2\/posts\/119553","targetHints":{"allow":["GET"]}}],"collection":[{"href":"https:\/\/www.europesays.com\/no\/wp-json\/wp\/v2\/posts"}],"about":[{"href":"https:\/\/www.europesays.com\/no\/wp-json\/wp\/v2\/types\/post"}],"author":[{"embeddable":true,"href":"https:\/\/www.europesays.com\/no\/wp-json\/wp\/v2\/users\/2"}],"replies":[{"embeddable":true,"href":"https:\/\/www.europesays.com\/no\/wp-json\/wp\/v2\/comments?post=119553"}],"version-history":[{"count":0,"href":"https:\/\/www.europesays.com\/no\/wp-json\/wp\/v2\/posts\/119553\/revisions"}],"wp:featuredmedia":[{"embeddable":true,"href":"https:\/\/www.europesays.com\/no\/wp-json\/wp\/v2\/media\/115179"}],"wp:attachment":[{"href":"https:\/\/www.europesays.com\/no\/wp-json\/wp\/v2\/media?parent=119553"}],"wp:term":[{"taxonomy":"category","embeddable":true,"href":"https:\/\/www.europesays.com\/no\/wp-json\/wp\/v2\/categories?post=119553"},{"taxonomy":"post_tag","embeddable":true,"href":"https:\/\/www.europesays.com\/no\/wp-json\/wp\/v2\/tags?post=119553"}],"curies":[{"name":"wp","href":"https:\/\/api.w.org\/{rel}","templated":true}]}}