{"id":119559,"date":"2025-12-22T12:54:28","date_gmt":"2025-12-22T12:54:28","guid":{"rendered":"https:\/\/www.europesays.com\/no\/119559\/"},"modified":"2025-12-22T12:54:28","modified_gmt":"2025-12-22T12:54:28","slug":"gruvemotstandere-av-nussir-feirer-jul-i-protestleir-nrk-troms-og-finnmark","status":"publish","type":"post","link":"https:\/\/www.europesays.com\/no\/119559\/","title":{"rendered":"Gruvemotstandere av Nussir feirer jul i protestleir \u2013 NRK Troms og Finnmark"},"content":{"rendered":"<p>For Thomas-Andr\u00e9 Terjes\u00f8nn (22) fra Harstad blir dette den f\u00f8rste jula han ikke feirer hjemme.<\/p>\n<p>\u2013 Jeg skulle egentlig dra hjem for noen timer siden, men f\u00f8lte at jeg m\u00e5tte v\u00e6re her. Det trengs folk. Det m\u00e5 alltid v\u00e6re noen her og holde ilden g\u00e5ende, sier han.<\/p>\n<p><a href=\"https:\/\/www.nrk.no\/tromsogfinnmark\/natur-og-ungdom-har-lenket-seg-fast-til-maskiner-pa-anleggsomradet-til-nussir-1.17487530\" ec-id=\"pp:article:1.17487530\" ec-name=\"Aksjonsleiren\" rel=\"nofollow noopener\" target=\"_blank\">Aksjonsleiren<\/a> ble opprettet i juni i \u00e5r, etter at Nussir ASA startet sprengningsarbeid i fjellet i Repparfjorden i Hammerfest. Siden da har leiren v\u00e6rt bemannet d\u00f8gnet rundt.<\/p>\n<p><strong>Men n\u00e5 er det kun tre demonstranter igjen.<\/strong><\/p>\n<p>Aktivistene frykter at prosjektet vil \u00f8delegge kalvingsomr\u00e5dene for reindrifta og at deponeringen av gruveavfallet i fjorden vil gj\u00f8re stor skade. <\/p>\n<p><img decoding=\"async\"   src=\"data:image\/gif;base64,R0lGODlhAQABAIAAAAAAAP\/\/\/yH5BAEAAAAALAAAAAABAAEAAAIBRAA7\" loading=\"eager\" alt=\"Julefeiring i teltleiren i Repparfjord\" title=\"Foto: Allan Klo \/ NRK\"\/><\/p>\n<p class=\"\">Protestleiren ligger bare noen kilometer fra omr\u00e5det der Nussir ASA skal ha gruvedrift og sj\u00f8deponi. <\/p>\n<p>Foto: Allan Klo \/ NRK<\/p>\n<p>N\u00e5 skal teltleiren ogs\u00e5 v\u00e6re bemannet i jula. Terjes\u00f8nn skal feire sammen med Lisa Holm\u00e5s fra Bergen og Andda Eriksson fra Sverige.<\/p>\n<p>Terjes\u00f8nn beskriver seg selv som et friluftsmenneske, og tanken p\u00e5 en jul i telt skremmer ham ikke.<\/p>\n<p>\u2013 Bare det \u00e5 ligge her og h\u00f8re vinden og knitringen fra b\u00e5let, det er himmel for meg. Og det blir en spesiell stemning n\u00e5r man er en liten gjeng p\u00e5 fire\u2013fem venner, kontra hele familien.<\/p>\n<p><img decoding=\"async\"   src=\"data:image\/gif;base64,R0lGODlhAQABAIAAAAAAAP\/\/\/yH5BAEAAAAALAAAAAABAAEAAAIBRAA7\" loading=\"eager\" alt=\"Thomas-Andr\u00e9 Terjes\u00f8nn, 22 \u00e5r fra Harstad, Andda Eriksson, 20 \u00e5r fra Arvidsjaur i Nord-Sverige. &#10;Lisa Holm\u00e5s, 24 \u00e5r fra Lind\u00e5s i Nordhordland, skal feire jul sammen i teltleiren i Repparfjord\" title=\"Foto: Allan Klo \/ NRK\"\/><\/p>\n<p class=\"\">Disse tre, Andda Eriksson, Thomas-Andr\u00e9 Terjes\u00f8nn og Lisa Holm\u00e5s, skal feire jul sammen i teltleiren i Repparfjord.<\/p>\n<p>Foto: Allan Klo \/ NRK<\/p>\n<p>\u2013 Vi er her for en samla sak<\/p>\n<p>Selv om aktivistene ikke har kjent hverandre lenge, beskriver Terjes\u00f8nn et sterkt fellesskap.<\/p>\n<p>\u2013 Vi sl\u00e5ss for samme sak. Da blir det et samhold. Det er vakkert i seg selv.<\/p>\n<p>Julestemningen skal de skape med pynt, musikk og tradisjoner de tar med hjemmefra.<\/p>\n<p>\u2013 Man gj\u00f8r det man gj\u00f8r hjemme. Man drar litt av sine egne tradisjoner med hit.<\/p>\n<p>Men hva som st\u00e5r p\u00e5 menyen p\u00e5 julaften, er fortsatt litt uklart.<\/p>\n<p>\u2013 Vi tenker \u00e5 dra til Alta og gj\u00f8re litt juleshopping. Kanskje blir det b\u00e5de svensk og norsk mat p\u00e5 julebordet. Jeg tror det blir sykt g\u00f8y.<\/p>\n<p><img decoding=\"async\"   src=\"data:image\/gif;base64,R0lGODlhAQABAIAAAAAAAP\/\/\/yH5BAEAAAAALAAAAAABAAEAAAIBRAA7\" loading=\"eager\" alt=\"Julefeiring for aktivister i Repparfjord\" title=\"Foto: Allan Klo \/ NRK\"\/><\/p>\n<p class=\"\">I teltleiren ved Repparfjorden lever b\u00e5de julevarmen og kamp\u00e5nden tett p\u00e5 hverandre.<\/p>\n<p>Foto: Allan Klo \/ NRK<\/p>\n<p>\u2013 Det er ingen som vil at det skal v\u00e6re en leir her<\/p>\n<p>Lisa Holm\u00e5s (24) har reist helt fra Lind\u00e5s i Bergen for \u00e5 v\u00e6re i leiren gjennom jula. Hun var her ogs\u00e5 i sommer, men innr\u00f8mmer at det er spesielt \u00e5 v\u00e6re i leiren i jula.<\/p>\n<p>\u2013 Det er jo ingen som vil at det skal v\u00e6re en aksjonsleir her, men vi m\u00e5. Det er trist \u00e5 v\u00e6re vekke fra familie og tradisjoner, men jeg er glad for at jeg har tid og kapasitet til \u00e5 v\u00e6re her n\u00e5. Da kan jeg avlaste dem som har st\u00e5tt her gjennom hele h\u00f8sten.<\/p>\n<p>Lisa forteller at hun har med seg litt hjemmebakt julekake som moren har laget. Og hun har planlagt \u00e9n ting helt spesielt:<\/p>\n<p>\u2013 P\u00e5 lille julaften skal jeg lese fra mummijuleheftet mitt, godnatthistorie for alle sammen.<\/p>\n<p>Heftet fikk hun av en studievenn som ville sende henne av g\u00e5rde med litt ekstra varme.<\/p>\n<p>\u2013 Jeg har f\u00e5tt mange julegaver tidlig i \u00e5r. Ullb\u00f8ffen jeg har p\u00e5 meg, fikk jeg av en venn. Genseren er strikket av bestemora til romkameraten min.<\/p>\n<p>En jul i kampen for naturen<\/p>\n<p>For de tre aktivistene blir \u00e5rets jul en h\u00f8ytid viet naturkampen. Likevel sier Holm\u00e5s at det ikke f\u00f8les som et stort offer<\/p>\n<p>\u2013 Livet er langt, det er mange juler \u00e5 feire. Denne blir her.<\/p>\n<p>Hun beskriver de to andre som en liten, selvvalgt julefamilie.<\/p>\n<p>\u2013 Det er fine folk. Vi skaper v\u00e5r egen julefeiring, og vi bestemmer sj\u00f8l hva vi vil gj\u00f8re.<\/p>\n<p><img decoding=\"async\"   src=\"data:image\/gif;base64,R0lGODlhAQABAIAAAAAAAP\/\/\/yH5BAEAAAAALAAAAAABAAEAAAIBRAA7\" loading=\"eager\" alt=\"Julefeiring i teltleir i Repparfjord\" title=\"Foto: Allan Klo \/ NRK\"\/><\/p>\n<p class=\"\">Juletreet teltleiren har f\u00e5tt lys og kuler. <\/p>\n<p>Foto: Allan Klo \/ NRK<\/p>\n<p>Publisert<\/p>\n<p>22.12.2025, kl. 07.31<\/p>\n<p>Oppdatert<\/p>\n<p>22.12.2025, kl. 07.33<\/p>\n","protected":false},"excerpt":{"rendered":"For Thomas-Andr\u00e9 Terjes\u00f8nn (22) fra Harstad blir dette den f\u00f8rste jula han ikke feirer hjemme. \u2013 Jeg skulle&hellip;\n","protected":false},"author":2,"featured_media":119560,"comment_status":"","ping_status":"","sticky":false,"template":"","format":"standard","meta":{"footnotes":""},"categories":[10],"tags":[20,21,24,25,15,22,23,13,30,28,29,14,16,26,27],"class_list":{"0":"post-119559","1":"post","2":"type-post","3":"status-publish","4":"format-standard","5":"has-post-thumbnail","7":"category-norge","8":"tag-breaking-news","9":"tag-breakingnews","10":"tag-featured-news","11":"tag-featurednews","12":"tag-headlines","13":"tag-latest-news","14":"tag-latestnews","15":"tag-news","16":"tag-no","17":"tag-norge","18":"tag-norway","19":"tag-nyheter","20":"tag-overskrifter","21":"tag-top-stories","22":"tag-topstories"},"share_on_mastodon":{"url":"https:\/\/pubeurope.com\/@no\/115763325785598992","error":""},"_links":{"self":[{"href":"https:\/\/www.europesays.com\/no\/wp-json\/wp\/v2\/posts\/119559","targetHints":{"allow":["GET"]}}],"collection":[{"href":"https:\/\/www.europesays.com\/no\/wp-json\/wp\/v2\/posts"}],"about":[{"href":"https:\/\/www.europesays.com\/no\/wp-json\/wp\/v2\/types\/post"}],"author":[{"embeddable":true,"href":"https:\/\/www.europesays.com\/no\/wp-json\/wp\/v2\/users\/2"}],"replies":[{"embeddable":true,"href":"https:\/\/www.europesays.com\/no\/wp-json\/wp\/v2\/comments?post=119559"}],"version-history":[{"count":0,"href":"https:\/\/www.europesays.com\/no\/wp-json\/wp\/v2\/posts\/119559\/revisions"}],"wp:featuredmedia":[{"embeddable":true,"href":"https:\/\/www.europesays.com\/no\/wp-json\/wp\/v2\/media\/119560"}],"wp:attachment":[{"href":"https:\/\/www.europesays.com\/no\/wp-json\/wp\/v2\/media?parent=119559"}],"wp:term":[{"taxonomy":"category","embeddable":true,"href":"https:\/\/www.europesays.com\/no\/wp-json\/wp\/v2\/categories?post=119559"},{"taxonomy":"post_tag","embeddable":true,"href":"https:\/\/www.europesays.com\/no\/wp-json\/wp\/v2\/tags?post=119559"}],"curies":[{"name":"wp","href":"https:\/\/api.w.org\/{rel}","templated":true}]}}