{"id":119568,"date":"2025-12-22T13:04:08","date_gmt":"2025-12-22T13:04:08","guid":{"rendered":"https:\/\/www.europesays.com\/no\/119568\/"},"modified":"2025-12-22T13:04:08","modified_gmt":"2025-12-22T13:04:08","slug":"til-leder-oyvind-alapnes-matte-ga-av-etter-varsel-om-verbal-seksuell-trakassering-nrk-troms-og-finnmark","status":"publish","type":"post","link":"https:\/\/www.europesays.com\/no\/119568\/","title":{"rendered":"TIL-leder \u00d8yvind Alapnes m\u00e5tte g\u00e5 av etter varsel om verbal seksuell trakassering \u2013 NRK Troms og Finnmark"},"content":{"rendered":"<p>5. november i \u00e5r ble det kjent at \u00d8yvind Alapnes ville gi seg som daglig leder i Troms\u00f8 IL etter sesongslutt. Han forklarte avgangen med at klubben st\u00e5r sterkt, med kvalifisering til europeisk spill og en solid organisasjon, og at han f\u00f8lte det var rett tidspunkt \u00e5 gi seg.<\/p>\n<p><strong>22. desember skriver <a href=\"https:\/\/www.nordlys.no\/til-sjefen-matte-ga-pa-grunn-av-varslingssak\/s\/5-34-2263381\" ec-id=\"https:\/\/www.nordlys.no\/til-sjefen-matte-ga-pa-grunn-av-varslingssak\/s\/5-34-2263381\" ec-name=\"Nordlys\" rel=\"nofollow noopener\" target=\"_blank\">Nordlys<\/a> at Alapnes m\u00e5tte g\u00e5 av etter en varslingssak om verbal seksuell trakassering.<\/strong><\/p>\n<p>En kvinne i klubbens organisasjon forteller til avisa at hun to ganger skal ha blitt utsatt for slik trakassering av Alapnes.<\/p>\n<p>NRK har v\u00e6rt i kontakt med Alapnes. Han vil ikke kommentere saken og viser til det han har skrevet p\u00e5 Facebook.<\/p>\n<p><strong>\u2013 Varsler f\u00f8ler \u00e5penbart det vedkommende f\u00f8ler. P\u00e5 min side forst\u00e5r jeg ikke hvordan dette kunne ende opp slik det gjorde. Varsler opplever at det er sagt upassende kommentarer, jeg er sikker p\u00e5 at jeg aldri har hatt en intensjon om \u00e5 ramme varsleren, skriver han p\u00e5 Facebook.<\/strong><\/p>\n<p>Han skriver ogs\u00e5 at han er kritisk til prosessen.<\/p>\n<p>Intern gransking<\/p>\n<p>I forbindelse med varslene ble det igangsatt en intern gransking der konklusjonen var at Alapnes hadde brutt klubbens retningslinjer.<\/p>\n<p>Styreleder i Troms\u00f8 idrettslag, Stig Bj\u00f8rklund, bekrefter til NRK at en varslingssak var bakgrunnen for at Alapnes sluttet i jobben.<\/p>\n<p>\u2013 Saken er jo ute i mediene. Vi skulle jo \u00f8nske at det ikke var en s\u00e5nn type sak ute, av hensyn til alle parter. Men noen ganger er ikke det til \u00e5 unng\u00e5. Men der st\u00e5r vi n\u00e5, og s\u00e5nn er det. Men jeg er kjent med at det var en varslingssak som var en del av grunnlaget for at han gikk, sier han.<\/p>\n<p>\u2013 Hva gikk varslingssaken ut p\u00e5?<\/p>\n<p>\u2013 Det kan jeg ikke si noe om. Det har v\u00e6rt en sak som er behandlet internt, og den er behandlet helt som den skal behandles i forhold til de retningslinjene klubben har og i forhold til arbeidsmilj\u00f8lovens bestemmelser, fortsetter styrelederen.<\/p>\n<p>\u2013 Alapnes sier til Nordlys at dere har brukt denne saken til \u00e5 bli kvitt han. Hva sier du til det?<\/p>\n<p>\u2013 Som det \u00f2g har fremst\u00e5tt i media tidligere, s\u00e5 har vi en helt ordin\u00e6r arbeidsavtale med han. Som \u00f8verste leder, s\u00e5 kan styret si at n\u00e5 er samarbeidet over. Trenger ingen begrunnelse for det. Vi trengte ikke en s\u00e5nn her sak for \u00e5 avslutte arbeidsforhold, avslutter styrelederen.<\/p>\n<p>Publisert<\/p>\n<p>22.12.2025, kl. 13.33<\/p>\n<p>Oppdatert<\/p>\n<p>22.12.2025, kl. 13.38<\/p>\n","protected":false},"excerpt":{"rendered":"5. november i \u00e5r ble det kjent at \u00d8yvind Alapnes ville gi seg som daglig leder i Troms\u00f8&hellip;\n","protected":false},"author":2,"featured_media":119569,"comment_status":"","ping_status":"","sticky":false,"template":"","format":"standard","meta":{"footnotes":""},"categories":[59],"tags":[30,28,29,83,82],"class_list":{"0":"post-119568","1":"post","2":"type-post","3":"status-publish","4":"format-standard","5":"has-post-thumbnail","7":"category-sport","8":"tag-no","9":"tag-norge","10":"tag-norway","11":"tag-sport","12":"tag-sports"},"share_on_mastodon":{"url":"https:\/\/pubeurope.com\/@no\/115763364688202239","error":""},"_links":{"self":[{"href":"https:\/\/www.europesays.com\/no\/wp-json\/wp\/v2\/posts\/119568","targetHints":{"allow":["GET"]}}],"collection":[{"href":"https:\/\/www.europesays.com\/no\/wp-json\/wp\/v2\/posts"}],"about":[{"href":"https:\/\/www.europesays.com\/no\/wp-json\/wp\/v2\/types\/post"}],"author":[{"embeddable":true,"href":"https:\/\/www.europesays.com\/no\/wp-json\/wp\/v2\/users\/2"}],"replies":[{"embeddable":true,"href":"https:\/\/www.europesays.com\/no\/wp-json\/wp\/v2\/comments?post=119568"}],"version-history":[{"count":0,"href":"https:\/\/www.europesays.com\/no\/wp-json\/wp\/v2\/posts\/119568\/revisions"}],"wp:featuredmedia":[{"embeddable":true,"href":"https:\/\/www.europesays.com\/no\/wp-json\/wp\/v2\/media\/119569"}],"wp:attachment":[{"href":"https:\/\/www.europesays.com\/no\/wp-json\/wp\/v2\/media?parent=119568"}],"wp:term":[{"taxonomy":"category","embeddable":true,"href":"https:\/\/www.europesays.com\/no\/wp-json\/wp\/v2\/categories?post=119568"},{"taxonomy":"post_tag","embeddable":true,"href":"https:\/\/www.europesays.com\/no\/wp-json\/wp\/v2\/tags?post=119568"}],"curies":[{"name":"wp","href":"https:\/\/api.w.org\/{rel}","templated":true}]}}