{"id":119581,"date":"2025-12-22T13:28:14","date_gmt":"2025-12-22T13:28:14","guid":{"rendered":"https:\/\/www.europesays.com\/no\/119581\/"},"modified":"2025-12-22T13:28:14","modified_gmt":"2025-12-22T13:28:14","slug":"dagligvare-julemat-surkal-gravlys-og-mandel-dette-glemmer-vi-pa-butikken-for-jul","status":"publish","type":"post","link":"https:\/\/www.europesays.com\/no\/119581\/","title":{"rendered":"Dagligvare, Julemat | Surk\u00e5l, gravlys og mandel: Dette glemmer vi p\u00e5 butikken f\u00f8r jul"},"content":{"rendered":"\n<p>En tur p\u00e5 matbutikken med lang handleliste kan v\u00e6re stressende for de fleste, og spesielt n\u00e5r det n\u00e6rmer seg jul. Det er mye \u00e5 ordne, mye \u00e5 huske p\u00e5 og mange andre som er ute p\u00e5 samme \u00e6rend som deg.<\/p>\n<p>Da kan det v\u00e6re fort gjort \u00e5 glemme en ting eller to, men if\u00f8lge Coop er det enkelte varer vi glemmer oftere enn andre. Selv om de er selvsagte innslag p\u00e5 julefeiringer over hele landet, er det spesielt syv varer som glipper n\u00e5r vi fyller handlekurven de siste dagene f\u00f8r jul.<\/p>\n<p><b>Les ogs\u00e5: <\/b><a href=\"https:\/\/www.nettavisen.no\/nyheter\/sender-brev-til-rema-og-kiwi-dropp-priskrig\/s\/5-95-2736229\" rel=\"Follow nofollow noopener\" target=\"_blank\">B\u00f8nnfaller Kiwi og Rema: &#8211; Dropp dette<\/a><\/p>\n<p>Disse varene f\u00e5r oftest lide for kundenes stress og hukommelsessvikt:<\/p>\n<ul>\n<li>Mandel til julegr\u00f8ten<\/li>\n<li>Surk\u00e5l til ribbemiddagen<\/li>\n<li>Fl\u00f8te til sausen<\/li>\n<li>Aluminiumsfolie til matlagingen<\/li>\n<li>Teip til julegaveinnpakking<\/li>\n<li>Tytteb\u00e6rsyltet\u00f8y til pinnekj\u00f8ttet<\/li>\n<li>Gravlys til juleh\u00f8ytiden<\/li>\n<\/ul>\n<p>\u2013 Ser det hvert \u00e5r<\/p>\n<p>Det viser den noe uformelle unders\u00f8kelsen Coop har gjort, som er en kombinasjon av sp\u00f8rsm\u00e5l som rundt 200 respondenter har svart p\u00e5, og salgstall fra Coop Prix sine butikker p\u00e5 23. og 24. desember i fjor.<\/p>\n<p>\u2013 Vi ser det samme m\u00f8nsteret hvert eneste \u00e5r. Folk kommer innom i full fart for \u00e5 sikre seg akkurat den tingen de trodde de hadde hjemme, sier Aud Lundstad, kjededirekt\u00f8r for Coop Prix, Coop Marked og Matkroken.<\/p>\n<p><b>Les ogs\u00e5:<\/b> <a href=\"https:\/\/www.nettavisen.no\/okonomi\/priskrigen-kiwi-og-rema-posen-er-mye-dyrere\/s\/5-95-2777301\" rel=\"Follow nofollow noopener\" target=\"_blank\">Priskrig-posen: Ekstreme forskjeller hos Kiwi, Rema og Extra<\/a><\/p>\n<p>Lundstad har stor forst\u00e5else for at kundene ikke f\u00e5r med seg alle varene de trenger n\u00e5r de handler midt i julestrida.<\/p>\n<p>\u2013 At folk glemmer ting er helt naturlig. Julen er en tid med mange gj\u00f8rem\u00e5l, og v\u00e5re butikker skal v\u00e6re det trygge og tilgjengelige valget n\u00e5r noe mangler.<\/p>\n<p>Psykologens tips<\/p>\n<p>Leif Kennair er professor i psykologi p\u00e5 NTNU i Trondheim, og underviser blant annet i personlighetspsykologi og psykiske lidelser. Han forklarer at det er fort gjort \u00e5 glemme ting n\u00e5r hjernen allerede er overbelastet, for eksempel i en stressende situasjon.<\/p>\n<p>\u2013 Stress handler om at vi allerede er litt overbelastet psykisk, og vi har en begrenset oppmerksomhet. Da glipper det p\u00e5 ting som en i \u00f8yeblikket ikke har kapasitet til \u00e5 tenke p\u00e5, eller ikke virker viktig der og da.<\/p>\n<p>Hans r\u00e5d mot glemsomhet er \u00e5 skrive ned alt som skal gj\u00f8res og kj\u00f8pes.<\/p>\n<p>\u2013 Mitt beste triks mot \u00e5 glemme er \u00e5 skrive huskelister, gjerne p\u00e5 telefon.<\/p>\n","protected":false},"excerpt":{"rendered":"En tur p\u00e5 matbutikken med lang handleliste kan v\u00e6re stressende for de fleste, og spesielt n\u00e5r det n\u00e6rmer&hellip;\n","protected":false},"author":2,"featured_media":119582,"comment_status":"","ping_status":"","sticky":false,"template":"","format":"standard","meta":{"footnotes":""},"categories":[10],"tags":[20,21,24,25,15,22,23,13,30,28,29,14,16,26,27],"class_list":{"0":"post-119581","1":"post","2":"type-post","3":"status-publish","4":"format-standard","5":"has-post-thumbnail","7":"category-norge","8":"tag-breaking-news","9":"tag-breakingnews","10":"tag-featured-news","11":"tag-featurednews","12":"tag-headlines","13":"tag-latest-news","14":"tag-latestnews","15":"tag-news","16":"tag-no","17":"tag-norge","18":"tag-norway","19":"tag-nyheter","20":"tag-overskrifter","21":"tag-top-stories","22":"tag-topstories"},"share_on_mastodon":{"url":"https:\/\/pubeurope.com\/@no\/115763459189529194","error":""},"_links":{"self":[{"href":"https:\/\/www.europesays.com\/no\/wp-json\/wp\/v2\/posts\/119581","targetHints":{"allow":["GET"]}}],"collection":[{"href":"https:\/\/www.europesays.com\/no\/wp-json\/wp\/v2\/posts"}],"about":[{"href":"https:\/\/www.europesays.com\/no\/wp-json\/wp\/v2\/types\/post"}],"author":[{"embeddable":true,"href":"https:\/\/www.europesays.com\/no\/wp-json\/wp\/v2\/users\/2"}],"replies":[{"embeddable":true,"href":"https:\/\/www.europesays.com\/no\/wp-json\/wp\/v2\/comments?post=119581"}],"version-history":[{"count":0,"href":"https:\/\/www.europesays.com\/no\/wp-json\/wp\/v2\/posts\/119581\/revisions"}],"wp:featuredmedia":[{"embeddable":true,"href":"https:\/\/www.europesays.com\/no\/wp-json\/wp\/v2\/media\/119582"}],"wp:attachment":[{"href":"https:\/\/www.europesays.com\/no\/wp-json\/wp\/v2\/media?parent=119581"}],"wp:term":[{"taxonomy":"category","embeddable":true,"href":"https:\/\/www.europesays.com\/no\/wp-json\/wp\/v2\/categories?post=119581"},{"taxonomy":"post_tag","embeddable":true,"href":"https:\/\/www.europesays.com\/no\/wp-json\/wp\/v2\/tags?post=119581"}],"curies":[{"name":"wp","href":"https:\/\/api.w.org\/{rel}","templated":true}]}}