{"id":119599,"date":"2025-12-22T13:53:10","date_gmt":"2025-12-22T13:53:10","guid":{"rendered":"https:\/\/www.europesays.com\/no\/119599\/"},"modified":"2025-12-22T13:53:10","modified_gmt":"2025-12-22T13:53:10","slug":"sport-asane-asane-prover-a-hente-tidligere-landslagsprofil-even-hovland","status":"publish","type":"post","link":"https:\/\/www.europesays.com\/no\/119599\/","title":{"rendered":"Sport, \u00c5sane | \u00c5sane pr\u00f8ver \u00e5 hente tidligere landslagsprofil Even Hovland"},"content":{"rendered":"\n<p>If\u00f8lge BAs opplysninger jobber \u00c5sane med \u00e5 hente den tidligere landslagsspilleren og Tyskland-proffen Even Hovland.<\/p>\n<p>36-\u00e5ringen takket nylig for seg i svenske Brommapojkarna, med begrunnelse om at han \u00f8nsket \u00e5 komme seg n\u00e6rmere familien i Norge.<\/p>\n<p>\u00c5sane og Hovland skal ha snakket s\u00e5pass mye sammen at det har resultert i et kontraktsforslag, som den tidligere Molde- og Rosenborg-spilleren n\u00e5 vurderer.<\/p>\n<p>\u2013 Dette har vi ingen kommentar til, sier fungerende sportssjef i \u00c5sane, Odd Krister F\u00f8llesdal.<\/p>\n<p>Bekrefter kontakt<\/p>\n<p>Even Hovland selv bekrefter derimot til BA at det har v\u00e6rt kontakt mellom partene.<\/p>\n<p>\u2013 Vi har v\u00e6rt i kontakt, men det har v\u00e6rt andre klubber som har henvendt seg ogs\u00e5. Det er ikke noe mer enn det.<\/p>\n<p>Selv har han juleferie n\u00e5.<\/p>\n<p>\u2013 Det kommer en avklaring i l\u00f8pet av eller etter ferien, sier han.<\/p>\n<p>Den tidligere landslagsspilleren sier han ser p\u00e5 hva som passer best, men forteller at han er \u00e5pen for \u00c5sane.<\/p>\n<p>\u2013 Jeg er \u00e5pen for alt, og ser p\u00e5 forskjellige muligheter som kan passe meg og familien best.<\/p>\n<p>Konkurranse fra saftbygden<\/p>\n<p>De oransje f\u00e5r imidlertid konkurranse fra en annen av Hovlands tidligere arbeidsgivere, Sogndal. I \u00c5sane skal man likevel v\u00e6re optimistiske med tanke p\u00e5 \u00e5 lande en avtale med midtstopperen.<\/p>\n<p>Skulle de klare det, snakker man fort en av klubbens st\u00f8rste signeringer noensinne. Hovland har 29 landskamper for Norge og er b\u00e5de norsk og svensk seriemester. Han var ogs\u00e5 proff i Tyskland i tre \u00e5r, da han spilte for N\u00fcrnberg.<\/p>\n<p>D\u00f8r\u00e5pneren i denne sammenheng er \u00c5sane-trener Eirik Bakke. Han spilte sammen med Hovland i Sogndal, og kjenner karen fra Vadheim godt.<\/p>\n<p>\u00d8konomisk inneb\u00e6rer det en avtale som \u00c5sane naturligvis ikke klarer \u00e5 st\u00e5 for alene, men etter det BA kjenner til skal gode hjelpere ha sagt seg villige til \u00e5 bidra.<\/p>\n<p>Torsdag signerte ogs\u00e5 Einar Iversen ny kontrakt med klubben. En avtale som holder ham i oransje ogs\u00e5 neste \u00e5r.<\/p>\n<p>Storfisker<\/p>\n<p>Men det er ikke bare Even Hovland man \u00f8nsker seg i nordre bydel.<\/p>\n<p>BA er ogs\u00e5 kjent med at \u00c5sane skal ha sett p\u00e5 muligheten til \u00e5 hente hjem tidligere Brann-kaptein Sivert Heltne Nilsen.<\/p>\n<p>Midtbaneankeret sliter med spilletiden i skotske Aberdeen, og skal selv v\u00e6re lysten p\u00e5 \u00e5 returnere til gamlelandet.<\/p>\n<p>Men der er ser begge parter p\u00e5 en mulig avtale til sommeren som den beste og mest realistiske l\u00f8sningen.<\/p>\n<p>   <img decoding=\"async\" width=\"7958\" height=\"5305\" fetchpriority=\"low\"  loading=\"lazy\"  src=\"https:\/\/www.europesays.com\/no\/wp-content\/uploads\/2025\/12\/EH9_6787.jpg\" alt=\"Brann - Odd 2-0 Brann Stadion Eliteserien &#10;&#10;Runde 5\" class=\"brick-c-cFOWSL\" style=\"--brick-image-ratio: 7958 \/ 5305;\"\/><\/p>\n<p>      Sivert Heltne Nilsen i Brann.<br \/>\n      Foto: Emil Weatherhead Breistein\n    <\/p>\n","protected":false},"excerpt":{"rendered":"If\u00f8lge BAs opplysninger jobber \u00c5sane med \u00e5 hente den tidligere landslagsspilleren og Tyskland-proffen Even Hovland. 36-\u00e5ringen takket nylig&hellip;\n","protected":false},"author":2,"featured_media":119600,"comment_status":"","ping_status":"","sticky":false,"template":"","format":"standard","meta":{"footnotes":""},"categories":[59],"tags":[36,1851,30,28,29,337,83,82,1510],"class_list":{"0":"post-119599","1":"post","2":"type-post","3":"status-publish","4":"format-standard","5":"has-post-thumbnail","7":"category-sport","8":"tag-art","9":"tag-asane","10":"tag-no","11":"tag-norge","12":"tag-norway","13":"tag-obos-ligaen","14":"tag-sport","15":"tag-sports","16":"tag-story"},"share_on_mastodon":{"url":"https:\/\/pubeurope.com\/@no\/115763557553097205","error":""},"_links":{"self":[{"href":"https:\/\/www.europesays.com\/no\/wp-json\/wp\/v2\/posts\/119599","targetHints":{"allow":["GET"]}}],"collection":[{"href":"https:\/\/www.europesays.com\/no\/wp-json\/wp\/v2\/posts"}],"about":[{"href":"https:\/\/www.europesays.com\/no\/wp-json\/wp\/v2\/types\/post"}],"author":[{"embeddable":true,"href":"https:\/\/www.europesays.com\/no\/wp-json\/wp\/v2\/users\/2"}],"replies":[{"embeddable":true,"href":"https:\/\/www.europesays.com\/no\/wp-json\/wp\/v2\/comments?post=119599"}],"version-history":[{"count":0,"href":"https:\/\/www.europesays.com\/no\/wp-json\/wp\/v2\/posts\/119599\/revisions"}],"wp:featuredmedia":[{"embeddable":true,"href":"https:\/\/www.europesays.com\/no\/wp-json\/wp\/v2\/media\/119600"}],"wp:attachment":[{"href":"https:\/\/www.europesays.com\/no\/wp-json\/wp\/v2\/media?parent=119599"}],"wp:term":[{"taxonomy":"category","embeddable":true,"href":"https:\/\/www.europesays.com\/no\/wp-json\/wp\/v2\/categories?post=119599"},{"taxonomy":"post_tag","embeddable":true,"href":"https:\/\/www.europesays.com\/no\/wp-json\/wp\/v2\/tags?post=119599"}],"curies":[{"name":"wp","href":"https:\/\/api.w.org\/{rel}","templated":true}]}}