{"id":119612,"date":"2025-12-22T14:20:17","date_gmt":"2025-12-22T14:20:17","guid":{"rendered":"https:\/\/www.europesays.com\/no\/119612\/"},"modified":"2025-12-22T14:20:17","modified_gmt":"2025-12-22T14:20:17","slug":"svein-ostvik-arrestert-charter-svein-arrestert-jeg-er-sjokkert","status":"publish","type":"post","link":"https:\/\/www.europesays.com\/no\/119612\/","title":{"rendered":"Svein \u00d8stvik, Arrestert | \u00abCharter-Svein\u00bb arrestert: \u2013 Jeg er sjokkert"},"content":{"rendered":"\n<p>\u2013 Det oppleves jo selvf\u00f8lgelig som et slags sjokk \u00e5 bli arresert, sier Svein \u00d8stvik til Nettavisen.<\/p>\n<p>Onsdag ettermiddag ble \u00d8stvik p\u00e5grepet sammen med en mor og fire andre menn ved en barnevernsinstitusjon i B\u00e6rum. Alle ble siktet for hensynsl\u00f8s adferd. \u00d8stvik forteller at han tilbrakte 24 timer p\u00e5 glattcelle p\u00e5 politihuset p\u00e5 Gr\u00f8nland, if\u00f8lge <a href=\"https:\/\/www.dagbladet.no\/nyheter\/her-blir-charter-svein-arrestert\/84011446\" rel=\"Follow nofollow noopener\" target=\"_blank\">Dagbladet<\/a>, som omtalte saken f\u00f8rst.<\/p>\n<p><b>Les ogs\u00e5: <a href=\"https:\/\/www.nettavisen.no\/kjendis\/antonio-careri-rommer-landet-etter-skal-vi-danse-seieren\/s\/5-95-2789039\" rel=\"Follow nofollow noopener\" target=\"_blank\">R\u00f8mmer landet etter seieren: \u2013 Trodde ikke vi skulle komme s\u00e5 langt<\/a><\/b><\/p>\n<p>De siste ukene har han engasjert seg i en barnevernssak.<\/p>\n<p>\u2013 Torsdag skulle jeg til \u00d8stfold, hvor vi skulle avholde en demonstrasjon, og markere v\u00e5r protest mot barnevernet. En kvinne har blitt fratatt sine to barn. Vi er mange som mener barnevernet har handlet feil, derfor ville vi demonstrere. En demonstrasjon som vi hadde f\u00e5tt politiets tillatelse til, sier \u00d8stvik til Dagbladet.<\/p>\n<p>    Vil du se neste video?<\/p>\n<p>    <a href=\"https:\/\/www.nettavisen.no\/nyheter\/ville-donald-trump-spekulasjoner-det-er-noe-galt\/v\/5-95-2784982\" class=\"recommend-poster\" data-adp-clicklabel=\"video-recommend\" data-adp-clickvalue=\"poster\" rel=\"nofollow noopener\" target=\"_blank\"><br \/>\n      <img decoding=\"async\" width=\"200\" height=\"200\" loading=\"lazy\" src=\"https:\/\/www.europesays.com\/no\/wp-content\/uploads\/2025\/12\/Forvirret+Trump+2.jpg\" alt=\"\" class=\"brick-c-cFOWSL\" style=\"--brick-image-ratio: 200 \/ 200;\"\/><\/p>\n<p>Ville Trump-spekulasjoner: \u2013 Det er noe galt0:57<\/p>\n<p>    <\/a><\/p>\n<p>\u2013 Plutselig kom det seks\u2013sju politibiler<\/p>\n<p>Svein \u00d8stvik reagerer sterkt p\u00e5 arrestasjonen.<\/p>\n<p>\u2013 Jeg synes jo f\u00f8rst og fremst ar det er et signal om at ytringsfriheten i beste fall er sterkt redusert og i verste fall totalt frav\u00e6rende, sier han til Nettavisen.<\/p>\n<p>TV-profilen sier at han stilte opp for \u00e5 vise empati og medmenneskelighet med moren.<\/p>\n<p>\u00d8stvik og de andre demonstrantene skal ha oppholdt seg seksti meter fra institusjonen da to politibiler kom kj\u00f8rende.<\/p>\n<p>If\u00f8lge \u00abCharter-Svein\u00bb fikk moren f\u00f8rst beskjed fra politiet om at hun skulle f\u00e5 hilse p\u00e5 s\u00f8nnen sin.<\/p>\n<p>    Vil du se neste video?<\/p>\n<p>    <a href=\"https:\/\/www.nettavisen.no\/nyheter\/ville-donald-trump-spekulasjoner-det-er-noe-galt\/v\/5-95-2784982\" class=\"recommend-poster\" data-adp-clicklabel=\"video-recommend\" data-adp-clickvalue=\"poster\" rel=\"nofollow noopener\" target=\"_blank\"><br \/>\n      <img decoding=\"async\" width=\"200\" height=\"200\" loading=\"lazy\" src=\"https:\/\/www.europesays.com\/no\/wp-content\/uploads\/2025\/12\/Forvirret+Trump+2.jpg\" alt=\"\" class=\"brick-c-cFOWSL\" style=\"--brick-image-ratio: 200 \/ 200;\"\/><\/p>\n<p>Ville Trump-spekulasjoner: \u2013 Det er noe galt0:57<\/p>\n<p>    <\/a><\/p>\n<p>Kvinnen gikk deretter sammen med en av mennene i retning institusjonen. Kort tid senere skal situasjonen ha eskalert.<\/p>\n<p>\u2013 Plutselig kom det seks\u2013sju politibiler. Moren fikk aldri m\u00f8te s\u00f8nnen sin, og ble i stedet p\u00e5grepet. Samtidig ble vi som stod igjen arrestert og kj\u00f8rt til arresten p\u00e5 Gr\u00f8nland. Vi ble lurt, sier \u00d8stvik til Dagbladet.<\/p>\n<p>\u2013 Det er fullstendig uforst\u00e5elig at vi ble arrestert, og behandlet som livsfarlige kriminelle. Vi hadde ikke gjort noe galt, det eneste vi gjorde var \u00e5 vise medmenneskelighet. Alt var fredelig og rolig, f\u00f8r politiet arrestert oss.<\/p>\n<p><b>Les ogs\u00e5: <a href=\"https:\/\/www.nettavisen.no\/kjendis\/dommeren-reagerer-etter-finalen-i-skal-vi-danse-aldri-i-tvil\/s\/5-95-2791914\" rel=\"Follow nofollow noopener\" target=\"_blank\">Dommeren reagerer: \u2013 Aldri i tvil<\/a><\/b><\/p>\n<p>Politiet: \u2013 L\u00f8stlatt dagen etter<\/p>\n<p>Nettavisen har fors\u00f8kt \u00e5 f\u00e5 en kommentar fra politiet, uten \u00e5 lykkes.<\/p>\n<p>Til <a href=\"https:\/\/www.dagbladet.no\/nyheter\/her-blir-charter-svein-arrestert\/84011446\" rel=\"Follow nofollow noopener\" target=\"_blank\">Dagbladet<\/a> uttaler politiadvokat Line Mellembakken Holte dette om p\u00e5gripelsene:<\/p>\n<p>\u2013 Seks personer ble p\u00e5grepet etter en hendelse p\u00e5 en institusjon. De ble innbragt til arresten og l\u00f8slatt dagen etter. Fem personer har status som siktet for hensynsl\u00f8s adferd i Oslo politidistrikt. En sak er overf\u00f8rt til \u00d8st politidistrikt.<\/p>\n","protected":false},"excerpt":{"rendered":"\u2013 Det oppleves jo selvf\u00f8lgelig som et slags sjokk \u00e5 bli arresert, sier Svein \u00d8stvik til Nettavisen. Onsdag&hellip;\n","protected":false},"author":2,"featured_media":119613,"comment_status":"","ping_status":"","sticky":false,"template":"","format":"standard","meta":{"footnotes":""},"categories":[10],"tags":[20,21,24,25,15,22,23,13,30,28,29,14,16,26,27],"class_list":{"0":"post-119612","1":"post","2":"type-post","3":"status-publish","4":"format-standard","5":"has-post-thumbnail","7":"category-norge","8":"tag-breaking-news","9":"tag-breakingnews","10":"tag-featured-news","11":"tag-featurednews","12":"tag-headlines","13":"tag-latest-news","14":"tag-latestnews","15":"tag-news","16":"tag-no","17":"tag-norge","18":"tag-norway","19":"tag-nyheter","20":"tag-overskrifter","21":"tag-top-stories","22":"tag-topstories"},"share_on_mastodon":{"url":"https:\/\/pubeurope.com\/@no\/115763663741465596","error":""},"_links":{"self":[{"href":"https:\/\/www.europesays.com\/no\/wp-json\/wp\/v2\/posts\/119612","targetHints":{"allow":["GET"]}}],"collection":[{"href":"https:\/\/www.europesays.com\/no\/wp-json\/wp\/v2\/posts"}],"about":[{"href":"https:\/\/www.europesays.com\/no\/wp-json\/wp\/v2\/types\/post"}],"author":[{"embeddable":true,"href":"https:\/\/www.europesays.com\/no\/wp-json\/wp\/v2\/users\/2"}],"replies":[{"embeddable":true,"href":"https:\/\/www.europesays.com\/no\/wp-json\/wp\/v2\/comments?post=119612"}],"version-history":[{"count":0,"href":"https:\/\/www.europesays.com\/no\/wp-json\/wp\/v2\/posts\/119612\/revisions"}],"wp:featuredmedia":[{"embeddable":true,"href":"https:\/\/www.europesays.com\/no\/wp-json\/wp\/v2\/media\/119613"}],"wp:attachment":[{"href":"https:\/\/www.europesays.com\/no\/wp-json\/wp\/v2\/media?parent=119612"}],"wp:term":[{"taxonomy":"category","embeddable":true,"href":"https:\/\/www.europesays.com\/no\/wp-json\/wp\/v2\/categories?post=119612"},{"taxonomy":"post_tag","embeddable":true,"href":"https:\/\/www.europesays.com\/no\/wp-json\/wp\/v2\/tags?post=119612"}],"curies":[{"name":"wp","href":"https:\/\/api.w.org\/{rel}","templated":true}]}}