{"id":119614,"date":"2025-12-22T14:22:31","date_gmt":"2025-12-22T14:22:31","guid":{"rendered":"https:\/\/www.europesays.com\/no\/119614\/"},"modified":"2025-12-22T14:22:31","modified_gmt":"2025-12-22T14:22:31","slug":"festdagen-er-skrotet-slik-blir-julen-for-premier-league-fansen","status":"publish","type":"post","link":"https:\/\/www.europesays.com\/no\/119614\/","title":{"rendered":"Festdagen er skrotet \u2013 slik blir julen for Premier League-fansen"},"content":{"rendered":"<p data-testid=\"textWithMarkup-text\" data-v-81d7dc2b=\"\" data-v-62d58f52=\"\">2. juledag, Boxing Day i England, har i \u00e5revis v\u00e6rt fotballelskernes festdag nummer \u00e9n i juleh\u00f8ytiden. Slik blir det ikke denne gangen.<\/p>\n<p data-testid=\"textWithMarkup-text\" data-v-81d7dc2b=\"\" data-v-62d58f52=\"\">Allerede i sommer ble det klart at Premier League-ledelsen kom til \u00e5 tenke nytt rundt innev\u00e6rende sesong. Brorparten av kampene i den 18. serierunden ble lagt til l\u00f8rdag 27. desember i stedet for 2. juledag. <\/p>\n<p data-testid=\"textWithMarkup-text\" data-v-81d7dc2b=\"\" data-v-62d58f52=\"\">Det betyr at de anglofile fotballelskerne denne gangen m\u00e5 n\u00f8ye seg med \u00e9n kamp 2. juledag. \u00abTr\u00f8stepremien\u00bb er Manchester Uniteds hjemmem\u00f8te med Newcastle p\u00e5 Old Trafford.<\/p>\n<p data-testid=\"textWithMarkup-text\" data-v-81d7dc2b=\"\" data-v-62d58f52=\"\">De siste sesongene er det blitt spilt \u00e5tte (2024), fem (2023), sju (2022), seks (2021) og seks (2020) kamper p\u00e5 Boxing Day. Bruddet med den mange\u00e5rige tradisjonen har naturlig nok skapt reaksjoner b\u00e5de i England og ellers.<\/p>\n<p data-testid=\"textWithMarkup-text\" data-v-81d7dc2b=\"\" data-v-62d58f52=\"\">Premier League-ledelsen har begrunnet endringen med utfordringer knyttet til kampplanleggingen. S\u00e6rlig to ting pekes p\u00e5:<\/p>\n<p data-testid=\"textWithMarkup-text\" data-v-81d7dc2b=\"\" data-v-62d58f52=\"\">* Utvidelsen av de europeiske klubbturneringene<\/p>\n<p data-testid=\"textWithMarkup-text\" data-v-81d7dc2b=\"\" data-v-62d58f52=\"\">* FA-cupen skal kun spilles i helger. Det gj\u00f8r at Premier League-rundene n\u00e5 spilles over f\u00e6rre helger enn tidligere.<\/p>\n<p data-testid=\"textWithMarkup-text\" data-v-81d7dc2b=\"\" data-v-62d58f52=\"\">Premier League er ogs\u00e5 forpliktet til \u00e5 tilby TV-rettighetshaverne et gitt antall helger med fotballrunde hver sesong.<\/p>\n<p data-testid=\"textWithMarkup-text\" data-v-81d7dc2b=\"\" data-v-62d58f52=\"\">Fotballfansen har f\u00e5tt et tydelig l\u00f8fte med hensyn til 2026\/27-sesongen.<\/p>\n<p data-testid=\"textWithMarkup-text\" data-v-81d7dc2b=\"\" data-v-62d58f52=\"\">\u00abLigaen kan forsikre om at det neste sesong vil bli flere Premier League-kamper p\u00e5 Boxing Day, ettersom datoen faller p\u00e5 en l\u00f8rdag\u00bb, het det i en uttalelse tidligere i h\u00f8st.<\/p>\n<p data-testid=\"textWithMarkup-text\" data-v-81d7dc2b=\"\" data-v-62d58f52=\"\">Tr\u00f8sten er ogs\u00e5 at bare to av dagene i romjulen er frie for Premier League-kamper. Juleprogrammet i verdens beste og mest popul\u00e6re fotballserie ser slik ut:<\/p>\n<p data-testid=\"textWithMarkup-text\" data-v-81d7dc2b=\"\" data-v-62d58f52=\"\">Fredag 26. desember:<\/p>\n<p data-testid=\"textWithMarkup-text\" data-v-81d7dc2b=\"\" data-v-62d58f52=\"\">21.00: Manchester United \u2013 Newcastle<\/p>\n<p data-testid=\"textWithMarkup-text\" data-v-81d7dc2b=\"\" data-v-62d58f52=\"\">L\u00f8rdag 27. desember:<\/p>\n<p data-testid=\"textWithMarkup-text\" data-v-81d7dc2b=\"\" data-v-62d58f52=\"\">13.30: Nottingham Forest \u2013 Manchester City<\/p>\n<p data-testid=\"textWithMarkup-text\" data-v-81d7dc2b=\"\" data-v-62d58f52=\"\">16.00: Arsenal \u2013 Brighton, Brentford \u2013 Bournemouth, Burnley \u2013 Everton, Liverpool \u2013 Wolverhampton, West Ham \u2013 Fulham<\/p>\n<p data-testid=\"textWithMarkup-text\" data-v-81d7dc2b=\"\" data-v-62d58f52=\"\">18.30: Chelsea \u2013 Aston Villa.<\/p>\n<p data-testid=\"textWithMarkup-text\" data-v-81d7dc2b=\"\" data-v-62d58f52=\"\">S\u00f8ndag 28. desember:<\/p>\n<p data-testid=\"textWithMarkup-text\" data-v-81d7dc2b=\"\" data-v-62d58f52=\"\">15.00: Sunderland \u2013 Leeds<\/p>\n<p data-testid=\"textWithMarkup-text\" data-v-81d7dc2b=\"\" data-v-62d58f52=\"\">17.30: Crystal Palace \u2013 Tottenham<\/p>\n<p data-testid=\"textWithMarkup-text\" data-v-81d7dc2b=\"\" data-v-62d58f52=\"\">Tirsdag 30. desember:<\/p>\n<p data-testid=\"textWithMarkup-text\" data-v-81d7dc2b=\"\" data-v-62d58f52=\"\">20.30: Burnley \u2013 Newcastle, Chelsea \u2013 Bournemouth, Nottingham Forest \u2013 Everton, West Ham \u2013 Brighton<\/p>\n<p data-testid=\"textWithMarkup-text\" data-v-81d7dc2b=\"\" data-v-62d58f52=\"\">21.15: Arsenal \u2013 Aston Villa, Manchester United \u2013 Wolverhampton.<\/p>\n<p data-testid=\"textWithMarkup-text\" data-v-81d7dc2b=\"\" data-v-62d58f52=\"\">Torsdag 1. januar:<\/p>\n<p data-testid=\"textWithMarkup-text\" data-v-81d7dc2b=\"\" data-v-62d58f52=\"\">18.30: Crystal Palace \u2013 Fulham, Liverpool \u2013 Leeds.<\/p>\n<p data-testid=\"textWithMarkup-text\" data-v-81d7dc2b=\"\" data-v-62d58f52=\"\">21.00: Brentford \u2013 Tottenham, Sunderland \u2013 Manchester City.<\/p>\n","protected":false},"excerpt":{"rendered":"2. juledag, Boxing Day i England, har i \u00e5revis v\u00e6rt fotballelskernes festdag nummer \u00e9n i juleh\u00f8ytiden. Slik blir&hellip;\n","protected":false},"author":2,"featured_media":119615,"comment_status":"","ping_status":"","sticky":false,"template":"","format":"standard","meta":{"footnotes":""},"categories":[59],"tags":[30,28,29,83,82],"class_list":{"0":"post-119614","1":"post","2":"type-post","3":"status-publish","4":"format-standard","5":"has-post-thumbnail","7":"category-sport","8":"tag-no","9":"tag-norge","10":"tag-norway","11":"tag-sport","12":"tag-sports"},"share_on_mastodon":{"url":"https:\/\/pubeurope.com\/@no\/115763671424334822","error":""},"_links":{"self":[{"href":"https:\/\/www.europesays.com\/no\/wp-json\/wp\/v2\/posts\/119614","targetHints":{"allow":["GET"]}}],"collection":[{"href":"https:\/\/www.europesays.com\/no\/wp-json\/wp\/v2\/posts"}],"about":[{"href":"https:\/\/www.europesays.com\/no\/wp-json\/wp\/v2\/types\/post"}],"author":[{"embeddable":true,"href":"https:\/\/www.europesays.com\/no\/wp-json\/wp\/v2\/users\/2"}],"replies":[{"embeddable":true,"href":"https:\/\/www.europesays.com\/no\/wp-json\/wp\/v2\/comments?post=119614"}],"version-history":[{"count":0,"href":"https:\/\/www.europesays.com\/no\/wp-json\/wp\/v2\/posts\/119614\/revisions"}],"wp:featuredmedia":[{"embeddable":true,"href":"https:\/\/www.europesays.com\/no\/wp-json\/wp\/v2\/media\/119615"}],"wp:attachment":[{"href":"https:\/\/www.europesays.com\/no\/wp-json\/wp\/v2\/media?parent=119614"}],"wp:term":[{"taxonomy":"category","embeddable":true,"href":"https:\/\/www.europesays.com\/no\/wp-json\/wp\/v2\/categories?post=119614"},{"taxonomy":"post_tag","embeddable":true,"href":"https:\/\/www.europesays.com\/no\/wp-json\/wp\/v2\/tags?post=119614"}],"curies":[{"name":"wp","href":"https:\/\/api.w.org\/{rel}","templated":true}]}}