{"id":119622,"date":"2025-12-22T14:36:13","date_gmt":"2025-12-22T14:36:13","guid":{"rendered":"https:\/\/www.europesays.com\/no\/119622\/"},"modified":"2025-12-22T14:36:13","modified_gmt":"2025-12-22T14:36:13","slug":"norge-oker-stotten-til-palestina-med-en-milliard","status":"publish","type":"post","link":"https:\/\/www.europesays.com\/no\/119622\/","title":{"rendered":"Norge \u00f8ker st\u00f8tten til Palestina med \u00e9n milliard"},"content":{"rendered":"\n<p class=\"_lead_o9xde_2 _lead_xtcu6_50 layout-component text-serif-m layout-normal text-serif-l layout-component layout-wide layout-padded _wide_17hqh_1 layout-padded\">\u00d8kningen ble vedtatt av Stortinget i dag. <\/p>\n<p><img alt=\"Telt som huser fordrevne palestinere i byen Khan Younis p\u00e5 Gazastripen. Foto: Ramadan Abed \/ Reuters \/ NTB\" class=\"_image_qp4xg_65 layout-component layout-wide\" data-fullscreen- data-track-element-type=\"Article image fullscreen\" data-track-name=\"ImageFullscreen\" fetchpriority=\"high\" decoding=\"sync\" loading=\"eager\" height=\"3667\" itemprop=\"image\"  src=\"https:\/\/www.europesays.com\/no\/wp-content\/uploads\/2025\/12\/9b32c8f6-0a57-42d1-b254-f0dcbce69600\"  style=\"object-position:0% 0%\" width=\"5500\"\/>Telt som huser fordrevne palestinere i byen Khan Younis p\u00e5 Gazastripen. Foto: Ramadan Abed \/ Reuters \/ NTB<\/p>\n<ul aria-hidden=\"true\" class=\"_images_ntbth_112\">\n<li><a class=\"_link_ntbth_117\" href=\"https:\/\/www.vg.no\/forfatter\/einar-torkelsen\" style=\"z-index:1\" title=\"Einar Torkelsen\" rel=\"nofollow noopener\" target=\"_blank\"><img alt=\"Bilde av Einar Torkelsen\" class=\"_image_ntbth_93\" fetchpriority=\"low\" loading=\"lazy\" decoding=\"async\" itemprop=\"image\"  src=\"https:\/\/www.europesays.com\/no\/wp-content\/uploads\/2025\/12\/1766414170_845_f6016772-ddbc-43d2-b733-41afc7cc9046\"  width=\"480\"\/><\/a><\/li>\n<\/ul>\n<p> Oppdatert mandag 22. desember kl. 15:30     <\/p>\n<p class=\"_paragraph_o9xde_4 _paragraph_xtcu6_10 layout-component text-serif-m layout-normal text-serif-m layout-padded\">Regjeringen skriver i en pressemelding at de \u00f8ker st\u00f8tten til Palestina med \u00e9n milliard kroner. St\u00f8tten ble vedtatt av Stortinget i dag. <\/p>\n<p class=\"_paragraph_o9xde_4 _paragraph_xtcu6_10 layout-component text-serif-m layout-normal text-serif-m layout-padded\">Totalt blir st\u00f8tten til Palestina i \u00e5r p\u00e5 2,1 milliarder kroner. Pengene finansierer blant annet humanit\u00e6r bistand i Gaza, st\u00f8tte til palestinske institusjoner, budsjettst\u00f8tte til l\u00f8nnsbetaling for l\u00e6rere og helsearbeider, if\u00f8lge regjeringen. <\/p>\n<p class=\"_paragraph_o9xde_4 _paragraph_xtcu6_10 layout-component text-serif-m layout-normal text-serif-m layout-padded\">\u2013 At Norge n\u00e5 \u00f8ker st\u00f8tten til Palestina med \u00e9n milliard i 2025, er et uttrykk for v\u00e5r sterke solidaritet med palestinerne. Etter to \u00e5r med krig er behovene i Gaza bunnl\u00f8se. N\u00e5 er det avgj\u00f8rende at hjelpen kommer fram til de som trenger den mest, og at dette arbeidet skjer i tr\u00e5d med de humanit\u00e6re prinsippene, sier utviklingsminister \u00c5smund Aukrust.<\/p>\n<p><img decoding=\"async\" alt=\"Bilde av \u00c5smund Aukrust\" class=\"_image_ygndg_42\" height=\"27\" itemprop=\"image\" loading=\"lazy\"  src=\"https:\/\/www.europesays.com\/no\/wp-content\/uploads\/2025\/12\/3a3d8e81-d8f5-46f2-8647-73016877ac00\"  width=\"40\"\/><strong class=\"_name_ygndg_51 title-serif-xs\">\u00c5smund Aukrust<\/strong><\/p>\n<p class=\"_paragraph_o9xde_4 text-sans-m _description_ygndg_56\">Utviklingsminister (Ap)<\/p>\n<p class=\"_paragraph_o9xde_4 _paragraph_xtcu6_10 layout-component text-serif-m layout-normal text-serif-m layout-padded\">Norge bidrar ogs\u00e5 med politisk st\u00f8tte til den palestinske regjeringen og palestinske institusjoner. <\/p>\n<p class=\"_paragraph_o9xde_4 _paragraph_xtcu6_10 layout-component text-serif-m layout-normal text-serif-m layout-padded\">\u2013 At det er velfungerende palestinske institusjoner, er en forutsetning for tostatsl\u00f8sningen. Det er ogs\u00e5 avgj\u00f8rende \u00e5 iverksette fase to av 20-punktsplanen for fred, slik at palestinerne kommer n\u00e6rmere m\u00e5let om en selvstendig palestinsk stat, sier utenriksminister Espen Barth Eide (Ap).<\/p>\n<p><img decoding=\"async\" alt=\"Bilde av Espen Barth Eide\" class=\"_image_ygndg_42\" height=\"27\" itemprop=\"image\" loading=\"lazy\"  src=\"https:\/\/www.europesays.com\/no\/wp-content\/uploads\/2025\/12\/c5230c7c-7bee-4f01-ba3f-98bca1f09084\"  width=\"40\"\/><strong class=\"_name_ygndg_51 title-serif-xs\">Espen Barth Eide<\/strong><\/p>\n<p class=\"_paragraph_o9xde_4 text-sans-m _description_ygndg_56\">Utenriksminister (Ap)<\/p>\n<p class=\"_paragraph_o9xde_4 _paragraph_xtcu6_10 layout-component text-serif-m layout-normal text-serif-m layout-padded\">Regjeringen viser til at krigen i Gaza har kostet over 70.000 palestinere livet. <\/p>\n<p class=\"_paragraph_o9xde_4 _paragraph_xtcu6_10 layout-component text-serif-m layout-normal text-serif-m layout-padded\">\u2013 Gaza er lagt i ruiner, og behovene for akutt humanit\u00e6r hjelp, opprydding og gjenoppbygging er enorme. Millioner er drevet p\u00e5 flukt. Befolkningen mangler alt, skriver regjeringen. <\/p>\n<p class=\"_paragraph_o9xde_4 _paragraph_xtcu6_10 layout-component text-serif-m layout-normal text-serif-m layout-padded\">Milliarden som ble vedtatt mandag, fordeles p\u00e5 b\u00e5de det humanit\u00e6re budsjettet og regionbevilgningen for Midt\u00f8sten.<\/p>\n<p>Dette skal pengene g\u00e5 til, if\u00f8lge regjeringen:<\/p>\n<p class=\"_paragraph_o9xde_4 _paragraph_xtcu6_10 _paragraph_16v91_10 layout-component text-serif-m layout-normal text-sans-m layout-padded\">601,7 millioner fra det humanit\u00e6re budsjettet skal fordeles til f\u00f8lgende tiltak og organisasjoner:<\/p>\n<ul class=\"_list_o9xde_3 _list_xtcu6_9 _list_16v91_9 _unordered_o9xde_106 layout-component text-serif-m layout-normal text-sans-m layout-padded\">\n<li class=\"_item_o9xde_30\">130 millioner kroner til FNs organisasjon for palestinske flyktninger, UNRWA.<\/li>\n<li class=\"_item_o9xde_30\">100 millioner kroner til FNs landfond for Palestina.<\/li>\n<li class=\"_item_o9xde_30\">100 millioner kroner til UNICEFs arbeid for palestinske barn.<\/li>\n<li class=\"_item_o9xde_30\">100 millioner kroner til Verdens helseorganisasjons arbeid for \u00e5 styrke helseinnsatsen og helsesystemet i Palestina.<\/li>\n<li class=\"_item_o9xde_30\">80 millioner kroner til Den internasjonale R\u00f8de Kors Komiteens arbeid med \u00e5 beskytte sivile, styrke humanit\u00e6rretten og helseinnsats.<\/li>\n<li class=\"_item_o9xde_30\">60 millioner kroner til Verdens matvareprograms arbeid for \u00e5 styrke matsikkerhet og kontantst\u00f8tteprogrammer.<\/li>\n<li class=\"_item_o9xde_30\">31,7 millioner kroner til FNs befolkningsfonds arbeid seksuell og reproduktiv helse og beskyttelse av kvinner og jenter mot seksualisert og kj\u00f8nnsbasert vold.<\/li>\n<\/ul>\n<p class=\"_paragraph_o9xde_4 _paragraph_xtcu6_10 _paragraph_16v91_10 layout-component text-serif-m layout-normal text-sans-m layout-padded\">400 millioner kroner p\u00e5 regionbevilgningen vil bli fordelt p\u00e5:<\/p>\n<ul class=\"_list_o9xde_3 _list_xtcu6_9 _list_16v91_9 _unordered_o9xde_106 layout-component text-serif-m layout-normal text-sans-m layout-padded\">\n<li class=\"_item_o9xde_30\">Budsjettst\u00f8tte som palestinerne bruker p\u00e5 l\u00f8nninger til offentlige ansatte som l\u00e6rere og helsearbeidere<\/li>\n<li class=\"_item_o9xde_30\">St\u00f8tte til UNDPs stabiliseringsfond for Palestina med vekt p\u00e5 grunnleggende tjenester. Fondet st\u00f8tter utdanning i \u00d8st-Jerusalem og helsetjenester, rydding av \u00f8delagt bygningsmasse gjennom sysselsettingstiltak i Gaza, b\u00e6rekraftig naturressursforvaltning som omfatter solcelledrevne vannbr\u00f8nner p\u00e5 Vestbredden og avfallsh\u00e5ndtering i Gaza.<\/li>\n<\/ul>\n<p class=\"_paragraph_o9xde_4 _paragraph_xtcu6_10 _paragraph_16v91_10 layout-component text-serif-m layout-normal text-sans-m layout-padded\">Kilde: Regjeringen.no<\/p>\n<p>Vis mer    <img decoding=\"async\" alt=\"Tips oss illustrasjon\" src=\"https:\/\/www.europesays.com\/no\/wp-content\/uploads\/2025\/10\/pssst-small.webp.webp\"\/>    <\/p>\n<p class=\"title-serif-s\">Har du tips?<\/p>\n<p class=\"text-sans-m\">Send oss informasjon, bilder eller video.<\/p>\n<p>  <a href=\"https:\/\/www.vg.no\/tips-oss\" rel=\"nofollow noopener\" target=\"_blank\"> Tips oss <\/a>      <\/p>\n","protected":false},"excerpt":{"rendered":"\u00d8kningen ble vedtatt av Stortinget i dag. Telt som huser fordrevne palestinere i byen Khan Younis p\u00e5 Gazastripen.&hellip;\n","protected":false},"author":2,"featured_media":119623,"comment_status":"","ping_status":"","sticky":false,"template":"","format":"standard","meta":{"footnotes":""},"categories":[10],"tags":[31,20,21,24,25,15,22,23,13,30,28,29,14,16,26,27],"class_list":{"0":"post-119622","1":"post","2":"type-post","3":"status-publish","4":"format-standard","5":"has-post-thumbnail","7":"category-norge","8":"tag-breaking","9":"tag-breaking-news","10":"tag-breakingnews","11":"tag-featured-news","12":"tag-featurednews","13":"tag-headlines","14":"tag-latest-news","15":"tag-latestnews","16":"tag-news","17":"tag-no","18":"tag-norge","19":"tag-norway","20":"tag-nyheter","21":"tag-overskrifter","22":"tag-top-stories","23":"tag-topstories"},"share_on_mastodon":{"url":"https:\/\/pubeurope.com\/@no\/115763726969635165","error":""},"_links":{"self":[{"href":"https:\/\/www.europesays.com\/no\/wp-json\/wp\/v2\/posts\/119622","targetHints":{"allow":["GET"]}}],"collection":[{"href":"https:\/\/www.europesays.com\/no\/wp-json\/wp\/v2\/posts"}],"about":[{"href":"https:\/\/www.europesays.com\/no\/wp-json\/wp\/v2\/types\/post"}],"author":[{"embeddable":true,"href":"https:\/\/www.europesays.com\/no\/wp-json\/wp\/v2\/users\/2"}],"replies":[{"embeddable":true,"href":"https:\/\/www.europesays.com\/no\/wp-json\/wp\/v2\/comments?post=119622"}],"version-history":[{"count":0,"href":"https:\/\/www.europesays.com\/no\/wp-json\/wp\/v2\/posts\/119622\/revisions"}],"wp:featuredmedia":[{"embeddable":true,"href":"https:\/\/www.europesays.com\/no\/wp-json\/wp\/v2\/media\/119623"}],"wp:attachment":[{"href":"https:\/\/www.europesays.com\/no\/wp-json\/wp\/v2\/media?parent=119622"}],"wp:term":[{"taxonomy":"category","embeddable":true,"href":"https:\/\/www.europesays.com\/no\/wp-json\/wp\/v2\/categories?post=119622"},{"taxonomy":"post_tag","embeddable":true,"href":"https:\/\/www.europesays.com\/no\/wp-json\/wp\/v2\/tags?post=119622"}],"curies":[{"name":"wp","href":"https:\/\/api.w.org\/{rel}","templated":true}]}}