{"id":119624,"date":"2025-12-22T14:37:11","date_gmt":"2025-12-22T14:37:11","guid":{"rendered":"https:\/\/www.europesays.com\/no\/119624\/"},"modified":"2025-12-22T14:37:11","modified_gmt":"2025-12-22T14:37:11","slug":"mann-i-70-arene-dode-etter-frontkollisjon-i-eidsvoll-stor-oslo","status":"publish","type":"post","link":"https:\/\/www.europesays.com\/no\/119624\/","title":{"rendered":"Mann i 70-\u00e5rene d\u00f8de etter frontkollisjon i Eidsvoll \u2013 Stor-Oslo"},"content":{"rendered":"<p>En mann i 70-\u00e5rene er d\u00f8d etter trafikkulykke p\u00e5 Eidsvoll. De p\u00e5r\u00f8rende er varslet, opplyser politiet.<\/p>\n<p>To personer var involvert i ulykken. En mann ble kritisk skadet og ble sendt til sykehus, der han senere d\u00f8de.<\/p>\n<p>F\u00f8reren av den andre bilen har det bra etter forholdene, opplyser operasjonsleder \u00d8rjan Hustad i \u00d8st politidistrikt.<\/p>\n<p>Politiet tror at den ene bilen skal ha kommet over i motg\u00e5ende felt.<\/p>\n<p>\u2013 Det er gjennomf\u00f8rt en \u00e5stedsunders\u00f8kelse p\u00e5 stedet, og vi har innhentet forklaring fra et vitne til ulykken. Det er rapportert om at det var glatt p\u00e5 stedet, skriver politiet.<\/p>\n","protected":false},"excerpt":{"rendered":"En mann i 70-\u00e5rene er d\u00f8d etter trafikkulykke p\u00e5 Eidsvoll. De p\u00e5r\u00f8rende er varslet, opplyser politiet. To personer&hellip;\n","protected":false},"author":2,"featured_media":62464,"comment_status":"","ping_status":"","sticky":false,"template":"","format":"standard","meta":{"footnotes":""},"categories":[5],"tags":[20,21,24,25,15,19,22,23,17,18,13,30,28,29,14,16,26,27],"class_list":{"0":"post-119624","1":"post","2":"type-post","3":"status-publish","4":"format-standard","5":"has-post-thumbnail","7":"category-overskrifter","8":"tag-breaking-news","9":"tag-breakingnews","10":"tag-featured-news","11":"tag-featurednews","12":"tag-headlines","13":"tag-hovedoppslag","14":"tag-latest-news","15":"tag-latestnews","16":"tag-main-news","17":"tag-mainnews","18":"tag-news","19":"tag-no","20":"tag-norge","21":"tag-norway","22":"tag-nyheter","23":"tag-overskrifter","24":"tag-top-stories","25":"tag-topstories"},"share_on_mastodon":{"url":"https:\/\/pubeurope.com\/@no\/115763730603747312","error":""},"_links":{"self":[{"href":"https:\/\/www.europesays.com\/no\/wp-json\/wp\/v2\/posts\/119624","targetHints":{"allow":["GET"]}}],"collection":[{"href":"https:\/\/www.europesays.com\/no\/wp-json\/wp\/v2\/posts"}],"about":[{"href":"https:\/\/www.europesays.com\/no\/wp-json\/wp\/v2\/types\/post"}],"author":[{"embeddable":true,"href":"https:\/\/www.europesays.com\/no\/wp-json\/wp\/v2\/users\/2"}],"replies":[{"embeddable":true,"href":"https:\/\/www.europesays.com\/no\/wp-json\/wp\/v2\/comments?post=119624"}],"version-history":[{"count":0,"href":"https:\/\/www.europesays.com\/no\/wp-json\/wp\/v2\/posts\/119624\/revisions"}],"wp:featuredmedia":[{"embeddable":true,"href":"https:\/\/www.europesays.com\/no\/wp-json\/wp\/v2\/media\/62464"}],"wp:attachment":[{"href":"https:\/\/www.europesays.com\/no\/wp-json\/wp\/v2\/media?parent=119624"}],"wp:term":[{"taxonomy":"category","embeddable":true,"href":"https:\/\/www.europesays.com\/no\/wp-json\/wp\/v2\/categories?post=119624"},{"taxonomy":"post_tag","embeddable":true,"href":"https:\/\/www.europesays.com\/no\/wp-json\/wp\/v2\/tags?post=119624"}],"curies":[{"name":"wp","href":"https:\/\/api.w.org\/{rel}","templated":true}]}}