{"id":119627,"date":"2025-12-22T14:42:17","date_gmt":"2025-12-22T14:42:17","guid":{"rendered":"https:\/\/www.europesays.com\/no\/119627\/"},"modified":"2025-12-22T14:42:17","modified_gmt":"2025-12-22T14:42:17","slug":"macron-skal-ha-nytt-hangarskip","status":"publish","type":"post","link":"https:\/\/www.europesays.com\/no\/119627\/","title":{"rendered":"Macron: Skal ha nytt hangarskip"},"content":{"rendered":"<p>    Om tretten \u00e5r er et hangarskip klart til \u00e5 erstatte\u00a0Charles de Gaulle.<\/p>\n<p>\n        BYGGER NYTT: Det atomdrevne franske hangarskipet Charles de Gaulle skal etter planen pensjoneres og bli erstattet av et nytt hangarskip i 2038.<br \/>\n        Foto: Joeal Calupitan, AP, NTB\n    <\/p>\n<p>Den franske marinens flaggskip, det atomdrevne hangarskipet Charles de Gaulle, skal p\u00e5 sikt pensjoneres og erstattes av et nytt\u00a0hangarskip, sier president Emmanuel Macron.<\/p>\n<p>\u2013 Jeg har besluttet \u00e5 utstyre Frankrike med et nytt\u00a0hangarskip, sa Macron under et bes\u00f8k hos franske styrker i De forente arabiske emirater s\u00f8ndag.<\/p>\n<p>Beslutningen ble if\u00f8lge ham tatt denne uka og er i tr\u00e5d med det franske forsvarets langtidsprogram.<\/p>\n<p>Hangarskipet Charles de Gaulle ble bestilt i 1986, tok 15 \u00e5r \u00e5 bygge og har v\u00e6rt i tjeneste siden 2001.<\/p>\n<p>Frankrikes marineminister Catherine Vautrin skriver p\u00e5 X at det nye hangarskipet etter planen skal v\u00e6re ferdig i 2038, da Charles de Gaulle vil legge til kai for godt.<\/p>\n","protected":false},"excerpt":{"rendered":"Om tretten \u00e5r er et hangarskip klart til \u00e5 erstatte\u00a0Charles de Gaulle. BYGGER NYTT: Det atomdrevne franske hangarskipet&hellip;\n","protected":false},"author":2,"featured_media":119628,"comment_status":"","ping_status":"","sticky":false,"template":"","format":"standard","meta":{"footnotes":""},"categories":[12],"tags":[20,21,24,25,15,22,23,13,30,28,29,14,16,26,27,42,43,44,45],"class_list":{"0":"post-119627","1":"post","2":"type-post","3":"status-publish","4":"format-standard","5":"has-post-thumbnail","7":"category-verden","8":"tag-breaking-news","9":"tag-breakingnews","10":"tag-featured-news","11":"tag-featurednews","12":"tag-headlines","13":"tag-latest-news","14":"tag-latestnews","15":"tag-news","16":"tag-no","17":"tag-norge","18":"tag-norway","19":"tag-nyheter","20":"tag-overskrifter","21":"tag-top-stories","22":"tag-topstories","23":"tag-verden","24":"tag-world","25":"tag-world-news","26":"tag-worldnews"},"share_on_mastodon":{"url":"https:\/\/pubeurope.com\/@no\/115763750180297770","error":""},"_links":{"self":[{"href":"https:\/\/www.europesays.com\/no\/wp-json\/wp\/v2\/posts\/119627","targetHints":{"allow":["GET"]}}],"collection":[{"href":"https:\/\/www.europesays.com\/no\/wp-json\/wp\/v2\/posts"}],"about":[{"href":"https:\/\/www.europesays.com\/no\/wp-json\/wp\/v2\/types\/post"}],"author":[{"embeddable":true,"href":"https:\/\/www.europesays.com\/no\/wp-json\/wp\/v2\/users\/2"}],"replies":[{"embeddable":true,"href":"https:\/\/www.europesays.com\/no\/wp-json\/wp\/v2\/comments?post=119627"}],"version-history":[{"count":0,"href":"https:\/\/www.europesays.com\/no\/wp-json\/wp\/v2\/posts\/119627\/revisions"}],"wp:featuredmedia":[{"embeddable":true,"href":"https:\/\/www.europesays.com\/no\/wp-json\/wp\/v2\/media\/119628"}],"wp:attachment":[{"href":"https:\/\/www.europesays.com\/no\/wp-json\/wp\/v2\/media?parent=119627"}],"wp:term":[{"taxonomy":"category","embeddable":true,"href":"https:\/\/www.europesays.com\/no\/wp-json\/wp\/v2\/categories?post=119627"},{"taxonomy":"post_tag","embeddable":true,"href":"https:\/\/www.europesays.com\/no\/wp-json\/wp\/v2\/tags?post=119627"}],"curies":[{"name":"wp","href":"https:\/\/api.w.org\/{rel}","templated":true}]}}