{"id":119637,"date":"2025-12-22T14:57:11","date_gmt":"2025-12-22T14:57:11","guid":{"rendered":"https:\/\/www.europesays.com\/no\/119637\/"},"modified":"2025-12-22T14:57:11","modified_gmt":"2025-12-22T14:57:11","slug":"equinor-prosjekt-satt-pa-pause-i-usa","status":"publish","type":"post","link":"https:\/\/www.europesays.com\/no\/119637\/","title":{"rendered":"Equinor-prosjekt satt p\u00e5 pause i USA"},"content":{"rendered":"\n<p class=\"_lead_o9xde_2 _lead_xtcu6_50 layout-component text-serif-m layout-normal text-serif-l layout-component layout-wide layout-padded _wide_17hqh_1 layout-padded\">Equinor-prosjektet Empire Wind er blant vindkraftprosjektene som er satt p\u00e5 pause i USA, melder Fox News og nyhetsbyr\u00e5et Reuters.<\/p>\n<p><img alt=\" Foto: H\u00e5kon Mosvold Larsen \/ NTB\" class=\"_image_qp4xg_65 layout-component layout-wide\" data-fullscreen- data-track-element-type=\"Article image fullscreen\" data-track-name=\"ImageFullscreen\" fetchpriority=\"high\" decoding=\"sync\" loading=\"eager\" height=\"3544\" itemprop=\"image\"  src=\"https:\/\/www.europesays.com\/no\/wp-content\/uploads\/2025\/12\/79b64991-53c6-4045-8eae-e9744fef117d\"  style=\"object-position:0% 0%\" width=\"4725\"\/> Foto: H\u00e5kon Mosvold Larsen \/ NTB<\/p>\n<ul aria-hidden=\"true\" class=\"_images_ntbth_112\">\n<li><a class=\"_link_ntbth_117\" href=\"https:\/\/www.vg.no\/forfatter\/ntb\" style=\"z-index:1\" title=\"NTB\" rel=\"nofollow noopener\" target=\"_blank\"><img alt=\"Bilde av NTB\" class=\"_image_ntbth_93\" fetchpriority=\"low\" loading=\"lazy\" decoding=\"async\" itemprop=\"image\"  src=\"https:\/\/www.europesays.com\/no\/wp-content\/uploads\/2025\/12\/1766415431_874_c33980b0-5d07-4027-84a1-813f90a7c8d6\"  width=\"480\"\/><\/a><\/li>\n<\/ul>\n<p> Oppdatert mandag 22. desember kl. 15:09     <\/p>\n<p class=\"_paragraph_o9xde_4 _paragraph_xtcu6_10 layout-component text-serif-m layout-normal text-serif-m layout-padded\">Det var <a href=\"https:\/\/www.foxnews.com\/politics\/trump-admin-pausing-all-off-shore-wind-project-construction-due-to-national-security-concerns\" class=\"_link_o9xde_39\" rel=\"nofollow noopener\" target=\"_blank\">Fox News<\/a> som mandag meldte at amerikanske myndigheter har satt fem vindkraftprosjekter p\u00e5 pause. Begrunnelsen er knyttet til nasjonal sikkerhet.<\/p>\n<p class=\"_paragraph_o9xde_4 _paragraph_xtcu6_10 layout-component text-serif-m layout-normal text-serif-m layout-padded\">Beslutningen trer i kraft umiddelbart, if\u00f8lge innenriksminister Doug Burgum.<\/p>\n<p class=\"_paragraph_o9xde_4 _paragraph_xtcu6_10 layout-component text-serif-m layout-normal text-serif-m layout-padded\">If\u00f8lge en pressemelding vil dette gi innenriksdepartementet og forsvarsdepartementet og andre relevante myndigheter tid til \u00e5 jobbe med utbyggerne og partnere i delstatene for \u00e5 vurdere hvordan sikkerhetsrisikoene knyttet til prosjektene kan reduseres.<\/p>\n<p class=\"_paragraph_o9xde_4 _paragraph_xtcu6_10 layout-component text-serif-m layout-normal text-serif-m layout-padded\">\u2013 Den viktigste oppgaven til USAs regjeringen er \u00e5 beskytte det amerikanske folket, sier Burgum i pressemeldingen.<\/p>\n<p class=\"_paragraph_o9xde_4 _paragraph_xtcu6_10 layout-component text-serif-m layout-normal text-serif-m layout-padded\">Det er ikke klart hvilke havvindprosjekter som settes p\u00e5 pause.<\/p>\n<p class=\"_paragraph_o9xde_4 _paragraph_xtcu6_10 layout-component text-serif-m layout-normal text-serif-m layout-padded\">Equinor er blant dem som er i ferd med \u00e5 bygge ut havvind i USA, n\u00e6rmere bestemt utenfor New York.<\/p>\n<p class=\"_paragraph_o9xde_4 _paragraph_xtcu6_10 layout-component text-serif-m layout-normal text-serif-m layout-padded\">Empire Wind-prosjektet fikk lisens i 2017, og byggingen startet etter godkjenning fra amerikanske myndigheter i 2024. Prosjektet er n\u00e5 over 30 prosent ferdigstilt.<\/p>\n<p class=\"_paragraph_o9xde_4 _paragraph_xtcu6_10 layout-component text-serif-m layout-normal text-serif-m layout-padded\">I p\u00e5sken i \u00e5r fikk prosjektet stoppordre, men etter intens lobbyvirksomhet klarte selskapet \u00e5 f\u00e5 president Donald Trump og hans folk til \u00e5 snu.<\/p>\n<p class=\"_paragraph_o9xde_4 _paragraph_xtcu6_10 layout-component text-serif-m layout-normal text-serif-m layout-padded\">Det danske selskapet \u00d8rsted, som er verdens st\u00f8rste havvindutvikler, er blitt utsatt for lignende stoppordre. To av de andre prosjektene som n\u00e5 stanses, er \u00d8rsteds Revolution Wind og Sunrise Wind.<\/p>\n<p class=\"_paragraph_o9xde_4 _paragraph_xtcu6_10 layout-component text-serif-m layout-normal text-serif-m layout-padded\">I september varslet selskapet at det g\u00e5r til sak mot amerikanske myndigheter for \u00e5 kunne fullf\u00f8re en nesten ferdigstilt havvindpark utenfor Rhode Island p\u00e5 \u00f8stkysten av USA.<\/p>\n<p class=\"_paragraph_o9xde_4 _paragraph_xtcu6_10 layout-component text-serif-m layout-normal text-serif-m layout-padded\">Trump har b\u00e5de f\u00f8r og etter at han ble valgt, gjort det klart at han er motstander av fornybar energi som vindkraft. Han mener vindkraft dreper b\u00e5de fugler og hvaler og vil heller trappe opp bruken av kull og olje.<\/p>\n","protected":false},"excerpt":{"rendered":"Equinor-prosjektet Empire Wind er blant vindkraftprosjektene som er satt p\u00e5 pause i USA, melder Fox News og nyhetsbyr\u00e5et&hellip;\n","protected":false},"author":2,"featured_media":119638,"comment_status":"","ping_status":"","sticky":false,"template":"","format":"standard","meta":{"footnotes":""},"categories":[12],"tags":[20,21,24,25,15,22,23,13,30,28,29,14,16,26,27,42,43,44,45],"class_list":{"0":"post-119637","1":"post","2":"type-post","3":"status-publish","4":"format-standard","5":"has-post-thumbnail","7":"category-verden","8":"tag-breaking-news","9":"tag-breakingnews","10":"tag-featured-news","11":"tag-featurednews","12":"tag-headlines","13":"tag-latest-news","14":"tag-latestnews","15":"tag-news","16":"tag-no","17":"tag-norge","18":"tag-norway","19":"tag-nyheter","20":"tag-overskrifter","21":"tag-top-stories","22":"tag-topstories","23":"tag-verden","24":"tag-world","25":"tag-world-news","26":"tag-worldnews"},"share_on_mastodon":{"url":"https:\/\/pubeurope.com\/@no\/115763809259135157","error":""},"_links":{"self":[{"href":"https:\/\/www.europesays.com\/no\/wp-json\/wp\/v2\/posts\/119637","targetHints":{"allow":["GET"]}}],"collection":[{"href":"https:\/\/www.europesays.com\/no\/wp-json\/wp\/v2\/posts"}],"about":[{"href":"https:\/\/www.europesays.com\/no\/wp-json\/wp\/v2\/types\/post"}],"author":[{"embeddable":true,"href":"https:\/\/www.europesays.com\/no\/wp-json\/wp\/v2\/users\/2"}],"replies":[{"embeddable":true,"href":"https:\/\/www.europesays.com\/no\/wp-json\/wp\/v2\/comments?post=119637"}],"version-history":[{"count":0,"href":"https:\/\/www.europesays.com\/no\/wp-json\/wp\/v2\/posts\/119637\/revisions"}],"wp:featuredmedia":[{"embeddable":true,"href":"https:\/\/www.europesays.com\/no\/wp-json\/wp\/v2\/media\/119638"}],"wp:attachment":[{"href":"https:\/\/www.europesays.com\/no\/wp-json\/wp\/v2\/media?parent=119637"}],"wp:term":[{"taxonomy":"category","embeddable":true,"href":"https:\/\/www.europesays.com\/no\/wp-json\/wp\/v2\/categories?post=119637"},{"taxonomy":"post_tag","embeddable":true,"href":"https:\/\/www.europesays.com\/no\/wp-json\/wp\/v2\/tags?post=119637"}],"curies":[{"name":"wp","href":"https:\/\/api.w.org\/{rel}","templated":true}]}}