{"id":119662,"date":"2025-12-22T15:30:10","date_gmt":"2025-12-22T15:30:10","guid":{"rendered":"https:\/\/www.europesays.com\/no\/119662\/"},"modified":"2025-12-22T15:30:10","modified_gmt":"2025-12-22T15:30:10","slug":"partnerdrap-uutholdelig-for-meg-a-akseptere","status":"publish","type":"post","link":"https:\/\/www.europesays.com\/no\/119662\/","title":{"rendered":"Partnerdrap: \u2013 Uutholdelig for meg \u00e5 akseptere"},"content":{"rendered":"\n<p>Publisert:<br \/>\n  22. desember 2025 kl. 15:21<br \/>\n  Oppdatert:<br \/>\n  22. desember 2025 kl. 15:21\n <\/p>\n<p>Dette er et debattinnlegg. Det gir uttrykk for debattantens egen holdning.<\/p>\n<p><strong>Tusen takk til<\/strong> Tor Langbach for hans <a href=\"https:\/\/www.adressa.no\/debatt\/i\/vrQm14\/ikke-alle-kan-snakkes-til-rette\" rel=\"noopener nofollow\" target=\"_blank\">svar<\/a> p\u00e5 mitt innlegg om <a href=\"https:\/\/www.adressa.no\/debatt\/i\/43dp3g\/vi-menn-er-noedt-til-aa-se-oss-i-speilet\" rel=\"noopener nofollow\" target=\"_blank\">menn som dreper kvinner<\/a>.<\/p>\n<p>Langbach poengterer ganske riktig at mange drapsmenn er av personlighetstypen som vi gjerne omtaler som \u00abpsykopater\u00bb, og disse kan man ikke \u00absnakke til rette\u00bb. Selv ikke en fastlege er i stand til det, som Langbach presist formulerer. Jeg vil imidlertid nyansere noe av det jeg leser som en slags fatalisme i svarinnlegget.<\/p>\n<p><strong>Det nylig beg\u00e5tte<\/strong> drapet p\u00e5 L\u00f8kken er ikke ferdig etterforsket, og ingen drapsmann er d\u00f8mt. Mannen som er siktet for drapet har imidlertid drept f\u00f8r, og da med sjalusimotiv. Han har gjennomg\u00e5tt rettspsykiatriske unders\u00f8kelser som konkluderer med dyssosial og emosjonelt ustabil personlighetslidelse \u2013 en kombinasjon som gjerne kvalifiserer for det vi kaller \u00abpsykopati\u00bb i dagligtale.<\/p>\n<p>Hvis dette er drapsmannen i det aktuelle tilfellet, kan vi konkludere med at domstolene har feilet. De skulle beskyttet <a href=\"https:\/\/www.adressa.no\/nyheter\/trondelag\/i\/6qnpV8\/faar-egen-minnestein-for-oss-handler-dette-om-aa-vise-takknemlighet-og-respekt\" rel=\"noopener nofollow\" target=\"_blank\">Marita L\u00f8fshus Haugen<\/a>. Det klarte de ikke. Det ville ikke noen kamerat, eller fastlege for den del, ha gjort heller. Alts\u00e5 er jeg helt enig med Langbach her.<\/p>\n<p><a href=\"https:\/\/www.adressa.no\/debatt\/i\/43dp3g\/vi-menn-er-noedt-til-aa-se-oss-i-speilet\" rel=\"nofollow noopener\" target=\"_blank\"> <img decoding=\"async\" src=\"data:image\/gif;base64,R0lGODlhEAAJAIAAAP\/\/\/wAAACH5BAEAAAAALAAAAAAQAAkAAAIKhI+py+0Po5yUFQA7\" alt=\"\"\/>   Vi menn er n\u00f8dt til \u00e5 se oss i speilet  <\/a> <a href=\"https:\/\/www.adressa.no\/debatt\/i\/vrQm14\/ikke-alle-kan-snakkes-til-rette\" rel=\"nofollow noopener\" target=\"_blank\"> <img decoding=\"async\" src=\"data:image\/gif;base64,R0lGODlhEAAJAIAAAP\/\/\/wAAACH5BAEAAAAALAAAAAAQAAkAAAIKhI+py+0Po5yUFQA7\" alt=\"\"\/>   Ikke alle kan snakkes til rette  <\/a> <\/p>\n<p><strong>Partnerdrap er <\/strong>relativt sett dessverre s\u00e5 hyppig forekommende at VG har laget en egen <a href=\"https:\/\/www.vg.no\/spesial\/drap-norge\/partnerdrap\/\" rel=\"noopener nofollow\" target=\"_blank\">temaside<\/a> om det. I mange av tilfellene hadde drapsofrene varslet omgivelser eller politi om trusler i forkant av drapet. Noen hadde voldsalarm. Det er dermed uutholdelig for meg \u00e5 skulle akseptere at handlingsm\u00f8nsteret til gjerningspersonen, som til slutt endte med drap, ikke skulle v\u00e6re det minste formbart ved intervensjon fra omgivelsene i forkant av ugjerningen.<\/p>\n<p>Personlighetsforstyrrelsene hos gjerningspersonene, som er Langbachs anliggende, blir i hovedsak diagnostisert som f\u00f8lge av beg\u00e5tte drap. Fram til en slik alvorlig forbrytelse har disse personene h\u00e5ndtert motgang og tap gjennom livet uten \u00e5 gj\u00f8re seg til kriminelle. Det skal v\u00e6re mulig \u00e5 veilede dem til \u00e5 h\u00e5ndtere kj\u00e6rlighetssorg og sjalusi p\u00e5 samme m\u00e5te \u2013 uten at dette p\u00e5 noen m\u00e5te gj\u00f8r familie eller venner til medansvarlige.<\/p>\n<p><a href=\"https:\/\/www.adressa.no\/debatt\/i\/Gx1WP4\/vi-klarte-ikke-aa-beskytte-oss\" rel=\"nofollow noopener\" target=\"_blank\"> <img decoding=\"async\" src=\"data:image\/gif;base64,R0lGODlhEAAJAIAAAP\/\/\/wAAACH5BAEAAAAALAAAAAAQAAkAAAIKhI+py+0Po5yUFQA7\" alt=\"\"\/>   Vi klarte ikke \u00e5 beskytte oss  <\/a> <\/p>\n<p><strong>Jeg har selv jobbet<\/strong> i tungpsykiatrien, og i likhet med <a href=\"https:\/\/www.nettavisen.no\/nyheter\/profilert-rettspsykiater-dette-er-ikke-tilstrekkelig-i-noen-fa-tilfeller-blir-det-vold-og-drap\/s\/5-95-593970\" rel=\"noopener nofollow\" target=\"_blank\">Randi Rosenqvist<\/a> er jeg alvorlig bekymret for at nedbyggingen av psykisk helsevern skal f\u00f8re til flere drap beg\u00e5tt av alvorlig psykisk syke mennesker. De alvorligste personlighetsforstyrrelsene er imidlertid vanskelig behandlingsbare, selv om det nok er en utbredt misforst\u00e5else i allmuen at en psykiatrisk diagnose automatisk gj\u00f8r at kriminelle m\u00e5 f\u00f8lges opp av helsevesenet.<\/p>\n<p><strong>Det Langbach<\/strong> antyder om naivitet fra b\u00e5de psykologer og dommere i forbindelse med drap beg\u00e5tt av slike personer er utvilsomt riktig, etter min mening. Noen ganger blir personer med slike diagnoser d\u00f8mt til mildere straffer enn p\u00e5st\u00e5tt p\u00e5 grunn av god oppf\u00f8rsel i varetekt, og dermed antatte prognoser for bedring av personlighetsforstyrrelsen. I noen tilfeller kan dette v\u00e6re like naivt like naivt som om personen skulle mangle en arm, men domstolen mener denne viser tegn til \u00e5 vokse ut i fengselet.<\/p>\n<p>Det eneste man kan gj\u00f8re med enkelte slike personer er \u00e5 beskytte samfunnet mot dem \u2013 men stundom kan dette i noen grad gj\u00f8res rundt et lunsjbord eller i en garderobe, ikke i en rettssal n\u00e5r det allerede er for sent.<\/p>\n<p><strong>Hva mener du? Send inn din tekst til\u00a0<a href=\"https:\/\/www.adressa.no\/debatt\/i\/K83ME4\/mailto:debatt@adresseavisen.no\" rel=\"noopener nofollow\" target=\"_blank\">debatt@adresseavisen.no <\/a>eller delta i debatten i kommentarfeltet nederst \u2013 og husk fullt navn!<\/strong><\/p>\n","protected":false},"excerpt":{"rendered":"Publisert: 22. desember 2025 kl. 15:21 Oppdatert: 22. desember 2025 kl. 15:21 Dette er et debattinnlegg. Det gir&hellip;\n","protected":false},"author":2,"featured_media":119663,"comment_status":"","ping_status":"","sticky":false,"template":"","format":"standard","meta":{"footnotes":""},"categories":[10],"tags":[20,21,37,5293,377,24,25,15,22,23,1007,13,30,28,29,14,16,14299,14228,11633,14226,14300,26,27,11375],"class_list":{"0":"post-119662","1":"post","2":"type-post","3":"status-publish","4":"format-standard","5":"has-post-thumbnail","7":"category-norge","8":"tag-breaking-news","9":"tag-breakingnews","10":"tag-debatt","11":"tag-domstol","12":"tag-drap","13":"tag-featured-news","14":"tag-featurednews","15":"tag-headlines","16":"tag-latest-news","17":"tag-latestnews","18":"tag-menn","19":"tag-news","20":"tag-no","21":"tag-norge","22":"tag-norway","23":"tag-nyheter","24":"tag-overskrifter","25":"tag-partnerdrap","26":"tag-personlighetsforstyrrelse","27":"tag-psykisk-helsevern","28":"tag-psykopater","29":"tag-sjalusi","30":"tag-top-stories","31":"tag-topstories","32":"tag-voldsalarm"},"share_on_mastodon":{"url":"https:\/\/pubeurope.com\/@no\/115763938795043003","error":""},"_links":{"self":[{"href":"https:\/\/www.europesays.com\/no\/wp-json\/wp\/v2\/posts\/119662","targetHints":{"allow":["GET"]}}],"collection":[{"href":"https:\/\/www.europesays.com\/no\/wp-json\/wp\/v2\/posts"}],"about":[{"href":"https:\/\/www.europesays.com\/no\/wp-json\/wp\/v2\/types\/post"}],"author":[{"embeddable":true,"href":"https:\/\/www.europesays.com\/no\/wp-json\/wp\/v2\/users\/2"}],"replies":[{"embeddable":true,"href":"https:\/\/www.europesays.com\/no\/wp-json\/wp\/v2\/comments?post=119662"}],"version-history":[{"count":0,"href":"https:\/\/www.europesays.com\/no\/wp-json\/wp\/v2\/posts\/119662\/revisions"}],"wp:featuredmedia":[{"embeddable":true,"href":"https:\/\/www.europesays.com\/no\/wp-json\/wp\/v2\/media\/119663"}],"wp:attachment":[{"href":"https:\/\/www.europesays.com\/no\/wp-json\/wp\/v2\/media?parent=119662"}],"wp:term":[{"taxonomy":"category","embeddable":true,"href":"https:\/\/www.europesays.com\/no\/wp-json\/wp\/v2\/categories?post=119662"},{"taxonomy":"post_tag","embeddable":true,"href":"https:\/\/www.europesays.com\/no\/wp-json\/wp\/v2\/tags?post=119662"}],"curies":[{"name":"wp","href":"https:\/\/api.w.org\/{rel}","templated":true}]}}