{"id":119664,"date":"2025-12-22T15:32:09","date_gmt":"2025-12-22T15:32:09","guid":{"rendered":"https:\/\/www.europesays.com\/no\/119664\/"},"modified":"2025-12-22T15:32:09","modified_gmt":"2025-12-22T15:32:09","slug":"anders-besseberg-skiskying-nrk-besseberg-saken-tas-ikke-opp-i-hoyesterett","status":"publish","type":"post","link":"https:\/\/www.europesays.com\/no\/119664\/","title":{"rendered":"Anders Besseberg, Skiskying | NRK: Besseberg-saken tas ikke opp i H\u00f8yesterett"},"content":{"rendered":"\n<p>Det opplyser landets \u00f8verste domstol til <a rel=\"noopener nofollow\" href=\"https:\/\/www.nrk.no\/sport\/besseberg-saken-tas-ikke-opp-i-hoyesterett-1.17703172\" target=\"_blank\">NRK<\/a>.<\/p>\n<p>Anders Besseberg (79) ble i Borgarting lagmannsrett d\u00f8mt til fengselsstraff i tre \u00e5r for grov korrupsjon fra tiden som skiskytterpresident. I tillegg ble det besluttet inndragning av to klokker og en rekke jakttrofeer, samt et bel\u00f8p p\u00e5 rett over \u00e9n million kroner.<\/p>\n<p>Lagmannsretten kom til at Besseberg d\u00f8mmes for et noe mindre omfang enn det tingretten kom til. Besseberg anket saken til H\u00f8yesterett, men saken blir ikke tatt videre.<\/p>\n<p>\u2013 Jeg m\u00e5 si at vi er skuffet. Vi mener bestemt det er sp\u00f8rsm\u00e5l som burde v\u00e6rt avklart og som ba om avklaring ved den dommen. For eksempel tenker vi at det straffeniv\u00e5et som legges for ren sm\u00f8ring ikke kan v\u00e6re riktig. Men H\u00f8yesterett er suverene, de velger selv n\u00e5r og hvilke saker de vil avklare, sier Bessebergs forsvarer, Fredrik Berg til NRK.<\/p>\n<p>\u2013 For Besseberg er det stor skuffelse at H\u00f8yesterett ikke velger denne saken for avklaring, fortsetter forsvareren.<\/p>\n<p>Besseberg var \u00f8verste sjef i Det internasjonale skiskytterforbundet (IBU) i over 25 \u00e5r. Tiltalen var knyttet til vervet, og anklagene handlet om bestikkelser i form av tre luksusklokker, eksklusive jaktturer, samv\u00e6r med prostituerte og en leasingbil.<\/p>\n","protected":false},"excerpt":{"rendered":"Det opplyser landets \u00f8verste domstol til NRK. Anders Besseberg (79) ble i Borgarting lagmannsrett d\u00f8mt til fengselsstraff i&hellip;\n","protected":false},"author":2,"featured_media":119665,"comment_status":"","ping_status":"","sticky":false,"template":"","format":"standard","meta":{"footnotes":""},"categories":[59],"tags":[30,28,29,83,82],"class_list":{"0":"post-119664","1":"post","2":"type-post","3":"status-publish","4":"format-standard","5":"has-post-thumbnail","7":"category-sport","8":"tag-no","9":"tag-norge","10":"tag-norway","11":"tag-sport","12":"tag-sports"},"share_on_mastodon":{"url":"https:\/\/pubeurope.com\/@no\/115763946829478281","error":""},"_links":{"self":[{"href":"https:\/\/www.europesays.com\/no\/wp-json\/wp\/v2\/posts\/119664","targetHints":{"allow":["GET"]}}],"collection":[{"href":"https:\/\/www.europesays.com\/no\/wp-json\/wp\/v2\/posts"}],"about":[{"href":"https:\/\/www.europesays.com\/no\/wp-json\/wp\/v2\/types\/post"}],"author":[{"embeddable":true,"href":"https:\/\/www.europesays.com\/no\/wp-json\/wp\/v2\/users\/2"}],"replies":[{"embeddable":true,"href":"https:\/\/www.europesays.com\/no\/wp-json\/wp\/v2\/comments?post=119664"}],"version-history":[{"count":0,"href":"https:\/\/www.europesays.com\/no\/wp-json\/wp\/v2\/posts\/119664\/revisions"}],"wp:featuredmedia":[{"embeddable":true,"href":"https:\/\/www.europesays.com\/no\/wp-json\/wp\/v2\/media\/119665"}],"wp:attachment":[{"href":"https:\/\/www.europesays.com\/no\/wp-json\/wp\/v2\/media?parent=119664"}],"wp:term":[{"taxonomy":"category","embeddable":true,"href":"https:\/\/www.europesays.com\/no\/wp-json\/wp\/v2\/categories?post=119664"},{"taxonomy":"post_tag","embeddable":true,"href":"https:\/\/www.europesays.com\/no\/wp-json\/wp\/v2\/tags?post=119664"}],"curies":[{"name":"wp","href":"https:\/\/api.w.org\/{rel}","templated":true}]}}