{"id":119670,"date":"2025-12-22T15:37:12","date_gmt":"2025-12-22T15:37:12","guid":{"rendered":"https:\/\/www.europesays.com\/no\/119670\/"},"modified":"2025-12-22T15:37:12","modified_gmt":"2025-12-22T15:37:12","slug":"flam-aurland-dette-var-ei-stor-men-veldig-hyggeleg-overrasking","status":"publish","type":"post","link":"https:\/\/www.europesays.com\/no\/119670\/","title":{"rendered":"Fl\u00e5m, Aurland | \u2013 Dette var ei stor, men veldig hyggeleg overrasking"},"content":{"rendered":"\n<p>\u2013 \u00c5 n\u00e5 1 million reisande i l\u00f8pet av eitt \u00e5r er ikkje berre ein milep\u00e6l for oss, det syner ogs\u00e5 kor viktig bana er for reiselivsn\u00e6ringa p\u00e5 Vestlandet og for det norske turisttilbodet generelt, seier dagleg leiar i Fl\u00e5msbana AS, Sivert Bakk i ei pressemelding.<\/p>\n<p>S\u00f8ndag f\u00f8remiddag steig det unge ekteparet Tanisha og Mehmet Topalhasan om bord i Fl\u00e5msbana p\u00e5 Myrdal. Lite visste dei d\u00e5 at nede i Fl\u00e5m venta tilsette i Fl\u00e5msbana AS med den hyggelege overraskinga om at dei var reisande nummmer 1 million.<\/p>\n<p>\u2013 Dette var ei stor, men veldig hyggeleg overrasking for oss, seier dei i pressemeldinga.<\/p>\n<p>Sa opp jobbane<\/p>\n<p>Det unge ekteparet som er fr\u00e5 Melbourne i Australia sa opp jobbane sine, selde hus og bil for \u00e5 reisa p\u00e5 ei tidsubestemt reise rundt i verda. Tilfeldigheitane ville det slik at dei akkurat denne s\u00f8ndagen tok turen til Fl\u00e5m og Fl\u00e5msbana.<\/p>\n<p>\u2013 Noreg og spesielt Nord-Noreg og Vestlandet har alltid vore p\u00e5 \u00abbucket\u00bb- lista v\u00e5r. Me har vore seks veker i nord, der me blant anna har delteke i eitt frivilligheitsprogram og jobba for kost og losji. Me kom til Bergen for eit par dagar sidan og er no p\u00e5 dagstur til Fl\u00e5m.<\/p>\n<p>Fl\u00e5msbana er ei 20 km lang jernbanestrekning med ein h\u00f8gdeforskjell p\u00e5 865 meter og g\u00e5r fr\u00e5 Fl\u00e5m til Myrdal.<\/p>\n<p>\u2013 Me er stolte av dette resultatet og ser fram til vidare satsing for \u00e5 gi enda betre opplevingar til alle som kjem til Fl\u00e5m, seier Bakk.<\/p>\n<p>  <a href=\"https:\/\/www.sognavis.no\/5-115-1383577\" class=\"related-teaser has-image default-story-teaser article--c-eRUmMG article--c-eRUmMG-jKCPdD-design-default\" rel=\"nofollow noopener\" target=\"_blank\"><\/p>\n<p>    <img decoding=\"async\" loading=\"lazy\"  src=\"https:\/\/www.europesays.com\/no\/wp-content\/uploads\/2025\/12\/5_115_740785+Tog.jpg\" alt=\"\" class=\"brick-c-cFOWSL\" style=\"\"\/><\/p>\n<p>\n            Les ogs\u00e5<\/p>\n<p>              Ny drift av Fl\u00e5msbana\n        <\/p>\n<p>  <\/a><\/p>\n","protected":false},"excerpt":{"rendered":"\u2013 \u00c5 n\u00e5 1 million reisande i l\u00f8pet av eitt \u00e5r er ikkje berre ein milep\u00e6l for oss,&hellip;\n","protected":false},"author":2,"featured_media":119671,"comment_status":"","ping_status":"","sticky":false,"template":"","format":"standard","meta":{"footnotes":""},"categories":[10],"tags":[36,928,20,21,24,25,929,14302,15,22,23,13,30,28,29,14,16,1510,26,27,3363],"class_list":{"0":"post-119670","1":"post","2":"type-post","3":"status-publish","4":"format-standard","5":"has-post-thumbnail","7":"category-norge","8":"tag-art","9":"tag-aurland","10":"tag-breaking-news","11":"tag-breakingnews","12":"tag-featured-news","13":"tag-featurednews","14":"tag-flam","15":"tag-flamsbana","16":"tag-headlines","17":"tag-latest-news","18":"tag-latestnews","19":"tag-news","20":"tag-no","21":"tag-norge","22":"tag-norway","23":"tag-nyheter","24":"tag-overskrifter","25":"tag-story","26":"tag-top-stories","27":"tag-topstories","28":"tag-turisme"},"share_on_mastodon":{"url":"https:\/\/pubeurope.com\/@no\/115763966521946743","error":""},"_links":{"self":[{"href":"https:\/\/www.europesays.com\/no\/wp-json\/wp\/v2\/posts\/119670","targetHints":{"allow":["GET"]}}],"collection":[{"href":"https:\/\/www.europesays.com\/no\/wp-json\/wp\/v2\/posts"}],"about":[{"href":"https:\/\/www.europesays.com\/no\/wp-json\/wp\/v2\/types\/post"}],"author":[{"embeddable":true,"href":"https:\/\/www.europesays.com\/no\/wp-json\/wp\/v2\/users\/2"}],"replies":[{"embeddable":true,"href":"https:\/\/www.europesays.com\/no\/wp-json\/wp\/v2\/comments?post=119670"}],"version-history":[{"count":0,"href":"https:\/\/www.europesays.com\/no\/wp-json\/wp\/v2\/posts\/119670\/revisions"}],"wp:featuredmedia":[{"embeddable":true,"href":"https:\/\/www.europesays.com\/no\/wp-json\/wp\/v2\/media\/119671"}],"wp:attachment":[{"href":"https:\/\/www.europesays.com\/no\/wp-json\/wp\/v2\/media?parent=119670"}],"wp:term":[{"taxonomy":"category","embeddable":true,"href":"https:\/\/www.europesays.com\/no\/wp-json\/wp\/v2\/categories?post=119670"},{"taxonomy":"post_tag","embeddable":true,"href":"https:\/\/www.europesays.com\/no\/wp-json\/wp\/v2\/tags?post=119670"}],"curies":[{"name":"wp","href":"https:\/\/api.w.org\/{rel}","templated":true}]}}