{"id":119675,"date":"2025-12-22T15:47:33","date_gmt":"2025-12-22T15:47:33","guid":{"rendered":"https:\/\/www.europesays.com\/no\/119675\/"},"modified":"2025-12-22T15:47:33","modified_gmt":"2025-12-22T15:47:33","slug":"prins-joachim-og-familien-deler-koselige-julebilder","status":"publish","type":"post","link":"https:\/\/www.europesays.com\/no\/119675\/","title":{"rendered":"Prins Joachim og familien deler koselige julebilder"},"content":{"rendered":"<p class=\"kicker \" style=\"\">Det danske kongehuset:<\/p>\n<p>  Det danske kongehuset deler koselige julebilder fra over dammen.<\/p>\n<p>\n    DELER NYE BILDER: Prins Joachim og familien deler koselige familiebilder fra Washington D.C. Foto: Mads Claus Rasmussen, Ritzau Scanpix \/ NTB\n  <\/p>\n<p>Det danske kongehuset byr p\u00e5 julestemning med nye, private julebilder av prins Joachim (56), prinsesse Marie (49) og barna deres.\u00a0<\/p>\n<p class=\"font-weight-bold m-font-weight-bold\" data-lab-font_weight=\"font-weight-bold\">\u00abEn julehilsen fra Washington D.C.\u00bb, skriver de p\u00e5 <a href=\"https:\/\/www.instagram.com\/p\/DSamY8vgP2h\/?img_index=1\" rel=\"nofollow noopener\" target=\"_blank\">Instagram<\/a>.<\/p>\n<p>    <a itemprop=\"url\" href=\"https:\/\/www.seher.no\/kjendis\/ydmykende-for-oss-alle\/80166644\" rel=\"nofollow noopener\" target=\"_blank\"><\/p>\n<p>        <img loading=\"lazy\" decoding=\"async\" src=\"https:\/\/www.europesays.com\/no\/wp-content\/uploads\/2025\/12\/80166151.webp\" width=\"147\" height=\"98\" title=\"- Ydmykende for oss alle\" alt=\"\" class=\"lazyload\" style=\"--aspect-ratio-image: 1.50; \"\/><\/p>\n<p>        &#8211; Ydmykende for oss alle<\/p>\n<p>    <\/a><\/p>\n<p>P\u00e5 ett av bildene smiler prinsen bredt med nisselue p\u00e5 hodet, mens familiens firbente venn har f\u00e5tt en r\u00f8d sl\u00f8yfe rundt halsen.<\/p>\n<p>        <img loading=\"lazy\" decoding=\"async\" src=\"https:\/\/www.europesays.com\/no\/wp-content\/uploads\/2025\/12\/84008779.webp\" width=\"667\" height=\"774\" title=\"MATCHER: Prinsen og hunden matcher i r\u00f8dt juletilbeh\u00f8r. Foto: Instagram @detdanskekongehus\" alt=\"\" class=\"\" style=\"--aspect-ratio-image: 0.86; \"\/><\/p>\n<p>\n        MATCHER: Prinsen og hunden matcher i r\u00f8dt juletilbeh\u00f8r. Foto: Instagram @detdanskekongehus\n    <\/p>\n<p>I motsetning til oss her til lands, ser det ut til at de danske h\u00f8yhetene f\u00e5r en hvit jul i De forente statene.\u00a0<\/p>\n<p>Komtesse Athena (13) smiler bredt i sn\u00f8hvit genser, jakke og skjerf.<\/p>\n<p>        <img loading=\"lazy\" decoding=\"async\" src=\"https:\/\/www.europesays.com\/no\/wp-content\/uploads\/2025\/12\/84008782.webp\" width=\"686\" height=\"735\" title=\"HVIT JUL: Komtesse Athena koser seg i sn\u00f8en. Foto: Instagram @detdanskekongehus\" alt=\"\" class=\"\" style=\"--aspect-ratio-image: 0.93; \"\/><\/p>\n<p>\n        HVIT JUL: Komtesse Athena koser seg i sn\u00f8en. Foto: Instagram @detdanskekongehus\n    <\/p>\n<p>Prinsesse Marie har nettopp tatt en gyllen ribbe med spr\u00f8stekt svor ut av ovnen.\u00a0<\/p>\n<p>        <img loading=\"lazy\" decoding=\"async\" src=\"https:\/\/www.europesays.com\/no\/wp-content\/uploads\/2025\/12\/84008786.webp\" width=\"686\" height=\"741\" title=\"JULERIBBE: Prinsesse Marie st\u00e5r p\u00e5 kj\u00f8kkenet i julete flanell. Foto: Instagram @detdanskekongehus\" alt=\"\" class=\"\" style=\"--aspect-ratio-image: 0.93; \"\/><\/p>\n<p>\n        JULERIBBE: Prinsesse Marie st\u00e5r p\u00e5 kj\u00f8kkenet i julete flanell. Foto: Instagram @detdanskekongehus\n    <\/p>\n<p>Komtesse Athena og grev Henrik (16) pynter pappa med nisselue, og hunden med en r\u00f8d sl\u00f8yfe p\u00e5 halsb\u00e5ndet.<\/p>\n<p>        <img loading=\"lazy\" decoding=\"async\" src=\"https:\/\/www.europesays.com\/no\/wp-content\/uploads\/2025\/12\/84009032.webp\" width=\"667\" height=\"814\" title=\"PYNT: Barna pynter opp familien til jul. Foto: Instagram @detdanskekongehus\" alt=\"\" class=\"\" style=\"--aspect-ratio-image: 0.82; \"\/><\/p>\n<p>\n        PYNT: Barna pynter opp familien til jul. Foto: Instagram @detdanskekongehus\n    <\/p>\n<p>I 2023 flyttet\u00a0<a href=\"https:\/\/www.seher.no\/kongelig\/flytter-til-usa-etter-sjokkbeslutningen\/77896855\" rel=\"nofollow noopener\" target=\"_blank\">prins Joachim og prinsesse Marie <\/a>til USA, fordi prinsen hadde f\u00e5tt jobb ved den danske ambassaden i Washington D.C.\u00a0<\/p>\n<p>Prinsen har tidligere snakket om at han har hjemlengsel, til tross for <a href=\"https:\/\/www.seher.no\/kongelig\/far-ikke-flytte-hjem\/83691565\" target=\"_blank\" rel=\"nofollow noopener\">familiedramaet som har foreg\u00e5tt hjemme i Danmark<\/a>.\u00a0<\/p>\n<p>        SLIK VAR \u00c5RET: 2025 var preget av offisielle oppdrag, utfordringer og store overskrifter. Reporter: Caroline Vagle. Video: Kine Falch<\/p>\n<p>Tidligere i h\u00f8st kom likevel beskjeden om at prinsens kontrakt var blitt forlenget, og at han m\u00e5 bli i Washington til h\u00f8sten 2027.\u00a0<\/p>\n<p>Beskjeden ble sendt ut av det danske Forsvarsministeriet, og videreformidlet av kongehuset. <\/p>\n<p><script async src=\"\/\/www.instagram.com\/embed.js\"><\/script><\/p>\n","protected":false},"excerpt":{"rendered":"Det danske kongehuset: Det danske kongehuset deler koselige julebilder fra over dammen. DELER NYE BILDER: Prins Joachim og&hellip;\n","protected":false},"author":2,"featured_media":119676,"comment_status":"","ping_status":"","sticky":false,"template":"","format":"standard","meta":{"footnotes":""},"categories":[12],"tags":[20,21,5816,24,25,14303,15,2543,14304,76,22,23,13,30,28,29,14,16,7331,7560,26,27,42,43,44,45],"class_list":{"0":"post-119675","1":"post","2":"type-post","3":"status-publish","4":"format-standard","5":"has-post-thumbnail","7":"category-verden","8":"tag-breaking-news","9":"tag-breakingnews","10":"tag-det-danske-kongehuset","11":"tag-featured-news","12":"tag-featurednews","13":"tag-grev-henrik","14":"tag-headlines","15":"tag-kjendisdesken","16":"tag-komtesse-athena","17":"tag-kongelig","18":"tag-latest-news","19":"tag-latestnews","20":"tag-news","21":"tag-no","22":"tag-norge","23":"tag-norway","24":"tag-nyheter","25":"tag-overskrifter","26":"tag-prins-joachim","27":"tag-prinsesse-marie","28":"tag-top-stories","29":"tag-topstories","30":"tag-verden","31":"tag-world","32":"tag-world-news","33":"tag-worldnews"},"share_on_mastodon":{"url":"https:\/\/pubeurope.com\/@no\/115764005989532163","error":""},"_links":{"self":[{"href":"https:\/\/www.europesays.com\/no\/wp-json\/wp\/v2\/posts\/119675","targetHints":{"allow":["GET"]}}],"collection":[{"href":"https:\/\/www.europesays.com\/no\/wp-json\/wp\/v2\/posts"}],"about":[{"href":"https:\/\/www.europesays.com\/no\/wp-json\/wp\/v2\/types\/post"}],"author":[{"embeddable":true,"href":"https:\/\/www.europesays.com\/no\/wp-json\/wp\/v2\/users\/2"}],"replies":[{"embeddable":true,"href":"https:\/\/www.europesays.com\/no\/wp-json\/wp\/v2\/comments?post=119675"}],"version-history":[{"count":0,"href":"https:\/\/www.europesays.com\/no\/wp-json\/wp\/v2\/posts\/119675\/revisions"}],"wp:featuredmedia":[{"embeddable":true,"href":"https:\/\/www.europesays.com\/no\/wp-json\/wp\/v2\/media\/119676"}],"wp:attachment":[{"href":"https:\/\/www.europesays.com\/no\/wp-json\/wp\/v2\/media?parent=119675"}],"wp:term":[{"taxonomy":"category","embeddable":true,"href":"https:\/\/www.europesays.com\/no\/wp-json\/wp\/v2\/categories?post=119675"},{"taxonomy":"post_tag","embeddable":true,"href":"https:\/\/www.europesays.com\/no\/wp-json\/wp\/v2\/tags?post=119675"}],"curies":[{"name":"wp","href":"https:\/\/api.w.org\/{rel}","templated":true}]}}