{"id":119685,"date":"2025-12-22T15:54:18","date_gmt":"2025-12-22T15:54:18","guid":{"rendered":"https:\/\/www.europesays.com\/no\/119685\/"},"modified":"2025-12-22T15:54:18","modified_gmt":"2025-12-22T15:54:18","slug":"iran-ud-ud-norsk-borger-arrestert-i-iran","status":"publish","type":"post","link":"https:\/\/www.europesays.com\/no\/119685\/","title":{"rendered":"Iran, Ud | UD: Norsk borger arrestert i Iran"},"content":{"rendered":"\n<p>En norsk borger er arrestert i Iran, bekrefter utenriksdepartementet (UD), som sier det er vanskelig for ambassaden \u00e5 hjelpe norskiranere som fengsles i Iran.<\/p>\n<p>\u2013 Utenriksdepartementet er kjent med at en norsk borger er arrestert i Iran, men p\u00e5 grunn av taushetsplikt kan vi ikke gi flere detaljer, skriver pressetalsperson Mathias Rongved i UD i en epost til NTB.<\/p>\n<p>De p\u00e5peker at Iran ikke anerkjenner dobbelt statsborgerskap, og vilk\u00e5rlige arrestasjoner forekommer.<\/p>\n<p>\u2013 Det er derfor vanskelig for ambassaden \u00e5 hjelpe norsk-iranske statsborgere som fengsles i Iran. Utenriksdepartementet frar\u00e5der reiser til Iran, skriver han.<\/p>\n<p>If\u00f8lge HRANA, en nyhetstjeneste drevet av en gruppe iranske aktivister basert i USA, er det snakk om en kvinne i 40-\u00e5rene. <\/p>\n<p>Hun ble p\u00e5grepet s\u00f8ndag 14. desember, if\u00f8lge HRANA.<\/p>\n<p>\u2013 Familien hennes har hittil ikke blitt gitt noen informasjon om anklagene mot henne. Familien har verken f\u00e5tt info om \u00e5rsaken til arrestasjonen, helsetilstanden hennes eller status i saken, skriver HRANA.<\/p>\n<p>(\u00a9NTB)<\/p>\n","protected":false},"excerpt":{"rendered":"En norsk borger er arrestert i Iran, bekrefter utenriksdepartementet (UD), som sier det er vanskelig for ambassaden \u00e5&hellip;\n","protected":false},"author":2,"featured_media":3844,"comment_status":"","ping_status":"","sticky":false,"template":"","format":"standard","meta":{"footnotes":""},"categories":[12],"tags":[20,21,24,25,15,22,23,13,30,28,29,14,16,26,27,42,43,44,45],"class_list":{"0":"post-119685","1":"post","2":"type-post","3":"status-publish","4":"format-standard","5":"has-post-thumbnail","7":"category-verden","8":"tag-breaking-news","9":"tag-breakingnews","10":"tag-featured-news","11":"tag-featurednews","12":"tag-headlines","13":"tag-latest-news","14":"tag-latestnews","15":"tag-news","16":"tag-no","17":"tag-norge","18":"tag-norway","19":"tag-nyheter","20":"tag-overskrifter","21":"tag-top-stories","22":"tag-topstories","23":"tag-verden","24":"tag-world","25":"tag-world-news","26":"tag-worldnews"},"share_on_mastodon":{"url":"https:\/\/pubeurope.com\/@no\/115764033333131915","error":""},"_links":{"self":[{"href":"https:\/\/www.europesays.com\/no\/wp-json\/wp\/v2\/posts\/119685","targetHints":{"allow":["GET"]}}],"collection":[{"href":"https:\/\/www.europesays.com\/no\/wp-json\/wp\/v2\/posts"}],"about":[{"href":"https:\/\/www.europesays.com\/no\/wp-json\/wp\/v2\/types\/post"}],"author":[{"embeddable":true,"href":"https:\/\/www.europesays.com\/no\/wp-json\/wp\/v2\/users\/2"}],"replies":[{"embeddable":true,"href":"https:\/\/www.europesays.com\/no\/wp-json\/wp\/v2\/comments?post=119685"}],"version-history":[{"count":0,"href":"https:\/\/www.europesays.com\/no\/wp-json\/wp\/v2\/posts\/119685\/revisions"}],"wp:featuredmedia":[{"embeddable":true,"href":"https:\/\/www.europesays.com\/no\/wp-json\/wp\/v2\/media\/3844"}],"wp:attachment":[{"href":"https:\/\/www.europesays.com\/no\/wp-json\/wp\/v2\/media?parent=119685"}],"wp:term":[{"taxonomy":"category","embeddable":true,"href":"https:\/\/www.europesays.com\/no\/wp-json\/wp\/v2\/categories?post=119685"},{"taxonomy":"post_tag","embeddable":true,"href":"https:\/\/www.europesays.com\/no\/wp-json\/wp\/v2\/tags?post=119685"}],"curies":[{"name":"wp","href":"https:\/\/api.w.org\/{rel}","templated":true}]}}