{"id":119688,"date":"2025-12-22T15:56:44","date_gmt":"2025-12-22T15:56:44","guid":{"rendered":"https:\/\/www.europesays.com\/no\/119688\/"},"modified":"2025-12-22T15:56:44","modified_gmt":"2025-12-22T15:56:44","slug":"epsteins-forbudte-tempel-aldri-sett-for","status":"publish","type":"post","link":"https:\/\/www.europesays.com\/no\/119688\/","title":{"rendered":"Epsteins forbudte tempel: Aldri sett f\u00f8r"},"content":{"rendered":"<p>&#8211; Dette viser at Trump mener alvor med \u00e5 ta Gr\u00f8nland fra Danmark. Det er dypt bekymringsverdig &#8211; for Danmark og hele Europa, sier Eirik L\u00f8kke, USA-ekspert og r\u00e5dgiver i tankesmien Civita, til Dagbladet.<\/p>\n<p>USAs president Donald Trump har v\u00e6rt tydelig p\u00e5 at han \u00f8nsker Gr\u00f8nland l\u00f8srevet fra det danske territoriet og innlemmet i USA. F\u00e5 timer etter utnevnelsen var ogs\u00e5 spesialutsendingen, Louisiana-guvern\u00f8r Jeff Landry, klokkeklar:<\/p>\n<p>\u00abDet er en \u00e6re \u00e5 tjene deg [president Donald Trump] i denne ul\u00f8nnede stillingen for \u00e5 gj\u00f8re\u00a0Gr\u00f8nland\u00a0til en del av USA\u00bb, <a href=\"https:\/\/www.dagbladet.no\/nyheter\/trump-tar-gronland-grep-utnevner-spesialutsending\/84018225\" rel=\"nofollow noopener\" target=\"_blank\">skrev han i en melding p\u00e5 X<\/a>.<\/p>\n<p>        <img loading=\"lazy\" decoding=\"async\" itemprop=\"image\" src=\"https:\/\/www.europesays.com\/no\/wp-content\/uploads\/2025\/12\/1766418996_867_84019991.webp\" width=\"180\" height=\"180\" alt=\"Eirik L\u00f8kke\"\/><\/p>\n<p>            Eirik L\u00f8kke<br \/>\n            Eirik<br \/>\n            L\u00f8kke        <\/p>\n<p>USA-ekspert og r\u00e5dgiver i tankesmien Civita<\/p>\n<p>Venter sterk reasjon  <\/p>\n<p>L\u00f8kke p\u00e5peker at Danmark har v\u00e6rt veldig lojal i samarbeidet med USA og at dette er et stort problem for Danmark.\u00a0<\/p>\n<p class=\"font-weight-bold m-font-weight-bold\" data-lab-font_weight=\"font-weight-bold\">&#8211; Det kommer ventelig en sterk reaksjon fra Danmark. Og det er forst\u00e5elig. Hvis USA vil invadere Gr\u00f8nland milit\u00e6rt, er det slutten p\u00e5 Nato, sier han.<\/p>\n<p>USA-ekspert og professor ved H\u00f8gskulen p\u00e5 Vestlandet, Hilmar Mjelde, er enig med L\u00f8kke: Utviklingen er et tydelig tegn fra den amerikanske presidenten.<\/p>\n<p>        USAs visepresident J.D. Vance og kona har landet p\u00e5 gr\u00f8nlandsk jord. &#8211; Jeg er glad for \u00e5 v\u00e6re her, sa han idet han ankom basen. Video: AP \/ Reuters<\/p>\n<p>&#8211; Danmark satte med god grunn USA p\u00e5 listen over trusler mot nasjonal sikkerhet. Utnevnelsen er en tilspissing av situasjonen. Det beviser at snakket om \u00e5 overta Gr\u00f8nland ikke er bare er ord fra Trump, men noe USA tar konkrete skritt i retning mot, sier Mjelde til Dagbladet.\u00a0<\/p>\n<p>Han tror imidlertid ikke at dette er et signal om at Trump n\u00e5 vil benytte hardere metoder &#8211; og mener det er ganske sikkert at den amerikanske presidenten ikke har bestemt seg for hva &#8211; om noe &#8211; han vil gj\u00f8re med Gr\u00f8nland.<\/p>\n<p>&#8211; Trump tar ofte konkrete steg uten noen overordnet strategi eller klar m\u00e5lsetning, sier han og viser til den p\u00e5g\u00e5ende situasjonen i Venezuela.<\/p>\n<p>        <img loading=\"lazy\" decoding=\"async\" itemprop=\"image\" src=\"https:\/\/www.europesays.com\/no\/wp-content\/uploads\/2025\/12\/1766418998_773_84019993.webp\" width=\"180\" height=\"180\" alt=\"Hilmar Mjelde\"\/><\/p>\n<p>            Hilmar Mjelde<br \/>\n            Hilmar<br \/>\n            Mjelde        <\/p>\n<p>USA-ekspert og professor ved H\u00f8gskulen p\u00e5 Vestlandet<\/p>\n<p>Overrasket over valget<\/p>\n<p>Mjelde stusser over at valget landet p\u00e5\u00a0Louisiana-guvern\u00f8r Jeff Landry.<\/p>\n<p>&#8211; Jeg syns han er et veldig underlig valg, og det er veldig uklart hva Trump tenker han kan bidra med. Han er ikke en person Trump har hatt noe spesielt forhold til &#8211; hvertfall ikke som har v\u00e6rt offentlig kjent, sier han og fortsetter:\u00a0<\/p>\n<p>&#8211; Sannsynligvis er han for perifer fra den indre kretsen i Trump-administrasjonen til \u00e5 f\u00e5 s\u00e6rlig innflytelse. Vi har sett at Trumps Ukraina-utsending, Keith Kellogg, har v\u00e6rt en ubetydelig figur.<\/p>\n<p class=\"italic m-italic\" data-lab-italic=\"italic\">&#8211; Hvor utfordrende vil det bli for Danmark \u00e5 forholde seg til den nye spesialutsendingen? <\/p>\n<p>&#8211; Danmark m\u00e5 finne ut om han er en de kan ha en dialog med. Han er et overraskende valg, fordi guvern\u00f8rer har vanligvis ikke noen rolle i utenrikspolitikk. Danmark vet neppe mye om ham.<\/p>\n<p>        <img loading=\"lazy\" decoding=\"async\" src=\"https:\/\/www.europesays.com\/no\/wp-content\/uploads\/2025\/12\/1766419000_51_84020050.webp\" width=\"686\" height=\"392\" title=\"DANSK: Gr\u00f8nland er en del av Kongeriket Danmark. Her er et dansk marinefart\u00f8y avbildet utenfor Gr\u00f8nlands hovedstad Nuuk i mars. Foto: Odd Andersen\/ AFP\/NTB\" alt=\"\" class=\"\" style=\"--aspect-ratio-image: 1.75; \"\/><\/p>\n<p>\n        DANSK: Gr\u00f8nland er en del av Kongeriket Danmark. Her er et dansk marinefart\u00f8y avbildet utenfor Gr\u00f8nlands hovedstad Nuuk i mars. Foto: Odd Andersen\/ AFP\/NTB\n    <\/p>\n<p>Ekspert: Dette er viktig n\u00e5<\/p>\n<p> Norges utenriksminister, Espen Barth Eide (Ap), er overfor Dagbladet tydelig p\u00e5 at Gr\u00f8nland tilh\u00f8rer Danmark &#8211; og at Norge st\u00f8tter danskene fullt ut i denne saken.<\/p>\n<p>Og nettopp det er viktig n\u00e5: Europa m\u00e5 st\u00e5 samlet bak Danmark &#8211; sammen &#8211; og viser at de kan\u00a0drive\u00a0sikkerhetspolitikk, ikke bare reagere p\u00e5 Trumps utspill,\u00a0mener professor i sikkerhetsstudier og geopolitikk ved Universitetet i Troms\u00f8, Gunhild Hoogensen Gj\u00f8rv.<\/p>\n<p>&#8211; Europa er ikke vant til \u00e5 st\u00e5 alene. De er vant til \u00e5 lene seg p\u00e5 USA, sier hun til Dagbladet.\u00a0<\/p>\n<p>        <img loading=\"lazy\" decoding=\"async\" itemprop=\"image\" src=\"https:\/\/www.europesays.com\/no\/wp-content\/uploads\/2025\/12\/1766419002_343_84019992.webp\" width=\"180\" height=\"180\" alt=\"Gunhild Hoogensen Gj\u00f8rv\"\/><\/p>\n<p>            Gunhild Hoogensen Gj\u00f8rv<br \/>\n            Gunhild<br \/>\n            Hoogensen Gj\u00f8rv        <\/p>\n<p>Professor i sikkerhetsstudier og geopolitikk ved Universitetet i Troms\u00f8<\/p>\n<p>Hun er ikke overrasket over Trumps siste utspill om Gr\u00f8nland, men understreker at det likevel er bekymringsfullt, b\u00e5de for Gr\u00f8nland, Danmark, Europa og Canada &#8211; som Trump tidligere har ytret et \u00f8nske om \u00e5 innlemme i USA.<\/p>\n<p>&#8211; Dette viser jo at USA ikke syns Europa er noe viktig. Vi m\u00e5 vise at vi kan handle uten USA, selv om Europa vil fortsette \u00e5 samarbeide med USA i den grad at det lar seg gj\u00f8re. Vi m\u00e5 slutte \u00e5 krysse fingre og tro at \u00abdette g\u00e5r over\u00bb. Vi m\u00e5 vise oss sterkere enn vi har klart \u00e5 gj\u00f8re fram til n\u00e5. Og vi m\u00e5 vise at ogs\u00e5 Europa er viktig for USA, p\u00e5peker hun.<\/p>\n<p>Gj\u00f8rv tror imidlertid at nyheten tas godt imot av Russland.<\/p>\n<p class=\"font-weight-bold m-font-weight-bold\" data-lab-font_weight=\"font-weight-bold\">&#8211; N\u00e5 tror jeg Putin gliser bredt. Dette skaper styr og usikkerhet blant medlemmene i Nato. Europas sikkerhet er i spill. Putin liker splittelse, sier hun og understreker at hun ikke tror at det vil g\u00e5 s\u00e5 langt som en amerikansk, milit\u00e6r intervensjon p\u00e5 Gr\u00f8nland, slik Trump tidligere har truet med.\u00a0<\/p>\n<p>        <img loading=\"lazy\" decoding=\"async\" src=\"https:\/\/www.europesays.com\/no\/wp-content\/uploads\/2025\/12\/1766419004_726_84020060.webp\" width=\"686\" height=\"460\" title=\"FORN\u00d8YD? Gunhild Hoogensen Gj\u00f8rv tror den russiske presidenten er forn\u00f8yd med Trumps siste trekk. Her er de to avbildet sammen ved en tidligere anledning. Foto: Kreml \/ NTB\" alt=\"\" class=\"\" style=\"--aspect-ratio-image: 1.49; \"\/><\/p>\n<p>\n        FORN\u00d8YD? Gunhild Hoogensen Gj\u00f8rv tror den russiske presidenten er forn\u00f8yd med Trumps siste trekk. Her er de to avbildet sammen ved en tidligere anledning. Foto: Kreml \/ NTB\n    <\/p>\n<p>Hva skjer med Norge?  <\/p>\n<p>Gr\u00f8nland har\u00a0<a href=\"https:\/\/www.dagbladet.no\/nyheter\/reagerer-ikke-rettferdig\/82896308\" rel=\"nofollow noopener\" target=\"_blank\">stor strategisk og sikkerhetspolitisk betydning<\/a>\u00a0for b\u00e5de Nato og USA. Mjelde mener imidlertid at Trump ikke bryr seg s\u00e5 mye om akkurat\u00a0det.<\/p>\n<p>&#8211; Han tenker ikke p\u00e5 den m\u00e5ten. For Trump handler utenrikspolitikk om materielle transaksjoner. Han vil ha landarealet fordi det har verdifulle naturressurser, sier han.<\/p>\n<p>I januar \u00e5pnet den amerikanske presidenten for mulig milit\u00e6r maktbruk for \u00e5 ta kontroll over Gr\u00f8nland, noe som skapte sterke reaksjoner. Professor i statsvitenskap ved Universitetet i Oslo, Tore Wig, ytret den gang\u00a0<a href=\"https:\/\/www.dagbladet.no\/nyheter\/en-sikkerhetsrisiko-for-norge\/82483661\" rel=\"nofollow noopener\" target=\"_blank\">en bekymring for at Trump ville tenke det samme om Svalbard<\/a>.<\/p>\n<p>Civita-r\u00e5dgiver L\u00f8kke tror ikke USAs spesialutsending til Gr\u00f8nland inneb\u00e6rer en umiddelbar fare for Norge og Svalbard.<\/p>\n<p>&#8211; Men det er klart at med den mangelen p\u00e5 forst\u00e5else for internasjonal rett, for folkeretten og hvordan men behandler en alliert og alliert suverenitet &#8211; s\u00e5 m\u00e5 man v\u00e6re obs!, sier han.<\/p>\n<p>Heller ikke Gj\u00f8rv tror at det som n\u00e5 skjer vil f\u00f8re til amerikansk aggresjon ogs\u00e5 overfor Svalbard. Men hun mener at ogs\u00e5 Russland kan komme til \u00e5 legge enda mer press overfor Svalbard, der Russland har vist at de har interesser.<\/p>\n","protected":false},"excerpt":{"rendered":"&#8211; Dette viser at Trump mener alvor med \u00e5 ta Gr\u00f8nland fra Danmark. Det er dypt bekymringsverdig &#8211;&hellip;\n","protected":false},"author":2,"featured_media":119689,"comment_status":"","ping_status":"","sticky":false,"template":"","format":"standard","meta":{"footnotes":""},"categories":[5],"tags":[20,21,24,25,15,19,22,23,17,18,13,30,28,29,14,16,26,27,412],"class_list":{"0":"post-119688","1":"post","2":"type-post","3":"status-publish","4":"format-standard","5":"has-post-thumbnail","7":"category-overskrifter","8":"tag-breaking-news","9":"tag-breakingnews","10":"tag-featured-news","11":"tag-featurednews","12":"tag-headlines","13":"tag-hovedoppslag","14":"tag-latest-news","15":"tag-latestnews","16":"tag-main-news","17":"tag-mainnews","18":"tag-news","19":"tag-no","20":"tag-norge","21":"tag-norway","22":"tag-nyheter","23":"tag-overskrifter","24":"tag-top-stories","25":"tag-topstories","26":"tag-utenriks"},"share_on_mastodon":{"url":"https:\/\/pubeurope.com\/@no\/115764045229349858","error":""},"_links":{"self":[{"href":"https:\/\/www.europesays.com\/no\/wp-json\/wp\/v2\/posts\/119688","targetHints":{"allow":["GET"]}}],"collection":[{"href":"https:\/\/www.europesays.com\/no\/wp-json\/wp\/v2\/posts"}],"about":[{"href":"https:\/\/www.europesays.com\/no\/wp-json\/wp\/v2\/types\/post"}],"author":[{"embeddable":true,"href":"https:\/\/www.europesays.com\/no\/wp-json\/wp\/v2\/users\/2"}],"replies":[{"embeddable":true,"href":"https:\/\/www.europesays.com\/no\/wp-json\/wp\/v2\/comments?post=119688"}],"version-history":[{"count":0,"href":"https:\/\/www.europesays.com\/no\/wp-json\/wp\/v2\/posts\/119688\/revisions"}],"wp:featuredmedia":[{"embeddable":true,"href":"https:\/\/www.europesays.com\/no\/wp-json\/wp\/v2\/media\/119689"}],"wp:attachment":[{"href":"https:\/\/www.europesays.com\/no\/wp-json\/wp\/v2\/media?parent=119688"}],"wp:term":[{"taxonomy":"category","embeddable":true,"href":"https:\/\/www.europesays.com\/no\/wp-json\/wp\/v2\/categories?post=119688"},{"taxonomy":"post_tag","embeddable":true,"href":"https:\/\/www.europesays.com\/no\/wp-json\/wp\/v2\/tags?post=119688"}],"curies":[{"name":"wp","href":"https:\/\/api.w.org\/{rel}","templated":true}]}}